{"id":118975,"date":"2026-05-01T08:44:53","date_gmt":"2026-05-01T06:44:53","guid":{"rendered":"https:\/\/www.vorspeisenplatte.de\/speisen\/?p=118975"},"modified":"2026-05-01T08:44:53","modified_gmt":"2026-05-01T06:44:53","slug":"journal-donnerstag-30-april-2026-was-ich-zum-hausarzt-sagte-vorgezogenes-wochenende","status":"publish","type":"post","link":"https:\/\/www.vorspeisenplatte.de\/speisen\/2026\/05\/journal-donnerstag-30-april-2026-was-ich-zum-hausarzt-sagte-vorgezogenes-wochenende.htm","title":{"rendered":"Journal Donnerstag, 30. April 2026 &#8211; Was ich zum Hausarzt sagte \/ Vorgezogenes Wochenende"},"content":{"rendered":"<p>&#8220;WAS?&#8221;<\/p>\n<p>Na kommSe: Der neue Hausarzt hatte das Diagnosegespr\u00e4ch von Anfang an sehr launig gef\u00fchrt (Rheinlandverdacht), da gab es doch wohl nur eine m\u00f6gliche Reaktion auf die Frage, ob meine Zahn-Gesichts-Schmerzen auch mein Geh\u00f6r beeintr\u00e4chtigen.<\/p>\n<p>Arzt fiel drauf rein, setzte bereits zum Wiederholen der Frage an, lachte dann und meinte, normalerweise mache ja er den. (Aber er sah ein, dass man den nicht auslassen konnte.)<br \/>\nZu diesem Zeitpunkt hatte ich ihn bereits beruhigt, dass ich keine Spontanheilung erwartete, und er wusste von den beiden ergebnislosen Untersuchungen meiner Zahn\u00e4rztin. Ergebnis des gestriegen Termins: Erstmal \u00dcberweisung zur Neurologie, Herr Hausarzt legte nachvollziehbar dar, warum irgendwas mit Nerven seiner Ansicht nach die wahrscheinlichste Ursache sei. (Wenn nicht das, werde er mich zur HNO \u00fcberweisen.)<\/p>\n<p>Er gab zu, dass meine Symptomatik ungew\u00f6hnlich sei, nahm sie aber durchwegs ernst. Und er versicherte mir freundlich: &#8220;Das finden wir gemeinsam heraus.&#8221;<\/p>\n<p>Auf dem fr\u00fchmorgendlichen Fu\u00dfweg zur Arztpraxis war es schei\u00dfkalt gewesen, ich glaubte die 3 Grad sofort, die meine Wetter-App anzeigte (&#8220;Gef\u00fchlt 0 Grad&#8221;).<\/p>\n<p><a href=\"https:\/\/www.vorspeisenplatte.de\/speisen\/archiv\/260430_02_Ziemssenstr.jpg\"><img loading=\"lazy\" decoding=\"async\" src=\"https:\/\/www.vorspeisenplatte.de\/speisen\/archiv\/260430_02_Ziemssenstr.jpg\" alt=\"\" width=\"423\" height=\"564\" class=\"alignnone size-full wp-image-119013\" \/><\/a><\/p>\n<p>Mal wieder Baustelle um die alten Klinikgeb\u00e4ude an der Ziemssenstra\u00dfe, Baustellen sind wohl einfach ein festes Feature <a href=\"https:\/\/www.central-quartier-muenchen.de\/\" target=\"_blank\">des Central Quartier<\/a>, aber die Pappeln an der Lindwurmstra\u00dfe sind schon ganz gr\u00fcn.<\/p>\n<p>In die Arbeit brachte mich schnell ein Bus, so startete ich nichtmal eine Stunde sp\u00e4ter als sonst. Terminversuch bei dem einen Neurologen in M\u00fcnchen, der mich schon mehrfach untersucht hat (allerdings vor Jahren): Erster Termin im Juli, hahaha.<br \/>\nDas Lachen verging mir, als ich halt irgendeinen Neurologie-Termin in der Millionenstadt M\u00fcnchen suchte: Im Gegensatz zu anderen Fachmedizinrichtungen war hier tats\u00e4chlich auf Monate nichts zu kriegen, ich landete bei Ende Juni. Habts es alle mit die Nerven?<\/p>\n<p>In der Arbeit war einiges los, mir fehlte Gelassenheit, weil anstrengend vorbereitete Dinge dann doch nicht klappten. Keine Lust auf Mittagscappuccino, ich schaute, dass ich wenigstens eine Runde um die Bl\u00f6cke schaffte. Die war dann auch sehr sch\u00f6n, sonnig und aprilig kalt. Gleich mal in der Apotheke Ibu-Nachschub f\u00fcr die n\u00e4chsten Wochen Zahn-Kopf-Schmerz besorgt, Herr Hausarzt hatte mir dazu gegen Magenschaden Pantoprazol verschrieben, holte ich auch gleich.<\/p>\n<p>Zu Mittag gab es restlichen Linsensalat vom Vorabend und eine Banane, die mir bereits zu reif war.<\/p>\n<p>Der Arbeitsnachmittag ging grad so rund weiter, bl\u00f6derweise lie\u00df auch noch die Ibu-Wirkung sehr schnell nach &#8211; dagegen hilt auch nicht, <a href=\"https:\/\/www.springermedizin.at\/innere-medizin\/onkologie\/schmerztabletten--rechts-liegend--wirken-sie-am-schnellsten\/24054042\" target=\"_blank\">sich bei der Einnahme auf die linke Seite zu legen<\/a>.<\/p>\n<p>Nicht zu sp\u00e4ter Feierabend, \u00fcber Lebensmitteleink\u00e4ufe f\u00fcrs lange Wochenende und f\u00fcr Arbeitskuchenbacken in sch\u00f6nstem Sonnenschein nach Hause, die Luft aber weiterhin nur knapp zweistellige Grad warm. Daheim gab es frisch getrocknete und frisch gewaschene W\u00e4sche zu versorgen, au\u00dferdem die Pflanzen, und ich hatte sehr gro\u00dfe Lust auf den mit Herrn Kaltmamsell verabredeten Alkohol:<\/p>\n<p><a href=\"https:\/\/www.vorspeisenplatte.de\/speisen\/archiv\/260430_07_Kuechenbalkonselfie.jpg\"><img loading=\"lazy\" decoding=\"async\" src=\"https:\/\/www.vorspeisenplatte.de\/speisen\/archiv\/260430_07_Kuechenbalkonselfie.jpg\" alt=\"\" width=\"394\" height=\"525\" class=\"alignnone size-full wp-image-119011\" \/><\/a><\/p>\n<p>Maibowle &#8211; allerdings aus dem Waldmeisterb\u00fcndel, das ich im Jahr zuvor aus den Resten des Kr\u00e4utert\u00f6pfchens eingefroren hatte. Schmeckte sehr gut, entspannte umgehend. Dazu arabische N\u00fcsschen von der Landwehrstra\u00dfe.<\/p>\n<p>Zum Nachtmahl hatte Herr Kaltmamsell auf meinen Wunsch ein Lieblingsst\u00fcck gl\u00fcckliches Rind vom Herrmannsdorfer im R\u00f6mertopf geschmort:<\/p>\n<p><a href=\"https:\/\/www.vorspeisenplatte.de\/speisen\/archiv\/260430_08_Nachtmahl.jpg\"><img loading=\"lazy\" decoding=\"async\" src=\"https:\/\/www.vorspeisenplatte.de\/speisen\/archiv\/260430_08_Nachtmahl.jpg\" alt=\"\" width=\"426\" height=\"331\" class=\"alignnone size-full wp-image-119012\" \/><\/a><\/p>\n<p>Short Ribs, serviert mit Zitronenpolenta. Nachtisch Schokolade, fr\u00fch ins Bett zum Lesen.<\/p>\n<p>\u00a7<\/p>\n<p><a href=\"https:\/\/www.instagram.com\/reels\/DXoQQYViOTf\/\" target=\"_blank\">Comedian Pernille Haaland \u00fcber verschiedene skandinavische Akzente im Englischen<\/a> &#8211; sehr aufschlussreich, mir waren dieses deutlichen Unterschiede bislang nicht so klar gewesen.<\/p>\n<p>via <a href=\"https:\/\/www.instagram.com\/_vanessagiese\/\" target=\"_blank\">@_vanessagiese<\/a> <img loading=\"lazy\" decoding=\"async\" src=\"https:\/\/vg09.met.vgwort.de\/na\/1c8f0733cda84ca58d2a418f75511627\" width=\"1\" height=\"1\" alt=\"\"\/><\/p>\n","protected":false},"excerpt":{"rendered":"<p>&#8220;WAS?&#8221; Na kommSe: Der neue Hausarzt hatte das Diagnosegespr\u00e4ch von Anfang an sehr launig gef\u00fchrt (Rheinlandverdacht), da gab es doch wohl nur eine m\u00f6gliche Reaktion auf die Frage, ob meine Zahn-Gesichts-Schmerzen auch mein Geh\u00f6r beeintr\u00e4chtigen. Arzt fiel drauf rein, setzte bereits zum Wiederholen der Frage an, lachte dann und meinte, normalerweise mache ja er den. [&hellip;]<\/p>\n","protected":false},"author":2,"featured_media":0,"comment_status":"open","ping_status":"closed","sticky":false,"template":"","format":"standard","meta":{"footnotes":""},"categories":[6,1],"tags":[],"class_list":["post-118975","post","type-post","status-publish","format-standard","hentry","category-essen","category-general"],"_links":{"self":[{"href":"https:\/\/www.vorspeisenplatte.de\/speisen\/wp-json\/wp\/v2\/posts\/118975","targetHints":{"allow":["GET"]}}],"collection":[{"href":"https:\/\/www.vorspeisenplatte.de\/speisen\/wp-json\/wp\/v2\/posts"}],"about":[{"href":"https:\/\/www.vorspeisenplatte.de\/speisen\/wp-json\/wp\/v2\/types\/post"}],"author":[{"embeddable":true,"href":"https:\/\/www.vorspeisenplatte.de\/speisen\/wp-json\/wp\/v2\/users\/2"}],"replies":[{"embeddable":true,"href":"https:\/\/www.vorspeisenplatte.de\/speisen\/wp-json\/wp\/v2\/comments?post=118975"}],"version-history":[{"count":3,"href":"https:\/\/www.vorspeisenplatte.de\/speisen\/wp-json\/wp\/v2\/posts\/118975\/revisions"}],"predecessor-version":[{"id":119016,"href":"https:\/\/www.vorspeisenplatte.de\/speisen\/wp-json\/wp\/v2\/posts\/118975\/revisions\/119016"}],"wp:attachment":[{"href":"https:\/\/www.vorspeisenplatte.de\/speisen\/wp-json\/wp\/v2\/media?parent=118975"}],"wp:term":[{"taxonomy":"category","embeddable":true,"href":"https:\/\/www.vorspeisenplatte.de\/speisen\/wp-json\/wp\/v2\/categories?post=118975"},{"taxonomy":"post_tag","embeddable":true,"href":"https:\/\/www.vorspeisenplatte.de\/speisen\/wp-json\/wp\/v2\/tags?post=118975"}],"curies":[{"name":"wp","href":"https:\/\/api.w.org\/{rel}","templated":true}]}}