{"id":119045,"date":"2026-05-03T09:15:45","date_gmt":"2026-05-03T07:15:45","guid":{"rendered":"https:\/\/www.vorspeisenplatte.de\/speisen\/?p=119045"},"modified":"2026-05-03T09:15:45","modified_gmt":"2026-05-03T07:15:45","slug":"journal-samstag-2-mai-2026-sonniges-wandern-am-tegernsee-und-ueberraschendes-theater-erlebnis","status":"publish","type":"post","link":"https:\/\/www.vorspeisenplatte.de\/speisen\/2026\/05\/journal-samstag-2-mai-2026-sonniges-wandern-am-tegernsee-und-ueberraschendes-theater-erlebnis.htm","title":{"rendered":"Journal Samstag, 2. Mai 2026 &#8211; Sonniges Wandern am Tegernsee und \u00fcberraschendes Theater-Erlebnis"},"content":{"rendered":"<p>Gute Nacht, unterm Strich, auch sch\u00f6n lang ausgeschlafen.<\/p>\n<p>Drau\u00dfen wieder der angek\u00fcndigte strahlende Sonnenschein, das passte hervorragend zu den Wanderpl\u00e4nen mit Herrn Kaltmamsell (der entschied, dass das auch zwischen Abiturkorrigieren m\u00f6glich sein muss). Und es lie\u00df sich einrichten, dass wir trotz Ausschlafen den Zug um zehn erwischten &#8211; sehr rechtzeitig am Bahnhof, um Sitzpl\u00e4tze zu sichern. Dabei war der Zug diesmal gar nicht \u00fcberf\u00fcllt, ich sah nur einen Steher.<\/p>\n<p>Zur Auswahl hatte ich bekannte Strecken am Starnberger See (Wanderung linksrum \u00fcber Berg), Tegernsee (H\u00f6henweg ab Gmund) und Chiemsee (Obst- und Kulturwanderweg) angeboten, die Wahl fiel auf den Tegernsee.<\/p>\n<p>Die \u00dcberraschung in Gmund: Es war sehr warm, nach einer Woche tr\u00fcgerischer Sonne entsprachen gestern die Temperaturen dem Anschein. Am Bahnhof packte ich also gleich mal meine Jacke weg, dass ich zu den kurzen \u00c4rmeln auch kurze Hosen h\u00e4tte tragen k\u00f6nnen (wie sehr viele andere Wander*innen, denen wir begegneten), hatte ich wirklich nicht erwartet.<\/p>\n<p>Gefasst wiederum war ich auf den Hochbetrieb zwischen Gmund und dem Ort Tegernsee: Diese gute Stunde Strecke ist auch als Spaziergang und mit Kindern angenehm.<\/p>\n<p><a href=\"https:\/\/www.vorspeisenplatte.de\/speisen\/archiv\/260502_05_Gmund.jpg\"><img loading=\"lazy\" decoding=\"async\" src=\"https:\/\/www.vorspeisenplatte.de\/speisen\/archiv\/260502_05_Gmund.jpg\" alt=\"\" width=\"394\" height=\"515\" class=\"alignnone size-full wp-image-119050\" \/><\/a><\/p>\n<p><a href=\"https:\/\/www.vorspeisenplatte.de\/speisen\/archiv\/260502_08_Gmund.jpg\"><img loading=\"lazy\" decoding=\"async\" src=\"https:\/\/www.vorspeisenplatte.de\/speisen\/archiv\/260502_08_Gmund.jpg\" alt=\"\" width=\"484\" height=\"363\" class=\"alignnone size-full wp-image-119051\" \/><\/a><\/p>\n<p><a href=\"https:\/\/www.vorspeisenplatte.de\/speisen\/archiv\/260502_10_Gmund.jpg\"><img loading=\"lazy\" decoding=\"async\" src=\"https:\/\/www.vorspeisenplatte.de\/speisen\/archiv\/260502_10_Gmund.jpg\" alt=\"\" width=\"600\" height=\"359\" class=\"alignnone size-full \" \/><\/a><\/p>\n<p><a href=\"https:\/\/www.vorspeisenplatte.de\/speisen\/archiv\/260502_11_Gmund.jpg\"><img loading=\"lazy\" decoding=\"async\" src=\"https:\/\/www.vorspeisenplatte.de\/speisen\/archiv\/260502_11_Gmund.jpg\" alt=\"\" width=\"494\" height=\"403\" class=\"alignnone size-full wp-image-119053\" \/><\/a><\/p>\n<p>(Verschmierte Handy-Linse, bitte um Entschuldigung.)<\/p>\n<p>Eink\u00e4ufe im K\u00e4seautomaten \u00fcber Gmund (ein Grund f\u00fcr die Wahl dieser Wanderung, ich hatte extra meine Bargeld-Best\u00e4nde gecheckt), ich nahm von der Naturk\u00e4serei Tegernseer Land <a href=\"https:\/\/www.naturkaeserei.de\/de\/k%C3%A4se\/bio-wei%C3%9Facher\/36-994.html\" target=\"_blank\">einen Weissacher<\/a> mit (auch als Grillk\u00e4se geeignet) und einen <a href=\"https:\/\/www.naturkaeserei.de\/de\/k%C3%A4se\/tegernseer-bio-pfeffer-sch%C3%BCtz\/36-806.html\" target=\"_blank\">Weichk\u00e4se mit gr\u00fcnem Pfeffer<\/a>.<\/p>\n<p><a href=\"https:\/\/www.vorspeisenplatte.de\/speisen\/archiv\/260502_13_Gmund.jpg\"><img loading=\"lazy\" decoding=\"async\" src=\"https:\/\/www.vorspeisenplatte.de\/speisen\/archiv\/260502_13_Gmund.jpg\" alt=\"\" width=\"478\" height=\"433\" class=\"alignnone size-full wp-image-119054\" \/><\/a><\/p>\n<p><a href=\"https:\/\/www.vorspeisenplatte.de\/speisen\/archiv\/260502_14_Gmund.jpg\"><img loading=\"lazy\" decoding=\"async\" src=\"https:\/\/www.vorspeisenplatte.de\/speisen\/archiv\/260502_14_Gmund.jpg\" alt=\"\" width=\"534\" height=\"413\" class=\"alignnone size-full \" \/><\/a><\/p>\n<p><a href=\"https:\/\/www.vorspeisenplatte.de\/speisen\/archiv\/260502_17_Gmund.jpg\"><img loading=\"lazy\" decoding=\"async\" src=\"https:\/\/www.vorspeisenplatte.de\/speisen\/archiv\/260502_17_Gmund.jpg\" alt=\"\" width=\"564\" height=\"423\" class=\"alignnone size-full \" \/><\/a><\/p>\n<p><a href=\"https:\/\/www.vorspeisenplatte.de\/speisen\/archiv\/260502_20_Tegernsee.jpg\"><img loading=\"lazy\" decoding=\"async\" src=\"https:\/\/www.vorspeisenplatte.de\/speisen\/archiv\/260502_20_Tegernsee.jpg\" alt=\"\" width=\"620\" height=\"465\" class=\"alignnone size-full \" \/><\/a><\/p>\n<p><a href=\"https:\/\/www.vorspeisenplatte.de\/speisen\/archiv\/260502_24_Tegernsee.jpg\"><img loading=\"lazy\" decoding=\"async\" src=\"https:\/\/www.vorspeisenplatte.de\/speisen\/archiv\/260502_24_Tegernsee.jpg\" alt=\"\" width=\"600\" height=\"400\" class=\"alignnone size-full\" \/><\/a><\/p>\n<p>Am Kiosk des Bahnhofs Tegernsee gab es Mittagscappuccino, dann gingen wir den l\u00e4ngeren und steileren Teil des Tegernseer H\u00f6henwegs nach Rottach-Egern an.<\/p>\n<p><a href=\"https:\/\/www.vorspeisenplatte.de\/speisen\/archiv\/260502_27_Tegernsee.jpg\"><img loading=\"lazy\" decoding=\"async\" src=\"https:\/\/www.vorspeisenplatte.de\/speisen\/archiv\/260502_27_Tegernsee.jpg\" alt=\"\" width=\"484\" height=\"363\" class=\"alignnone size-full wp-image-119060\" \/><\/a><\/p>\n<p>Diesmal aber mit einer Variante, hier bogen wir nach links die Trappen hoch: Die Abzweigung nach Galaun war uns jedesmal aufgefallen, jetzt recherchierte Herr Kaltmamsell den GPS-Track und wir machten den Umweg hoch. Davor lagen Verhandlungen und \u00dcberlegungen, ob sich Herr Kaltmamsell wirklich, wirklich fit genug daf\u00fcr f\u00fchlte und ob seine in letzter Zeit zickenden Knie darunter leiden w\u00fcrden. Ich schaffte es, mich diesmal an meinen Vorsatz zu halten, auf Steigungen immer Herrn Kaltmamsell vorgehen zu lassen, damit er das Tempo bestimmen konnte.<\/p>\n<p><a href=\"https:\/\/www.vorspeisenplatte.de\/speisen\/archiv\/260502_28_Tegernsee.jpg\"><img loading=\"lazy\" decoding=\"async\" src=\"https:\/\/www.vorspeisenplatte.de\/speisen\/archiv\/260502_28_Tegernsee.jpg\" alt=\"\" width=\"393\" height=\"524\" class=\"alignnone size-full wp-image-119061\" \/><\/a><\/p>\n<p><a href=\"https:\/\/www.vorspeisenplatte.de\/speisen\/archiv\/260502_29_Tegernsee.jpg\"><img loading=\"lazy\" decoding=\"async\" src=\"https:\/\/www.vorspeisenplatte.de\/speisen\/archiv\/260502_29_Tegernsee.jpg\" alt=\"\" width=\"600\" height=\"436\" class=\"alignnone size-full \" \/><\/a><\/p>\n<p><a href=\"https:\/\/www.vorspeisenplatte.de\/speisen\/archiv\/260502_32_Tegernsee.jpg\"><img loading=\"lazy\" decoding=\"async\" src=\"https:\/\/www.vorspeisenplatte.de\/speisen\/archiv\/260502_32_Tegernsee.jpg\" alt=\"\" width=\"393\" height=\"524\" class=\"alignnone size-full wp-image-119063\" \/><\/a><\/p>\n<p>Das war eine wirklich sch\u00f6ne Zusatzstrecke mit bequemer Steigung zum <a href=\"https:\/\/www.berggasthaus-riederstein-am-galaun.de\/\" target=\"_blank\">Berggasthaus Riederstein am Galaun<\/a>, an und um das gerade reichlich Mittag gemacht wurde. Wir zogen weiter.<\/p>\n<p><a href=\"https:\/\/www.vorspeisenplatte.de\/speisen\/archiv\/260502_36_Riederstein.jpg\"><img loading=\"lazy\" decoding=\"async\" src=\"https:\/\/www.vorspeisenplatte.de\/speisen\/archiv\/260502_36_Riederstein.jpg\" alt=\"\" width=\"309\" height=\"459\" class=\"alignnone size-full wp-image-119064\" \/><\/a><\/p>\n<p>Die Kapelle auf dem Riederstein lie\u00dfen wir aber aus &#8211; unter anderem weil sie dicht von Menschen umzingelt war.<\/p>\n<p><a href=\"https:\/\/www.vorspeisenplatte.de\/speisen\/archiv\/260502_39_RottachEgern.jpg\"><img loading=\"lazy\" decoding=\"async\" src=\"https:\/\/www.vorspeisenplatte.de\/speisen\/archiv\/260502_39_RottachEgern.jpg\" alt=\"\" width=\"599\" height=\"440\" class=\"alignnone size-full \" \/><\/a><\/p>\n<p>Blick auf Rottach-Egern.<\/p>\n<p><a href=\"https:\/\/www.vorspeisenplatte.de\/speisen\/archiv\/260502_40_RottachEgern.jpg\"><img loading=\"lazy\" decoding=\"async\" src=\"https:\/\/www.vorspeisenplatte.de\/speisen\/archiv\/260502_40_RottachEgern.jpg\" alt=\"\" width=\"363\" height=\"484\" class=\"alignnone size-full wp-image-119066\" \/><\/a><\/p>\n<p>Auf einem langen, steilen Weg stiegen wir ab, Ausschilderung brachte uns zur\u00fcck zum Tegernseer H\u00f6henweg.<br \/>\nUnterwegs kurz vor halb drei Brotzeit: Ich hatte rote Paprika dabei, einen Apfel (aus Ernteanteil von einem unserer Partnerbetriebe und wieder k\u00f6stlich &#8211; warum schmecken die Lager\u00e4pfel vom Biosupermarkt nicht halb so gut?), ein St\u00fcck Marmorkuchen.<\/p>\n<p>Das letzte St\u00fcck H\u00f6henweg nach Rottach-Egern brachte uns trotz schattigem Wald nochmal ins Schwitzen: Es ging noch zweimal ordentlich rauf und runter.<\/p>\n<p><a href=\"https:\/\/www.vorspeisenplatte.de\/speisen\/archiv\/260502_41_RottachEgern.jpg\"><img loading=\"lazy\" decoding=\"async\" src=\"https:\/\/www.vorspeisenplatte.de\/speisen\/archiv\/260502_41_RottachEgern.jpg\" alt=\"\" width=\"460\" height=\"544\" class=\"alignnone size-full wp-image-119067\" \/><\/a><\/p>\n<p>Bl\u00fchendes Rottach-Egern. Nicht im Bild: Viele Paragliding-Schirme um den Wallberg.<\/p>\n<p><a href=\"https:\/\/www.vorspeisenplatte.de\/speisen\/archiv\/260502_43_RottachEgern.jpg\"><img loading=\"lazy\" decoding=\"async\" src=\"https:\/\/www.vorspeisenplatte.de\/speisen\/archiv\/260502_43_RottachEgern.jpg\" alt=\"\" width=\"399\" height=\"534\" class=\"alignnone size-full wp-image-119068\" \/><\/a><\/p>\n<p>Ganz hinten der Riederstein, an dem wir vorbeigekommen waren.<\/p>\n<p><a href=\"https:\/\/www.vorspeisenplatte.de\/speisen\/archiv\/260502_45_SelfieRottachEgern.jpg\"><img loading=\"lazy\" decoding=\"async\" src=\"https:\/\/www.vorspeisenplatte.de\/speisen\/archiv\/260502_45_SelfieRottachEgern.jpg\" alt=\"\" width=\"484\" height=\"363\" class=\"alignnone size-full wp-image-119069\" \/><\/a><\/p>\n<p>Rottach-Egern-Selfie kurz vor dem Ort Tegernsee.<\/p>\n<p>Nach fast f\u00fcnfeinhalb Stunden kamen wir zur\u00fcck zum Bahnhof. Mein Bewegungs-Tracker zeigte am Ende 17 Kilometer Wanderung an &#8211; das schien mir arg wenig, andererseits ging es halt schon sehr rauf und runter (\u00fcber 100 Stockwerke). Mein K\u00f6rper hatte sich durchgehend superfit gef\u00fchlt, das Treppentraining zahlt vielleicht doch sich aus.<\/p>\n<p>Allerdings \u00fcberfiel meine Z\u00e4hne rechts zweimal Brutalschmerz in einer heftigen Welle, ohne irgendeinen erkennbaren Ausl\u00f6ser, zum Gl\u00fcck sa\u00df ich beide Male gerade (Mittagscappuccino, Heimfahrt). Es ist WIKRLICH sch\u00f6n, wenn der Schmerz nachl\u00e4sst, au\u00dferdem interessant, wie viel Energie solch eine Schmerzwelle kostet, ich war anschlie\u00dfend richtig ersch\u00f6pft. Sollte sich nicht schlagartig Besserung einstellen, werde ich n\u00e4chste Woche dann doch die Kassen\u00e4rztloche Vereinigung um Terminvermittlung zur Neurologie bitten m\u00fcssen, auch wenn&#8217;s an meinem Stolz kratzt, der sich nicht vordr\u00e4ngeln m\u00f6chte.<\/p>\n<p>Wir waren so rechtzeitig am Zug nach M\u00fcnchen, dass wir uns einen Sitzplatz sogar aussuchen konnten; diesmal mussten auf der Fahrt viele stehen. Ich las die Wochenend-<i>S\u00fcddeutsche<\/i> aus, f\u00fchlte mich nach dem vielen Staub auf der ausged\u00f6rrten Wanderstrecke dreckig und klebrig, freute mich auf eine Dusche.<\/p>\n<p>In M\u00fcnchen schickte ich den deutlich ersch\u00f6pfteren Herrn Kaltmamsell direkt nach Hause, erledigte selbst noch letzte Eink\u00e4ufe f\u00fcr j\u00fcngste Sonntagseinf\u00e4lle. Daheim nahm ich die ersehnte Dusche, das war sch\u00f6n.<\/p>\n<p>Die Zubereitung des Abendessens hatte ich an mich gerissen. Es gab aus Ernteanteil: Ringelbete (auch instagram-Bete genannt), mit Emmernudeln, Schnittknoblauch, zugekauften ger\u00f6steten Waln\u00fcssen, abgeschmeckt mit Frischk\u00e4se.<\/p>\n<p><a href=\"https:\/\/www.vorspeisenplatte.de\/speisen\/archiv\/260502_48_Nachtmahl.jpg\"><img loading=\"lazy\" decoding=\"async\" src=\"https:\/\/www.vorspeisenplatte.de\/speisen\/archiv\/260502_48_Nachtmahl.jpg\" alt=\"\" width=\"333\" height=\"422\" class=\"alignnone size-full wp-image-119070\" \/><\/a><\/p>\n<p>Dazu ein Glas abgefahrenen Wei\u00dfwein von Marie Adler. Nachtisch Marmorkuchen.<\/p>\n<p>Abendunterhaltung: Beim Rumklicken durch die Fernsehprogramme stolperten wir auf 3sat \u00fcber die Inszenierung des Wiener Volkstheaters <i>Fr\u00e4ulein Else<\/i> nach Arthur Schnitzler, aufgezeichnet an den M\u00fcnchner Kammerspielen. Co-Autorin und Hauptdarstellerin Julia Riedler spielt in diesem Ein-Personen-St\u00fcck vom ersten Moment an so fesselnd (kein Wunder f\u00fcr diese Rolle mit Preisen ausgezeichnet), dass sogar Theater-Skeptiker Herr Kaltmamsell gebannt h\u00e4ngen blieb. Der zudem Schnitzlers gleichnamige Novelle gut kennt.<\/p>\n<p>Gro\u00dfe Empfehlung: Allein schon der Kunstgriff, den wundersch\u00f6nen Jugendstil-Vorhang der Kammerspiele als Spielzeit-gem\u00e4\u00dfe Kulisse zu verwenden, au\u00dferdem erlebte ich <i>einmal<\/i> eine Publikumsbeteiligung (die ich sonst f\u00fcrchte, ich habe f\u00fcr Zuschauen gezahlt, nicht f\u00fcrs Mitspielen), die tats\u00e4chlich f\u00fcr die Aussage des St\u00fccks unabdingbar war. Ein vorbildliches Beispiel, wie man einen 100 Jahre alten Text \u00fcber die Gegenwart sprechen lassen kann.<\/p>\n<p><a href=\"https:\/\/www.3sat.de\/kultur\/starke-stuecke\/theatertreffen-2026-fraeulein-else-100.html\" target=\"_blank\">Hier bei 3sat zum Hinterhersehen.<\/a> <img loading=\"lazy\" decoding=\"async\" src=\"https:\/\/vg09.met.vgwort.de\/na\/cd5f640dbf514efb88104222dae679a3\" width=\"1\" height=\"1\" alt=\"\"\/><\/p>\n","protected":false},"excerpt":{"rendered":"<p>Gute Nacht, unterm Strich, auch sch\u00f6n lang ausgeschlafen. Drau\u00dfen wieder der angek\u00fcndigte strahlende Sonnenschein, das passte hervorragend zu den Wanderpl\u00e4nen mit Herrn Kaltmamsell (der entschied, dass das auch zwischen Abiturkorrigieren m\u00f6glich sein muss). Und es lie\u00df sich einrichten, dass wir trotz Ausschlafen den Zug um zehn erwischten &#8211; sehr rechtzeitig am Bahnhof, um Sitzpl\u00e4tze zu [&hellip;]<\/p>\n","protected":false},"author":2,"featured_media":0,"comment_status":"open","ping_status":"closed","sticky":false,"template":"","format":"standard","meta":{"footnotes":""},"categories":[2,1,12,15],"tags":[],"class_list":["post-119045","post","type-post","status-publish","format-standard","hentry","category-fotos","category-general","category-theater","category-wandern"],"_links":{"self":[{"href":"https:\/\/www.vorspeisenplatte.de\/speisen\/wp-json\/wp\/v2\/posts\/119045","targetHints":{"allow":["GET"]}}],"collection":[{"href":"https:\/\/www.vorspeisenplatte.de\/speisen\/wp-json\/wp\/v2\/posts"}],"about":[{"href":"https:\/\/www.vorspeisenplatte.de\/speisen\/wp-json\/wp\/v2\/types\/post"}],"author":[{"embeddable":true,"href":"https:\/\/www.vorspeisenplatte.de\/speisen\/wp-json\/wp\/v2\/users\/2"}],"replies":[{"embeddable":true,"href":"https:\/\/www.vorspeisenplatte.de\/speisen\/wp-json\/wp\/v2\/comments?post=119045"}],"version-history":[{"count":3,"href":"https:\/\/www.vorspeisenplatte.de\/speisen\/wp-json\/wp\/v2\/posts\/119045\/revisions"}],"predecessor-version":[{"id":119078,"href":"https:\/\/www.vorspeisenplatte.de\/speisen\/wp-json\/wp\/v2\/posts\/119045\/revisions\/119078"}],"wp:attachment":[{"href":"https:\/\/www.vorspeisenplatte.de\/speisen\/wp-json\/wp\/v2\/media?parent=119045"}],"wp:term":[{"taxonomy":"category","embeddable":true,"href":"https:\/\/www.vorspeisenplatte.de\/speisen\/wp-json\/wp\/v2\/categories?post=119045"},{"taxonomy":"post_tag","embeddable":true,"href":"https:\/\/www.vorspeisenplatte.de\/speisen\/wp-json\/wp\/v2\/tags?post=119045"}],"curies":[{"name":"wp","href":"https:\/\/api.w.org\/{rel}","templated":true}]}}