{"id":1196,"date":"2006-02-20T13:47:45","date_gmt":"2006-02-20T12:47:45","guid":{"rendered":"https:\/\/www.vorspeisenplatte.de\/speisen\/?p=1196"},"modified":"2006-02-20T14:19:38","modified_gmt":"2006-02-20T13:19:38","slug":"die-geburtstagsparty-von-der-ute","status":"publish","type":"post","link":"https:\/\/www.vorspeisenplatte.de\/speisen\/2006\/02\/die-geburtstagsparty-von-der-ute.htm","title":{"rendered":"Die Geburtstagsparty von der Ute"},"content":{"rendered":"<p>Als Einladung zu ihrer Geburtstagsparty gab es nichts Geschriebenes. Ute sagte einfach, dass sie eine Geburtstagsparty machen w\u00fcrde, n\u00e4chsten Freitag um drei, und dass sie uns dazu einl\u00e4dt.<\/p>\n<p>Sie war die in meiner Grundschulklasse, die hin und wieder mit Schrammen und gro\u00dfen blauen Flecken in die Schule kam, weil sie, wie sie erz\u00e4hlte, die Treppe hinuntergefallen war. Einmal hatte sie sich auch im T\u00fcrrahmen angesto\u00dfen, da hatte sie ein blaues Auge.<br \/>\nHellblond und klein war Ute. Sie sa\u00df ganz vorne, direkt vor der Lehrerin. Da ich meist als Strafe f\u00fcr mein st\u00e4ndiges Schw\u00e4tzen ganz nach hinten gesetzt worden war, sah ich an ihrem weichen, ungek\u00e4mmten und fast wei\u00dfen Haar vorbei zur Schultafel.<\/p>\n<p>Es war ein helles, sch\u00f6nes Schulzimmer im ersten Stock der modernen Grundschule am Rand des Wohnblockviertels. Hinten ein rollbarer Sandkastentisch, in dem wir f\u00fcr Sachkunde verschiedene Arten D\u00f6rfer nachbauten, Zeilendorf, Haufendorf. Der Boden aus gl\u00e4nzendem Linoleum. Es machte fast kein Ger\u00e4usch, wenn Ute mal wieder in die Hose pieselte und sich unter ihrem Stuhl eine Lache bildete. Die Lehrerin nahm sie dann zum Umziehen ins Nebenzimmer, das gleichzeitig ihr Direktorinb\u00fcro war.<\/p>\n<p>Ute war nicht richtig meine Freundin. Ich fand sie uninteressant; sie sagte nie was, war komisch angezogen, stand am Rand herum und guckte. Doch sie wohnte in einem Block, zu dem ich nicht \u00fcber die Stra\u00dfe musste. In den seltenen F\u00e4llen, dass keines der vielen Kinder in meinem Block da war oder raus durfte, klingelte ich also auch mal Ute raus zum Spielen. Und ich mochte sie genug, dass ich sie zu meinen Geburtstags- und Faschingspartys einlud, die meine Mutter immer zu rauschenden Festen machte.<\/p>\n<p>Da ich gewohnt war, auch zu den Partys von anderen Kindern eingeladen zu werden, ging nach Utes Einladung alles seinen \u00fcblichen Gang: Ich fragte daheim, ob ich hind\u00fcrfe, durfte umstandslos, es war ja eine Mitsch\u00fclerin, die meine Eltern kannten. Meine Mutter besorgte ein Geschenklein und verpackte es h\u00fcbsch.<\/p>\n<p>Am Tag der Party machte sie mich ein bisschen fein und schickte mich kurz vor drei hin\u00fcber in Utes Wohnblock. Vor dem Hauseingang mit der Glast\u00fcr standen schon zwei Mitsch\u00fclerinnen, die Andrea und die Doris, ebenfalls mit Schleife im Haar und Geschenk in der Hand. Sie sagten, dass sie bei Ute geklingelt h\u00e4tten, aber dass niemand aufmachte. Auch ich klingelte, ohne dass dann der T\u00fcr\u00f6ffner summte. Wir setzten uns auf die Stufen vor der T\u00fcr, es kamen noch zwei weitere M\u00e4dchen, die Ute eingeladen hatte.<\/p>\n<p>Alle paar Minuten klingelte eine von uns. Ich wusste, dass Ute im Erdgescho\u00df wohnte, sie hatte mir mal vom Fenster aus zugewunken. Wir konnten sogar die Klingel drinnen h\u00f6ren und warteten wieder, dass sich die Gardine bewegte. Doch es r\u00fchrte sich nichts. Irgendwann gaben wir auf und gingen heim.<\/p>\n<p>Ute war die n\u00e4chsten zwei Wochen nicht in der Schule.<\/p>\n","protected":false},"excerpt":{"rendered":"<p>Als Einladung zu ihrer Geburtstagsparty gab es nichts Geschriebenes. Ute sagte einfach, dass sie eine Geburtstagsparty machen w\u00fcrde, n\u00e4chsten Freitag um drei, und dass sie uns dazu einl\u00e4dt. Sie war die in meiner Grundschulklasse, die hin und wieder mit Schrammen und gro\u00dfen blauen Flecken in die Schule kam, weil sie, wie sie erz\u00e4hlte, die Treppe [&hellip;]<\/p>\n","protected":false},"author":2,"featured_media":0,"comment_status":"open","ping_status":"closed","sticky":false,"template":"","format":"standard","meta":{"footnotes":""},"categories":[1],"tags":[],"class_list":["post-1196","post","type-post","status-publish","format-standard","hentry","category-general"],"_links":{"self":[{"href":"https:\/\/www.vorspeisenplatte.de\/speisen\/wp-json\/wp\/v2\/posts\/1196","targetHints":{"allow":["GET"]}}],"collection":[{"href":"https:\/\/www.vorspeisenplatte.de\/speisen\/wp-json\/wp\/v2\/posts"}],"about":[{"href":"https:\/\/www.vorspeisenplatte.de\/speisen\/wp-json\/wp\/v2\/types\/post"}],"author":[{"embeddable":true,"href":"https:\/\/www.vorspeisenplatte.de\/speisen\/wp-json\/wp\/v2\/users\/2"}],"replies":[{"embeddable":true,"href":"https:\/\/www.vorspeisenplatte.de\/speisen\/wp-json\/wp\/v2\/comments?post=1196"}],"version-history":[{"count":0,"href":"https:\/\/www.vorspeisenplatte.de\/speisen\/wp-json\/wp\/v2\/posts\/1196\/revisions"}],"wp:attachment":[{"href":"https:\/\/www.vorspeisenplatte.de\/speisen\/wp-json\/wp\/v2\/media?parent=1196"}],"wp:term":[{"taxonomy":"category","embeddable":true,"href":"https:\/\/www.vorspeisenplatte.de\/speisen\/wp-json\/wp\/v2\/categories?post=1196"},{"taxonomy":"post_tag","embeddable":true,"href":"https:\/\/www.vorspeisenplatte.de\/speisen\/wp-json\/wp\/v2\/tags?post=1196"}],"curies":[{"name":"wp","href":"https:\/\/api.w.org\/{rel}","templated":true}]}}