{"id":122412,"date":"2026-08-30T09:20:22","date_gmt":"2026-08-30T07:20:22","guid":{"rendered":"https:\/\/www.vorspeisenplatte.de\/speisen\/?p=122412"},"modified":"2026-08-30T16:23:32","modified_gmt":"2026-08-30T14:23:32","slug":"journal-samstag-29-august-2026-wie-man-einmal-am-viktualienmarkt-richtig-nett-zu-mir-war-wandern-von-gauting-ueber-starnberg-nach-possenhofen","status":"publish","type":"post","link":"https:\/\/www.vorspeisenplatte.de\/speisen\/2026\/08\/journal-samstag-29-august-2026-wie-man-einmal-am-viktualienmarkt-richtig-nett-zu-mir-war-wandern-von-gauting-ueber-starnberg-nach-possenhofen.htm","title":{"rendered":"Journal Samstag, 29. August 2026 &#8211; Wie man einmal am Viktualienmarkt richtig nett zu mir war \/ Wandern von Gauting \u00fcber Starnberg nach Possenhofen"},"content":{"rendered":"<p>Okaye Nacht, aber m\u00fcde aufgestanden &#8211; zumindest zum versprochenen wolkenlosen Sonnenschein mit k\u00fchler Luft, zu k\u00fchl f\u00fcr Morgenkaffee auf dem Balkon. Was wiederum wunderbar zu meinen Wanderpl\u00e4nen passte (Herr Kaltmamsell musste wegen doofer k\u00f6rperlicher Unp\u00e4sslichkeit passen).<\/p>\n<p>Erstmal k\u00fcmmerte ich mich ums Brotbacken. Der Teig f\u00fcrs <a href=\"https:\/\/www.vorspeisenplatte.de\/rezepte\/roggenmischbrot-70-30-mit-vollkorn.htm\" target=\"_blank\">Roggenmischbrot 70\/30<\/a> entwickelte mords Aktivit\u00e4t, ich bef\u00fcrchtete bereits \u00dcbergare und Flachbrote mit Wasserrand.<\/p>\n<p><a href=\"https:\/\/www.vorspeisenplatte.de\/speisen\/archiv\/260829_03_Roggenbrot7030.jpg\"><img loading=\"lazy\" decoding=\"async\" src=\"https:\/\/www.vorspeisenplatte.de\/speisen\/archiv\/260829_03_Roggenbrot7030.jpg\" alt=\"\" width=\"321\" height=\"459\" class=\"alignnone size-full wp-image-122423\" \/><\/a><\/p>\n<p>Ging im Ofen aber nochmal auf &#8211; <\/p>\n<p><a href=\"https:\/\/www.vorspeisenplatte.de\/speisen\/archiv\/260829_41_Roggenbrot7030.jpg\"><img loading=\"lazy\" decoding=\"async\" src=\"https:\/\/www.vorspeisenplatte.de\/speisen\/archiv\/260829_41_Roggenbrot7030.jpg\" alt=\"\" width=\"444\" height=\"333\" class=\"alignnone size-full wp-image-122424\" \/><\/a><\/p>\n<p>und erwies sich beim Anschnitt am Abend als sogar besonders fluffig.<\/p>\n<p>Vor Aufbruch zum Wandern ging ich auf eine kurze Einkaufsrunde zum Viktualienmarkt: Ich w\u00fcnschte mir nach dem Wandern zum Abendessen eine Brettlbrotzeit, dann halt daheim, und f\u00fcr Exotisches wie Presssack zwingt mich das Metzgersterben der vergangenen Jahre in der Innenstadt zur Metzgerzeile.<\/p>\n<p><a href=\"https:\/\/www.vorspeisenplatte.de\/speisen\/archiv\/260829_04_SendlingerTor.jpg\"><img loading=\"lazy\" decoding=\"async\" src=\"https:\/\/www.vorspeisenplatte.de\/speisen\/archiv\/260829_04_SendlingerTor.jpg\" alt=\"\" width=\"524\" height=\"393\" class=\"alignnone size-full wp-image-122425\" \/><\/a><\/p>\n<p>Aufstieg ans Sendlinger Tor.<\/p>\n<p>In der Metzgerzeile konnte ich meine Einkaufsliste leerkaufen, und wenn ich schonmal da war, schaute ich auch nach einem Gartenblumenstrau\u00df.<\/p>\n<p>Ich hatte ja schon erw\u00e4hnt, dass ich kein gutes Verh\u00e4ltnis zum M\u00fcnchner Viktualienmarkt habe: In meinen ersten M\u00fcnchen-Jahren hat man mich einmal zu oft <i>&#8216;pratzelt<\/i> (Hochdeutsch: \u00fcbers Ohr gehauen), und in den vergangenen Jahren gibt es immer weniger interessante St\u00e4nde, der Markt wird wie seine internationalen Pendants Boqueria in Barcelona und Borough Market in London von der Quelle f\u00fcr gute und saisonale Zutaten immer mehr zur Snackeria f\u00fcr Touristen. Und das zu den legend\u00e4r absurden Preisen, die auf dem Viktualienmarkt aufgerufen werden (gestern kam ich an Renekloden mit Preisschild 16,99 Euro f\u00fcrs Kilo vorbei).<\/p>\n<p>Doch ich fand das Standl einer lokalen G\u00e4rtnerei (auf der Freifl\u00e4che ohne h\u00f6lzerne H\u00fctten &#8211; dorthin gehe ich eh noch am ehesten auf der Suche nach saisonalem Obst und Gem\u00fcse), daran viele K\u00fcbel mit frischen Astern in Rosa- und Lilat\u00f6nen, hier stellte ich mich hinter die eh nur zwei Kunden vor mir. Und bekam ein so charmantes Viktualienmarkt-Erlebnis wie noch nie. Nach mir kam erstmal niemand, Herr Standler und Frau Standlerin konzentrierten sich ganz auf mich.<\/p>\n<p>Gebunden war erst ein Asternstrau\u00df, weil ich doppelt so viele wollte, band mir Frau Standlerin meinen frisch: &#8220;I tua Eana des ganze Gr\u00fcne glei weg, des is doch sonst immer so a Sauerei in da K\u00fcch.&#8221; Und wir plauderten, \u00fcber ihre Freude, hier mit ihrem Onkel zu arbeiten, \u00fcber die sch\u00f6nen Astern, die dieses Jahr wegen der Hitze nicht so hoch wuchsen wie sonst, \u00fcber Anbau und Wetter. W\u00e4hrend mein Asternstrau\u00df sorgf\u00e4ltig und mit Hingabe gebunden wurde, kam eine greise Kundin hinzu und schaltete sich ein, fragte nach Details der Standl-Arbeit seit Jahrzehnten, bekam gutm\u00fctge Antworten, es wurde mit einem Passanten \u00fcber die Sch\u00f6nheit von Standler*innen und Kundschaft gescherzt.<\/p>\n<p>Resultat: Ich bekam einen m\u00e4chtigen, wundersch\u00f6nen Strau\u00df Astern, in den Herr Standler noch eine Karotte steckte, ein paar beim Binden abgefallene Asternk\u00f6pfe (&#8220;Kenna&#8217;S in ara Schale tua.&#8221;) eigens in Zeitung eingewickelt und den Abschiedsgru\u00df &#8220;Beehren&#8217;S uns bald wieder!&#8221;, der von Herzen klang. Ich war v\u00f6llig verwirrt. (Und plane tats\u00e4chlich einen baldigen gezielten Einkauf dort.)<\/p>\n<p><a href=\"https:\/\/www.vorspeisenplatte.de\/speisen\/archiv\/260829_45_Astern.jpg\"><img loading=\"lazy\" decoding=\"async\" src=\"https:\/\/www.vorspeisenplatte.de\/speisen\/archiv\/260829_45_Astern.jpg\" alt=\"\" width=\"374\" height=\"451\" class=\"alignnone size-full wp-image-122426\" \/><\/a><\/p>\n<p>Als Wanderziel w\u00fcnschte ich mir <a href=\"https:\/\/www.ich-geh-wandern.de\/durchs-wuermtal-nach-starnberg\" target=\"_blank\">die Strecke Gauting-Starnberg<\/a>, die ich noch nicht aus dem Hochsommer kannte, mit Erweiterung Prinzenweg nach Possenhofen. Zur passenden S-Bahn nach Gauting schaffte ich es nach Abladen meiner Eink\u00e4ufe nur durch zackigen Marsch; die paar Minuten Verp\u00e4tung kamen mir grad recht. Merke: Wenn in der MVG-App &#8220;M\u00fcnchen Hauptbahnhof, Gleis 2&#8221; angegeben ist, handelt es sich um den S-Bahnhof im Untergescho\u00df; die Gleise des s\u00fcdlichen Fl\u00fcgels Holzkirchner Bahnhof starten bei Nummer 5.<\/p>\n<p>Das Wanderwetter war perfekt mit Sonne und lediglich milder Temperatur. Dennoch suchte ich auch gut sonnengecremt den Schatten. Der K\u00f6rper beschwerdefrei, die Landschaft sonnenbunt. Dennoch dauerte es diesmal sehr lange, bis mir das Wandern half runterzukommen, eigentlich sp\u00fcrte ich erst in der letzten Stunde ab Starnberg die ersehnte Leichtig- und Fr\u00f6hlichkeit.<\/p>\n<p><a href=\"https:\/\/www.vorspeisenplatte.de\/speisen\/archiv\/260829_06_Gauting.jpg\"><img loading=\"lazy\" decoding=\"async\" src=\"https:\/\/www.vorspeisenplatte.de\/speisen\/archiv\/260829_06_Gauting.jpg\" alt=\"\" width=\"346\" height=\"456\" class=\"alignnone size-full wp-image-122427\" \/><\/a><\/p>\n<p>Dieser GPS-Track f\u00fchrt ja erstmal eine ganze Weile durch Gauting selbst, hat mir ganz bezaubernde Schleichwege verraten.<\/p>\n<p><a href=\"https:\/\/www.vorspeisenplatte.de\/speisen\/archiv\/260829_09_Gauting.jpg\"><img loading=\"lazy\" decoding=\"async\" src=\"https:\/\/www.vorspeisenplatte.de\/speisen\/archiv\/260829_09_Gauting.jpg\" alt=\"\" width=\"393\" height=\"524\" class=\"alignnone size-full wp-image-122428\" \/><\/a><\/p>\n<p><a href=\"https:\/\/www.vorspeisenplatte.de\/speisen\/archiv\/260829_10_Gauting.jpg\"><img loading=\"lazy\" decoding=\"async\" src=\"https:\/\/www.vorspeisenplatte.de\/speisen\/archiv\/260829_10_Gauting.jpg\" alt=\"\" width=\"413\" height=\"531\" class=\"alignnone size-full wp-image-122429\" \/><\/a><\/p>\n<p>Man kreuzt ein paarmal die W\u00fcrm auf Holzbruckerln. Auf einem blieb ich stehen und suchte in der W\u00fcrm nach Fischen (erfolgreich), als eine andere Bruckerl-Guckerin mir zurief: &#8220;Da sitzt ein Eisvogel!&#8221; Ich folgte ihrer ausgestreckten Hand und sah ihn von einem Ast auffliegen. Wie wunderbar! Ich dankte herzlich &#8211; so macht man das n\u00e4mlich, man gibt besondere Sichtungen weiter (ich war verunsichert gewesen, weil ich schon mehrfach irritierte Blicke darauf geerntet hatte).<\/p>\n<p><a href=\"https:\/\/www.vorspeisenplatte.de\/speisen\/archiv\/260829_13_GautingReismuehle.jpg\"><img loading=\"lazy\" decoding=\"async\" src=\"https:\/\/www.vorspeisenplatte.de\/speisen\/archiv\/260829_13_GautingReismuehle.jpg\" alt=\"\" width=\"386\" height=\"532\" class=\"alignnone size-full wp-image-122430\" \/><\/a><\/p>\n<p><a href=\"https:\/\/www.vorspeisenplatte.de\/speisen\/archiv\/260829_14_GautingReismuehle.jpg\"><img loading=\"lazy\" decoding=\"async\" src=\"https:\/\/www.vorspeisenplatte.de\/speisen\/archiv\/260829_14_GautingReismuehle.jpg\" alt=\"\" width=\"339\" height=\"513\" class=\"alignnone size-full wp-image-122431\" \/><\/a><\/p>\n<p>Reism\u00fchle<\/p>\n<p><a href=\"https:\/\/www.vorspeisenplatte.de\/speisen\/archiv\/260829_20_Wuermweg.jpg\"><img loading=\"lazy\" decoding=\"async\" src=\"https:\/\/www.vorspeisenplatte.de\/speisen\/archiv\/260829_20_Wuermweg.jpg\" alt=\"\" width=\"484\" height=\"645\" class=\"alignnone size-full wp-image-122432\" \/><\/a><\/p>\n<p>Verzauberter Weg entlang der W\u00fcrm. Ich sah eine Weile einer Wasseramsel zu, die an einem bemoosten Ast herumpickte, dabei entz\u00fcckend knickste.<\/p>\n<p><a href=\"https:\/\/www.vorspeisenplatte.de\/speisen\/archiv\/260829_22_Leutstetten.jpg\"><img loading=\"lazy\" decoding=\"async\" src=\"https:\/\/www.vorspeisenplatte.de\/speisen\/archiv\/260829_22_Leutstetten.jpg\" alt=\"\" width=\"389\" height=\"552\" class=\"alignnone size-full wp-image-122433\" \/><\/a><\/p>\n<p><a href=\"https:\/\/www.vorspeisenplatte.de\/speisen\/archiv\/260829_23_Leutstetten.jpg\"><img loading=\"lazy\" decoding=\"async\" src=\"https:\/\/www.vorspeisenplatte.de\/speisen\/archiv\/260829_23_Leutstetten.jpg\" alt=\"\" width=\"620\" height=\"420\" class=\"alignnone size-full \" \/><\/a><\/p>\n<p>Weg von der W\u00fcrm Richtung Leutstetten, erster Blick auf den Starnberger See, einst W\u00fcrmsee.<\/p>\n<p><a href=\"https:\/\/www.vorspeisenplatte.de\/speisen\/archiv\/260829_25_LeutstettenVillaRustica.jpg\"><img loading=\"lazy\" decoding=\"async\" src=\"https:\/\/www.vorspeisenplatte.de\/speisen\/archiv\/260829_25_LeutstettenVillaRustica.jpg\" alt=\"\" width=\"600\" height=\"400\" class=\"alignnone size-full \" \/><\/a><\/p>\n<p>Nach gut zwei Stunden erstes Ausruhen auf einem Bankerl an der Villa rustica; Appetit hatte ich noch keinen. \u00dcber den Wiesen h\u00f6rte ich erst und sah dann zwei Bussarde Thermik-kreisen.<\/p>\n<p><a href=\"https:\/\/www.vorspeisenplatte.de\/speisen\/archiv\/260829_27_Perchta.jpg\"><img loading=\"lazy\" decoding=\"async\" src=\"https:\/\/www.vorspeisenplatte.de\/speisen\/archiv\/260829_27_Perchta.jpg\" alt=\"\" width=\"363\" height=\"484\" class=\"alignnone size-full wp-image-122436\" \/><\/a><\/p>\n<p>Unterf\u00fchrung nach Perchta, am Uferweg nach Starnberg.<\/p>\n<p><a href=\"https:\/\/www.vorspeisenplatte.de\/speisen\/archiv\/260829_28_Starnberg.jpg\"><img loading=\"lazy\" decoding=\"async\" src=\"https:\/\/www.vorspeisenplatte.de\/speisen\/archiv\/260829_28_Starnberg.jpg\" alt=\"\" width=\"348\" height=\"478\" class=\"alignnone size-full wp-image-122437\" \/><\/a><\/p>\n<p>Hier war reger Besucherverkehr, aber noch weit vor \u00dcberlaufenheit. Dennoch bekam ich f\u00fcr meinen versp\u00e4teten Mittagscappuccino keinen Platz am Tisch (zugegeben: weil ich mich nirgends dazusetzen wollte).<\/p>\n<p><a href=\"https:\/\/www.vorspeisenplatte.de\/speisen\/archiv\/260829_29_Starnberg.jpg\"><img loading=\"lazy\" decoding=\"async\" src=\"https:\/\/www.vorspeisenplatte.de\/speisen\/archiv\/260829_29_Starnberg.jpg\" alt=\"\" width=\"620\" height=\"392\" class=\"alignnone size-full \" \/><\/a><\/p>\n<p>Hoch zum Prinzenweg, Blick zur\u00fcck auf Starnberger See im Sommerlicht.<\/p>\n<p><a href=\"https:\/\/www.vorspeisenplatte.de\/speisen\/archiv\/260829_31_Prinzenweg.jpg\"><img loading=\"lazy\" decoding=\"async\" src=\"https:\/\/www.vorspeisenplatte.de\/speisen\/archiv\/260829_31_Prinzenweg.jpg\" alt=\"\" width=\"363\" height=\"484\" class=\"alignnone size-full wp-image-122439\" \/><\/a><\/p>\n<p>Brotzeitblick, kurz nach drei setzte ich mich zur gro\u00dfen Pause. Die geschenkte Karotte hatte ich gleich eingesteckt; eigentlich vertrage ich seit einiger Zeit rohe Karotten nicht und bekomme Bauchweg davon, doch in meinem Grant beschloss ich, es einfach nochmal zu probieren. Wenn ich davon Bauchweh bekam, geschah es mir gerade recht, und der Hunger w\u00e4re trotzdem weg, und wenn nicht &#8211; umso besser. Ich greife vor: kein Bauchweh, ich k\u00f6nnte es also mal wieder versuchen. Au\u00dferdem a\u00df ich mitgebrachte Mango mit Sojajoghurt.<\/p>\n<p><a href=\"https:\/\/www.vorspeisenplatte.de\/speisen\/archiv\/260829_34_PrinzenwegSelfie.jpg\"><img loading=\"lazy\" decoding=\"async\" src=\"https:\/\/www.vorspeisenplatte.de\/speisen\/archiv\/260829_34_PrinzenwegSelfie.jpg\" alt=\"\" width=\"278\" height=\"371\" class=\"alignnone size-full wp-image-122440\" \/><\/a><\/p>\n<p><a href=\"https:\/\/www.vorspeisenplatte.de\/speisen\/archiv\/260829_36_Prinzenweg.jpg\"><img loading=\"lazy\" decoding=\"async\" src=\"https:\/\/www.vorspeisenplatte.de\/speisen\/archiv\/260829_36_Prinzenweg.jpg\" alt=\"\" width=\"393\" height=\"524\" class=\"alignnone size-full wp-image-122441\" \/><\/a><\/p>\n<p><a href=\"https:\/\/www.vorspeisenplatte.de\/speisen\/archiv\/260829_37_Prinzenweg.jpg\"><img loading=\"lazy\" decoding=\"async\" src=\"https:\/\/www.vorspeisenplatte.de\/speisen\/archiv\/260829_37_Prinzenweg.jpg\" alt=\"\" width=\"275\" height=\"408\" class=\"alignnone size-full wp-image-122442\" \/><\/a><\/p>\n<p>Prinzenweg<\/p>\n<p><a href=\"https:\/\/www.vorspeisenplatte.de\/speisen\/archiv\/260829_39_Prinzenweg.jpg\"><img loading=\"lazy\" decoding=\"async\" src=\"https:\/\/www.vorspeisenplatte.de\/speisen\/archiv\/260829_39_Prinzenweg.jpg\" alt=\"\" width=\"600\" height=\"408\" class=\"alignnone size-full \" \/><\/a><\/p>\n<p>Nach den Birkengeschwistern, die mir vor vielen Jahren beim ersten Vorbeiwandern von der Maisinger Schlucht aufgefallen waren, hielt ich gezielt Ausschau: Sie wirkten sehr krank, wie so viele Birken dieses Jahr. Dabei wirkte die Landschaft, durch die ich gestern wanderte, gar nicht ausged\u00f6rrt.<\/p>\n<p>Nach knapp f\u00fcnf Stunden Wanderung kam ich am S-Bahnhof Possenhofen an. Einige durchgesagte Zug-Ausf\u00e4lle (Weiche, Stellwerk, Diesdas), doch nach einer halben Stunde Warten fuhr mich eine zur\u00fcck nach M\u00fcnchen. Ich f\u00fchlte mich gut durchbewegt und angemessen k\u00f6rperm\u00fcde.<\/p>\n<p>Zu Hause R\u00e4umen, K\u00f6rperpflege, bis Herr Kaltmamsell von letzten Eink\u00e4ufen zur\u00fcck kam. Wir einigten uns als Alkohol des Abends auf Cuba libre, der mich wieder beim ersten Schluck in mein Jugend-Spanien beamte.<\/p>\n<p>Den Abendessenstisch deckte ich mit einem Teller verschiedener K\u00e4sen, einem Teller Pressack rot und wei\u00df, Schweinskopfs\u00fclze, schwarzger\u00e4uchertem Schinken, frischem Brot, Butter, Tomaten. Sehr gutes German Abendbrot.<\/p>\n<p>Abendunterhaltung: <a href=\"https:\/\/www.arte.tv\/de\/videos\/120465-000-A\/dolly-parton-everybody-s-darling\/\" target=\"_blank\">Die Dolly-Parton Doku &#8220;Everybody&#8217;s Darling&#8221; in der arte-Mediathek.<\/a> <img loading=\"lazy\" decoding=\"async\" src=\"https:\/\/vg06.met.vgwort.de\/na\/278a29c99a094d3791f8bc7761818751\" width=\"1\" height=\"1\" alt=\"\"\/><\/p>\n","protected":false},"excerpt":{"rendered":"<p>Okaye Nacht, aber m\u00fcde aufgestanden &#8211; zumindest zum versprochenen wolkenlosen Sonnenschein mit k\u00fchler Luft, zu k\u00fchl f\u00fcr Morgenkaffee auf dem Balkon. Was wiederum wunderbar zu meinen Wanderpl\u00e4nen passte (Herr Kaltmamsell musste wegen doofer k\u00f6rperlicher Unp\u00e4sslichkeit passen). Erstmal k\u00fcmmerte ich mich ums Brotbacken. Der Teig f\u00fcrs Roggenmischbrot 70\/30 entwickelte mords Aktivit\u00e4t, ich bef\u00fcrchtete bereits \u00dcbergare und [&hellip;]<\/p>\n","protected":false},"author":2,"featured_media":0,"comment_status":"closed","ping_status":"closed","sticky":false,"template":"","format":"standard","meta":{"footnotes":""},"categories":[6,2,1,15],"tags":[],"class_list":["post-122412","post","type-post","status-publish","format-standard","hentry","category-essen","category-fotos","category-general","category-wandern"],"_links":{"self":[{"href":"https:\/\/www.vorspeisenplatte.de\/speisen\/wp-json\/wp\/v2\/posts\/122412","targetHints":{"allow":["GET"]}}],"collection":[{"href":"https:\/\/www.vorspeisenplatte.de\/speisen\/wp-json\/wp\/v2\/posts"}],"about":[{"href":"https:\/\/www.vorspeisenplatte.de\/speisen\/wp-json\/wp\/v2\/types\/post"}],"author":[{"embeddable":true,"href":"https:\/\/www.vorspeisenplatte.de\/speisen\/wp-json\/wp\/v2\/users\/2"}],"replies":[{"embeddable":true,"href":"https:\/\/www.vorspeisenplatte.de\/speisen\/wp-json\/wp\/v2\/comments?post=122412"}],"version-history":[{"count":3,"href":"https:\/\/www.vorspeisenplatte.de\/speisen\/wp-json\/wp\/v2\/posts\/122412\/revisions"}],"predecessor-version":[{"id":122450,"href":"https:\/\/www.vorspeisenplatte.de\/speisen\/wp-json\/wp\/v2\/posts\/122412\/revisions\/122450"}],"wp:attachment":[{"href":"https:\/\/www.vorspeisenplatte.de\/speisen\/wp-json\/wp\/v2\/media?parent=122412"}],"wp:term":[{"taxonomy":"category","embeddable":true,"href":"https:\/\/www.vorspeisenplatte.de\/speisen\/wp-json\/wp\/v2\/categories?post=122412"},{"taxonomy":"post_tag","embeddable":true,"href":"https:\/\/www.vorspeisenplatte.de\/speisen\/wp-json\/wp\/v2\/tags?post=122412"}],"curies":[{"name":"wp","href":"https:\/\/api.w.org\/{rel}","templated":true}]}}