{"id":122485,"date":"2026-09-01T06:20:13","date_gmt":"2026-09-01T04:20:13","guid":{"rendered":"https:\/\/www.vorspeisenplatte.de\/speisen\/?p=122485"},"modified":"2026-09-01T06:20:13","modified_gmt":"2026-09-01T04:20:13","slug":"journal-montag-31-august-2026-rueckkehr-der-rohen-karotte","status":"publish","type":"post","link":"https:\/\/www.vorspeisenplatte.de\/speisen\/2026\/09\/journal-montag-31-august-2026-rueckkehr-der-rohen-karotte.htm","title":{"rendered":"Journal Montag, 31. August 2026 &#8211; R\u00fcckkehr der rohen Karotte"},"content":{"rendered":"<p>Wow, welch turbulente Nacht. Diesmal brauchte ich nicht mal \u00e4u\u00dfere Einfl\u00fcsse: W\u00fcste Tr\u00e4ume und die Samba im Bauch, die Radieserln, Fr\u00fchlingszwiebeln und Schnittlauch aus Okroschka tanzten, reichten v\u00f6llig. Als der Wecker klingelte, war ich einerseits froh um das Ende der Nacht, andererseits v\u00f6llig benommen.<\/p>\n<p>Ich stand zu nassen Stra\u00dfen auf, aber zu milder Luft. <\/p>\n<p><a href=\"https:\/\/www.vorspeisenplatte.de\/speisen\/archiv\/260831_01_Buerohausblick.jpg\"><img loading=\"lazy\" decoding=\"async\" src=\"https:\/\/www.vorspeisenplatte.de\/speisen\/archiv\/260831_01_Buerohausblick.jpg\" alt=\"\" width=\"620\" height=\"358\" class=\"alignnone size-full \" \/><\/a><\/p>\n<p>Unerwartet zackiger Arbeitsvormittag. Ich schaffte es dennoch miitags auf einen Marsch um die Bl\u00f6cke, jetzt war die leicht windige Luft unter wenigen Sch\u00e4fchenwolken am blauen Himmel perfekt f\u00fcr tiefes Durchschnaufen.<\/p>\n<p>Zu Mittag gab es nochmal rohe Karotte (RISIKO!), dann restliches Wassermel\u00f6nchen und Skyjolei. Wieder kein Bauchweh von der rohen Karotte &#8211; vielleicht war das nur eine mehrj\u00e4hrige Phase? Es w\u00fcrde mich sehr freuen, den ich esse sie wirklich gerne.<\/p>\n<p>Highlight des Arbeitstags: Neue Kopfh\u00f6rer. Ich benutzte immer noch die allerersten, die noch vor Corona bei der Umstellung auf Computer-Telefonie verteilt wurden (und habe das Naturell von Schlachtr\u00f6ssern, die jedes Equipment bis zum letzten Hansaplast-Flicken benutzen &#8211; wobei ich darauf echt nicht stolz bin, sondern mich immer mehr wie eine Plastikt\u00fcten-b\u00fcgelnde Greisin f\u00fchle). Jetzt br\u00f6selte der Schaumstoff am einzigen H\u00f6rer, und nachdem meine Recherchen ergeben hatten, dass der Schaumstoff-\u00dcberzieher nicht auswechselbar war (geplante Obsoleszenz!), bestellte ich halt neue Kopfh\u00f6rer. Seit gestern telefoniere und h\u00f6re ich STEREO! Mal sehen, ob die bis zur Rente halten &#8211; oder ich irgendwann noch KABELLOSE erlebe.<\/p>\n<p>W\u00e4hrenddessen verfolgte Herr Kaltmamsell das angek\u00fcndigte DHL-Auto, das meinen Pulli nochmal geladen hatte, zum Teil auch in Echt und zu Fu\u00df. Mit Erfolg, er passte den Wagen vor unserem Haus ab! Und jetzt wei\u00df ein weiterer Paketbote, dass es an unserem Eingang Klingeln an ZWEI Seiten der T\u00fcr gibt.<\/p>\n<p>Nach Feierabend genoss ich die wunderbare Sp\u00e4tsommerluft und die Sonne. Auf dem Weg nach Hause stockte ich bei Aldi unsere Schokoladenvorr\u00e4te auf. Gr\u00fcndlich.<\/p>\n<p>Daheim eine angenehme Runde Yoga, langsam l\u00f6ste sich meine zur Faust geballte H\u00fcftgegend.<\/p>\n<p>Lesen auf dem Balkon bis zum Abendessen: In der M\u00fcnchner Stadtbibliothel war ein bestelltes Buch verf\u00fcgbar (Lukas Rietzschel, <i>Sanditz<\/i>), wie praktisch, dass ich gerade ein Literatur-Magazin las, das ich zwischen zwei Texten einfach unterbrechen konnte.<\/p>\n<p>F\u00fcrs Nachtmahl war Herr Kaltmamsell wieder einer Bitte von mir gefolgt und hatte ein Rindergulasch im Schnellkochtopf zubereitet.<\/p>\n<p><a href=\"https:\/\/www.vorspeisenplatte.de\/speisen\/archiv\/260831_07_Nachtmahl.jpg\"><img loading=\"lazy\" decoding=\"async\" src=\"https:\/\/www.vorspeisenplatte.de\/speisen\/archiv\/260831_07_Nachtmahl.jpg\" alt=\"\" width=\"453\" height=\"343\" class=\"alignnone size-full wp-image-122504\" \/><\/a><\/p>\n<p>Ganz hervorragend!<\/p>\n<p>Nachtisch sehr viel Schokolade.<\/p>\n<p>Im Bett Start der neuen Lekt\u00fcre; <i>Sanditz<\/i> \u00fcberraschte mich mit einem nicht-realistisch erz\u00e4hlten Beginn. <img loading=\"lazy\" decoding=\"async\" src=\"https:\/\/vg06.met.vgwort.de\/na\/31f61be914424c3bb393cc7219a8dfa5\" width=\"1\" height=\"1\" alt=\"\"\/><\/p>\n","protected":false},"excerpt":{"rendered":"<p>Wow, welch turbulente Nacht. Diesmal brauchte ich nicht mal \u00e4u\u00dfere Einfl\u00fcsse: W\u00fcste Tr\u00e4ume und die Samba im Bauch, die Radieserln, Fr\u00fchlingszwiebeln und Schnittlauch aus Okroschka tanzten, reichten v\u00f6llig. Als der Wecker klingelte, war ich einerseits froh um das Ende der Nacht, andererseits v\u00f6llig benommen. Ich stand zu nassen Stra\u00dfen auf, aber zu milder Luft. Unerwartet [&hellip;]<\/p>\n","protected":false},"author":2,"featured_media":0,"comment_status":"closed","ping_status":"closed","sticky":false,"template":"","format":"standard","meta":{"footnotes":""},"categories":[3,6,1],"tags":[],"class_list":["post-122485","post","type-post","status-publish","format-standard","hentry","category-bucher","category-essen","category-general"],"_links":{"self":[{"href":"https:\/\/www.vorspeisenplatte.de\/speisen\/wp-json\/wp\/v2\/posts\/122485","targetHints":{"allow":["GET"]}}],"collection":[{"href":"https:\/\/www.vorspeisenplatte.de\/speisen\/wp-json\/wp\/v2\/posts"}],"about":[{"href":"https:\/\/www.vorspeisenplatte.de\/speisen\/wp-json\/wp\/v2\/types\/post"}],"author":[{"embeddable":true,"href":"https:\/\/www.vorspeisenplatte.de\/speisen\/wp-json\/wp\/v2\/users\/2"}],"replies":[{"embeddable":true,"href":"https:\/\/www.vorspeisenplatte.de\/speisen\/wp-json\/wp\/v2\/comments?post=122485"}],"version-history":[{"count":3,"href":"https:\/\/www.vorspeisenplatte.de\/speisen\/wp-json\/wp\/v2\/posts\/122485\/revisions"}],"predecessor-version":[{"id":122513,"href":"https:\/\/www.vorspeisenplatte.de\/speisen\/wp-json\/wp\/v2\/posts\/122485\/revisions\/122513"}],"wp:attachment":[{"href":"https:\/\/www.vorspeisenplatte.de\/speisen\/wp-json\/wp\/v2\/media?parent=122485"}],"wp:term":[{"taxonomy":"category","embeddable":true,"href":"https:\/\/www.vorspeisenplatte.de\/speisen\/wp-json\/wp\/v2\/categories?post=122485"},{"taxonomy":"post_tag","embeddable":true,"href":"https:\/\/www.vorspeisenplatte.de\/speisen\/wp-json\/wp\/v2\/tags?post=122485"}],"curies":[{"name":"wp","href":"https:\/\/api.w.org\/{rel}","templated":true}]}}