{"id":122514,"date":"2026-09-02T06:15:24","date_gmt":"2026-09-02T04:15:24","guid":{"rendered":"https:\/\/www.vorspeisenplatte.de\/speisen\/?p=122514"},"modified":"2026-09-02T06:15:24","modified_gmt":"2026-09-02T04:15:24","slug":"journal-dienstag-1-september-2026-ich-weiss-ja-nicht","status":"publish","type":"post","link":"https:\/\/www.vorspeisenplatte.de\/speisen\/2026\/09\/journal-dienstag-1-september-2026-ich-weiss-ja-nicht.htm","title":{"rendered":"Journal Dienstag, 1. September 2026 &#8211; Ich wei\u00df ja nicht"},"content":{"rendered":"<p>September, ich wei\u00df ja nicht. Ist ein bisschen Wundert\u00fcte: Es kann noch Sommer drinstecken, aber auch schei\u00dfkalter, nasser, windiger Herbst. \u00dcber mir M\u00fcnchnerin h\u00e4ngt als Damoklesschwert der Beginn von Armageddon aka des Oktoberfests Ende September.<\/p>\n<p>Als Bayerin wiederum verbinde ich mit dem Monat aber auch den Beginn eines neuen Schuljahrs (diesen Rhythmus mag ich mir lebendig gehalten haben, weil ich mein Leben seit Jahrzehnten mit einem Lehrer teile), f\u00fchle in mir noch die damalige Gymnasiastin zwar mit spanischer Urlaubsbr\u00e4une von Sommerferien, aber in warmer Kleidung. Die Tage werden z\u00fcgig k\u00fcrzer, daran mag ich \u00fcberhaupt nichts. Uneingeschr\u00e4nkt gut hei\u00dfe ich allerdings dieses (meine F\u00fc\u00dfe und H\u00fcften wollen sofort in ChaCha ausbrechen):<\/p>\n<div class=\"video-wrapped\" style=\"width: 500px; height: 375px; background-image: url('https:\/\/www.vorspeisenplatte.de\/speisen\/wp-content\/plugins\/video-embed-privacy\/preview\/Gs069dndIYk.jpg')\" data-embed-frame=\"&lt;iframe title=&quot;Earth, Wind &amp;amp; Fire - September (Official HD Video)&quot; width=&quot;500&quot; height=&quot;375&quot; src=&quot;https:\/\/www.youtube.com\/embed\/Gs069dndIYk?feature=oembed&quot; frameborder=&quot;0&quot; allow=&quot;accelerometer; autoplay; clipboard-write; encrypted-media; gyroscope; picture-in-picture; web-share&quot; referrerpolicy=&quot;strict-origin-when-cross-origin&quot; allowfullscreen&gt;&lt;\/iframe&gt;\" data-embed-play=\"Abspielen&lt;div class=&quot;small&quot;&gt;Das Video wird von Youtube eingebettet abespielt. Es gilt die &lt;a href=&quot;https:\/\/www.google.com\/intl\/de\/policies\/privacy\/&quot; target=&quot;_blank&quot;&gt;Datenschutzerkl\u00e4rung von Google&lt;\/a&gt;&lt;\/div&gt;\">\n<div class=\"video-wrapped-nojs\">Aktivieren Sie JavaScript um das Video zu sehen.<br \/><a href=\"https:\/\/youtu.be\/Gs069dndIYk?si=9U2vmx4krTysyWZ4\">https:\/\/youtu.be\/Gs069dndIYk?si=9U2vmx4krTysyWZ4<\/a><\/div>\n<\/div>\n<p>\u00a7<\/p>\n<p>Recht gute Nacht, auch wenn mich ein Arbeitsproblem besch\u00e4ftigte. In einer Halbwachphase fiel mir daf\u00fcr zumindest eine tempor\u00e4re L\u00f6sung ein, Erleichterung.<\/p>\n<p>Wieder ein sonniger Tag, es waren Temperaturen weit unter Hitze angek\u00fcndigt. Entsprechend genussvoller Marsch in die Arbeit.<\/p>\n<p>Die Bedr\u00fcckung durch das Arbeitsproblem wurde mir nach Hochfahren des Rechners durch eine Krankmeldung erstmal genommen. Schlagartige Entspannung.<\/p>\n<p>Einiges weggeschafft, raus auf einen Mittagscappuccino im Westend &#8211; \u00fcberrascht von der immer noch frischen Luft.<\/p>\n<p>Sp\u00e4tes Mittagessen, weil Termin auf meinem eigentlichen Slot: Karotte, Banane, Feigen, Skyjolei. Diesmal meldete sich die rohe Karotte ab Nachmittag dann doch wieder mit Bauchweh, Mist. Passte zu meiner Gesamtlaune, Exitistieren ist derzeit wieder besonders l\u00e4stig.<\/p>\n<p>Nach Feierabend marschierte ich in angenehmen Temperaturen zu den Fotoautomaten unterm Stachus f\u00fcr eine Fortsetzung <a href=\"https:\/\/techniktagebuch.tumblr.com\/post\/120541556887\/30-mai-2015\" target=\"_blank\">meines Fotoprojekts<\/a>. Und wurde j\u00e4h ausgebremst: Beide Automaten <i>out of order<\/i>, davon einer ganz stumm und dunkel, der andere scheiterte an der Bezahlfunktion. Ach meia. Ja, ich schickte eine E-Mail mit dieser Information an den Aufsteller. (Ich war ja schon als Studentin diejenige, die bei Dysfunktion des Fotokopierers in der Bibliothek nicht nur Kommiliton*innen Bescheid gab, sondern auch der Haustechnik.)<\/p>\n<p>Daheim knurrend eine Einheit Yoga geturnt, bes\u00e4nftigender wirkte dann das gute Abendessen: Herr Kaltmamsell servierte die Ernteanteil-Zucchini gebraten auf Ricotta mit ger\u00f6steten Haseln\u00fcssen und die restlichen Ernteanteil-Karotten als Ofen-Fritten. Nachtisch viel Schokolade.<\/p>\n<p>Fr\u00fch ins Bett zum Lesen, die aktuelle Lekt\u00fcre, <i>Sanditz<\/i>, auch nicht gerade ein Sonnenstrahl, sondern eine weitere Variante DDR- und Post-DDR-Tristesse.<\/p>\n<p>\u00a7<\/p>\n<p>Lilly Schr\u00f6der macht sich Gedanken, warum der Vergewaltigungsprozess um Frank S., der &#8220;gr\u00f6\u00dfte Vergewaltigungsprozess, der je vor einem Berliner Gericht verhandelt wurde&#8221;, so wenig \u00f6ffentliche Aufmerksamkeit bekommt:<br \/>\n<a href=\"https:\/\/taz.de\/Vergewaltigungsprozess-Frank-S\/!6207644\/\" target=\"_blank\">&#8220;Keine Heldin, keine Emp\u00f6rung&#8221;.<\/a><\/p>\n<blockquote><p>Dass im Fall von Frank S. keines der Opfer \u00f6ffentlich in Erscheinung tritt, hat vermutlich auch mit Scham und Stigmatisierung zu tun. Denn der 68-j\u00e4hrige Elektriker S., der sich mal als Polizist, mal als Hubschrauberpilot ausgab, lernte die Frauen auf Onlinedatingplattformen kennen, mit einigen f\u00fchrte er eine Beziehung. W\u00e4hrend Gis\u00e8le Pelicot und Collien Fernandes die \u201eperfekten Opfer\u201c f\u00fcr einen Massenaufschrei darstellten, weil ihnen zweifellos keine Mitschuld zugeschoben werden konnte, greift bei den Opfern von Frank S. leichter das misogyne Victim-Blaming-Narrativ: Warum waren die Frauen \u00fcberhaupt auf diesen Plattformen? Warum haben sie sich auf solch eine gef\u00e4hrliche Situation eingelassen?<\/p><\/blockquote>\n<p>(&#8230;)<\/p>\n<blockquote><p>Frank S. erf\u00fcllt das T\u00e4terklischee geradezu perfekt: ein fremder Mann aus dem Internet, der sich als Serienvergewaltiger entpuppt. Das Problem: Die T\u00e4ter sind meist keine Monster. In der Regel sind es die eigenen Partner, Ex-Partner, Br\u00fcder, V\u00e4ter.<\/p><\/blockquote>\n<p>(&#8230;)<\/p>\n<blockquote><p>Es f\u00fchlt sich an, als h\u00e4tten wir als Gesellschaft hingenommen: M\u00e4nner vergewaltigen halt Frauen. Boys will be boys. Nur ist das nicht zu akzeptieren, denn \u201edie Vergewaltigung ist B\u00fcrgerkrieg\u201c, wie Virginie Despentes schreibt. \u201eSie ist die politische Organisation, durch die ein Geschlecht dem anderen erkl\u00e4rt: Ich habe alle Rechte \u00fcber dich, ich zwinge dich, dich unterlegen, schuldig und entw\u00fcrdigt zu f\u00fchlen.\u201c Das ist eine Realit\u00e4t, die wir niemals hinnehmen d\u00fcrfen.<\/p><\/blockquote>\n<p> <img loading=\"lazy\" decoding=\"async\" src=\"https:\/\/vg06.met.vgwort.de\/na\/fb98fcff31294292806f99ae30684e00\" width=\"1\" height=\"1\" alt=\"\"\/><\/p>\n","protected":false},"excerpt":{"rendered":"<p>September, ich wei\u00df ja nicht. Ist ein bisschen Wundert\u00fcte: Es kann noch Sommer drinstecken, aber auch schei\u00dfkalter, nasser, windiger Herbst. \u00dcber mir M\u00fcnchnerin h\u00e4ngt als Damoklesschwert der Beginn von Armageddon aka des Oktoberfests Ende September. Als Bayerin wiederum verbinde ich mit dem Monat aber auch den Beginn eines neuen Schuljahrs (diesen Rhythmus mag ich mir [&hellip;]<\/p>\n","protected":false},"author":2,"featured_media":0,"comment_status":"closed","ping_status":"closed","sticky":false,"template":"","format":"standard","meta":{"footnotes":""},"categories":[3,1],"tags":[],"class_list":["post-122514","post","type-post","status-publish","format-standard","hentry","category-bucher","category-general"],"_links":{"self":[{"href":"https:\/\/www.vorspeisenplatte.de\/speisen\/wp-json\/wp\/v2\/posts\/122514","targetHints":{"allow":["GET"]}}],"collection":[{"href":"https:\/\/www.vorspeisenplatte.de\/speisen\/wp-json\/wp\/v2\/posts"}],"about":[{"href":"https:\/\/www.vorspeisenplatte.de\/speisen\/wp-json\/wp\/v2\/types\/post"}],"author":[{"embeddable":true,"href":"https:\/\/www.vorspeisenplatte.de\/speisen\/wp-json\/wp\/v2\/users\/2"}],"replies":[{"embeddable":true,"href":"https:\/\/www.vorspeisenplatte.de\/speisen\/wp-json\/wp\/v2\/comments?post=122514"}],"version-history":[{"count":3,"href":"https:\/\/www.vorspeisenplatte.de\/speisen\/wp-json\/wp\/v2\/posts\/122514\/revisions"}],"predecessor-version":[{"id":122544,"href":"https:\/\/www.vorspeisenplatte.de\/speisen\/wp-json\/wp\/v2\/posts\/122514\/revisions\/122544"}],"wp:attachment":[{"href":"https:\/\/www.vorspeisenplatte.de\/speisen\/wp-json\/wp\/v2\/media?parent=122514"}],"wp:term":[{"taxonomy":"category","embeddable":true,"href":"https:\/\/www.vorspeisenplatte.de\/speisen\/wp-json\/wp\/v2\/categories?post=122514"},{"taxonomy":"post_tag","embeddable":true,"href":"https:\/\/www.vorspeisenplatte.de\/speisen\/wp-json\/wp\/v2\/tags?post=122514"}],"curies":[{"name":"wp","href":"https:\/\/api.w.org\/{rel}","templated":true}]}}