{"id":122546,"date":"2026-09-03T05:55:10","date_gmt":"2026-09-03T03:55:10","guid":{"rendered":"https:\/\/www.vorspeisenplatte.de\/speisen\/?p=122546"},"modified":"2026-09-03T05:55:10","modified_gmt":"2026-09-03T03:55:10","slug":"journal-mittwoch-2-september-2026-existenzlinderungen","status":"publish","type":"post","link":"https:\/\/www.vorspeisenplatte.de\/speisen\/2026\/09\/journal-mittwoch-2-september-2026-existenzlinderungen.htm","title":{"rendered":"Journal Mittwoch, 2. September 2026 &#8211; Existenzlinderungen"},"content":{"rendered":"<p>Gute Nacht, wenige Minuten vor Weckerklingeln aufgewacht, dennoch war ich am Vormittag bleiern m\u00fcde.<\/p>\n<p>Wolkenloser Morgen, doch bald zog der Himmel zu.<\/p>\n<p>Emsiger Vormittag, ich freute mich \u00fcber den Marsch in k\u00fchler, frischer Luft auf einen Mittagscappuccino.<\/p>\n<p><a href=\"https:\/\/www.vorspeisenplatte.de\/speisen\/archiv\/260902_05_Stray.jpg\"><img loading=\"lazy\" decoding=\"async\" src=\"https:\/\/www.vorspeisenplatte.de\/speisen\/archiv\/260902_05_Stray.jpg\" alt=\"\" width=\"363\" height=\"484\" class=\"alignnone size-full wp-image-122551\" \/><\/a><\/p>\n<p>Mittagessen einmal durch den Obstkorb: Banane, Feigen, Flachpfirsiche, Mangos. Und ein paar N\u00fcsse als Substanz in der Hoffnung, dass die S\u00e4ttigung anh\u00e4lt. Funktionierte ganz gut, ich bekam erst nach Stunden wieder Hunger. Nachmittag dennoch mit immer weiter sinkender Stimmung.<\/p>\n<p>Auf dem Heimweg Phantasien von Selbstaufl\u00f6sung, einfach ins Nichts, in Luft (die habe ich seit Kindertagen). Was gemeinerweise halt nicht geht.<\/p>\n<p>Eink\u00e4ufe beim Vollcorner. Zu Hause nur kurzes Auspacken und Waschmaschinef\u00fcllen, f\u00fcrs Abendessen war ich mit Herrn Kaltmamsell aush\u00e4usig verabredet: Wir fuhren mit der Tram zum M\u00fcller&#8217;schen Volksbad in die Rustikeria.<\/p>\n<p>Zu meiner Erleichterung bekamen wir auch ohne Reservierung einen Platz (ich h\u00e4tte aber einen Plan B gehabt).<\/p>\n<p><a href=\"https:\/\/www.vorspeisenplatte.de\/speisen\/archiv\/260902_11_Rustikeria.jpg\"><img loading=\"lazy\" decoding=\"async\" src=\"https:\/\/www.vorspeisenplatte.de\/speisen\/archiv\/260902_11_Rustikeria.jpg\" alt=\"\" width=\"338\" height=\"468\" class=\"alignnone size-full wp-image-122554\" \/><\/a><\/p>\n<p>Es gab Drinks (ich erinnerte mich, dass ich hier die alkoholfreien besonders mochte) und schwer auszusprechende Schiacciata.<\/p>\n<p><a href=\"https:\/\/www.vorspeisenplatte.de\/speisen\/archiv\/260902_14_Rustikeria.jpg\"><img loading=\"lazy\" decoding=\"async\" src=\"https:\/\/www.vorspeisenplatte.de\/speisen\/archiv\/260902_14_Rustikeria.jpg\" alt=\"\" width=\"333\" height=\"389\" class=\"alignnone size-full wp-image-122555\" \/><\/a><\/p>\n<p>F\u00fcr mich mit Grillgem\u00fcse und Mozzarella, ganz hervorragend. Das und die Erz\u00e4hlungen von Herrn Kaltmamsells \u00dcberlegungen zu seinen k\u00fcrzlichen Lekt\u00fcren (Ilias, Odyssee, Terry Pratchett) vers\u00f6hnten mich ein wenig mit dem Existierenm\u00fcssen.<\/p>\n<p><a href=\"https:\/\/www.vorspeisenplatte.de\/speisen\/archiv\/260902_15_MuellerschesVolksbad.jpg\"><img loading=\"lazy\" decoding=\"async\" src=\"https:\/\/www.vorspeisenplatte.de\/speisen\/archiv\/260902_15_MuellerschesVolksbad.jpg\" alt=\"\" width=\"600\" height=\"450\" class=\"alignnone size-full \" \/><\/a><\/p>\n<p>Dazu Aussicht.<\/p>\n<p>Tram nach Hause, dort zum Nachtisch Schokolade.<\/p>\n<p>Ins Bett mit Laufpl\u00e4nen f\u00fcr den n\u00e4chsten Morgen: Wenn ich nach Lerchenschwumm um kurz vor halb zehn in die Arbeit kommen kann, geht doch noch eine Laufrunde sp\u00e4t genug f\u00fcr gen\u00fcgend Morgenlicht. Mal sehen, wann mich das an den Schreibtisch l\u00e4sst, derzeit d\u00fcrfte morgens nichts anbrennen.<\/p>\n<p>\u00a7<\/p>\n<p>Die Recherchen der <i>Tagesschau<\/i>-Redaktion ergeben: Bundeskanzler (!) Friedrich Merz hat haupts\u00e4chlich Schmarrn geredet:<br \/>\n<a href=\"https:\/\/www.tagesschau.de\/faktenfinder\/sommerinterview-faktencheck-merz-100.html\" target=\"_blank\">&#8220;Das Interview mit Merz im Faktencheck&#8221;.<\/a><\/p>\n<p>Das Schlimme ist: Ich vermute bei Merz weniger Manipulationsabsicht als echte Unkenntnis. Mein Bild von ihm: Er liest so gut wie keine Unterlagen und Informationen aus erster Hand, sondern verl\u00e4sst sich auf das vage Reporting seiner Entourage. Doch wenn es stimmt (leider l\u00e4sst sich das belegen), dass Wahlentscheidungen und politische Ansichten mehrheitlich eh nicht auf Fakten fu\u00dfen, macht Merz ja auch nichts falsch.<\/p>\n<p>\u00a7<\/p>\n<p>Der ADFC f\u00fchrt wieder seinen Fahrradklima-Test durch, &#8220;Wie fahrradfreundlich ist dein Ort?&#8221;: Je mehr Radler*innen daran teilnehmen, desto aussagekr\u00e4ftiger, diesmal mit Extra-Befragung von Jugendlichen &#8211; <a href=\"https:\/\/fkt.adfc.de\/\" target=\"_blank\">vielleicht m\u00f6gen Sie auch?<\/a> <img loading=\"lazy\" decoding=\"async\" src=\"https:\/\/vg06.met.vgwort.de\/na\/1cfcce7df42d42abb8f84384b65acb7f\" width=\"1\" height=\"1\" alt=\"\"\/><\/p>\n","protected":false},"excerpt":{"rendered":"<p>Gute Nacht, wenige Minuten vor Weckerklingeln aufgewacht, dennoch war ich am Vormittag bleiern m\u00fcde. Wolkenloser Morgen, doch bald zog der Himmel zu. Emsiger Vormittag, ich freute mich \u00fcber den Marsch in k\u00fchler, frischer Luft auf einen Mittagscappuccino. Mittagessen einmal durch den Obstkorb: Banane, Feigen, Flachpfirsiche, Mangos. Und ein paar N\u00fcsse als Substanz in der Hoffnung, [&hellip;]<\/p>\n","protected":false},"author":2,"featured_media":0,"comment_status":"closed","ping_status":"closed","sticky":false,"template":"","format":"standard","meta":{"footnotes":""},"categories":[6,2,1],"tags":[],"class_list":["post-122546","post","type-post","status-publish","format-standard","hentry","category-essen","category-fotos","category-general"],"_links":{"self":[{"href":"https:\/\/www.vorspeisenplatte.de\/speisen\/wp-json\/wp\/v2\/posts\/122546","targetHints":{"allow":["GET"]}}],"collection":[{"href":"https:\/\/www.vorspeisenplatte.de\/speisen\/wp-json\/wp\/v2\/posts"}],"about":[{"href":"https:\/\/www.vorspeisenplatte.de\/speisen\/wp-json\/wp\/v2\/types\/post"}],"author":[{"embeddable":true,"href":"https:\/\/www.vorspeisenplatte.de\/speisen\/wp-json\/wp\/v2\/users\/2"}],"replies":[{"embeddable":true,"href":"https:\/\/www.vorspeisenplatte.de\/speisen\/wp-json\/wp\/v2\/comments?post=122546"}],"version-history":[{"count":3,"href":"https:\/\/www.vorspeisenplatte.de\/speisen\/wp-json\/wp\/v2\/posts\/122546\/revisions"}],"predecessor-version":[{"id":122562,"href":"https:\/\/www.vorspeisenplatte.de\/speisen\/wp-json\/wp\/v2\/posts\/122546\/revisions\/122562"}],"wp:attachment":[{"href":"https:\/\/www.vorspeisenplatte.de\/speisen\/wp-json\/wp\/v2\/media?parent=122546"}],"wp:term":[{"taxonomy":"category","embeddable":true,"href":"https:\/\/www.vorspeisenplatte.de\/speisen\/wp-json\/wp\/v2\/categories?post=122546"},{"taxonomy":"post_tag","embeddable":true,"href":"https:\/\/www.vorspeisenplatte.de\/speisen\/wp-json\/wp\/v2\/tags?post=122546"}],"curies":[{"name":"wp","href":"https:\/\/api.w.org\/{rel}","templated":true}]}}