{"id":122563,"date":"2026-09-04T06:30:04","date_gmt":"2026-09-04T04:30:04","guid":{"rendered":"https:\/\/www.vorspeisenplatte.de\/speisen\/?p=122563"},"modified":"2026-09-04T06:30:04","modified_gmt":"2026-09-04T04:30:04","slug":"journal-donnerstag-3-september-2026-indirekte-sprechakte-und-cogito-interruptus-verlaengerung-der-lerchenlauf-saison","status":"publish","type":"post","link":"https:\/\/www.vorspeisenplatte.de\/speisen\/2026\/09\/journal-donnerstag-3-september-2026-indirekte-sprechakte-und-cogito-interruptus-verlaengerung-der-lerchenlauf-saison.htm","title":{"rendered":"Journal Donnerstag, 3. September 2026 &#8211; Indirekte Sprechakte und Cogito interruptus \/ Verl\u00e4ngerung der Lerchenlauf-Saison"},"content":{"rendered":"<p><i>Confession time:<\/i> Ich habe ein echtes Problem mit indirekten Sprechakten. <a href=\"https:\/\/www.wortbedeutung.info\/indirekter_Sprechakt\/\" target=\"_blank\">Als indirekten Sprechakt bezeichnet man vereinfacht erkl\u00e4rt<\/a>, einen<\/p>\n<blockquote><p>Sprechakt, bei dem die Sprecherintention (-absicht) nur indirekt und nicht wortw\u00f6rtlich zum Ausdruck gebracht wird<\/p><\/blockquote>\n<p>Standardbeispiel, an dem uns das auch an der Uni in Sprachwissenschaft vermittelt wurde, wenn jemand sagt: &#8220;Es zieht.&#8221;, das aber in Wirklichkeit die Bitte ist, das Fenster zu schlie\u00dfen.<sup><a href=\"#footnote_1_122563\" id=\"identifier_1_122563\" class=\"footnote-link footnote-identifier-link\" title=\"Wer mehr zur Spreachakttheorie von Austin wissen m&ouml;chte, bitte hier klicken.\">1<\/a><\/sup> Ich hoffe, das verst\u00fcnde dann sogar ich, sonst aber komme ich meist nicht weiter als zu erkennen: Da sagt jemand gerade etwas anderes als auf der W\u00f6rtlichkeitsebene. Am schlimmsten ist das bei Fragen, denn ich bemerke, dass jetzt nicht eine Antwort auf die tats\u00e4chlich gestellte Frage erwartet wird, sondern auf etwas anderes (WAS???). Einfach f\u00e4llt mir die Entschl\u00fcsselung noch, wenn die Situation im pers\u00f6nlichen Umgang auftritt und ich beim Absendenden eine klare Emotion erkenne. Ein zorniges &#8220;GEHT&#8217;S NOCH?&#8221; macht mir klar, dass ich Unmut ausgel\u00f6st habe, praktisch immer ist offensichtlich wodurch. Ein fr\u00f6hliches &#8220;Na, alles klar?&#8221; erkenne ich als wohlwollenden Gru\u00df. Dass mir bei indirekten Sprechakten in Form von Flirten allerdings jegliche Sensoren fehlen, habe ich hier erst k\u00fcrzlich bekannt.<\/p>\n<p>Doch vor allem schriftlich bin ich schnell und gr\u00fcndlich zu verunsichern, zumal wenn Fragen oder Handlungsaufforderungen nicht als solche formuliert werden. Erreicht mich &#8220;Habe zuletzt das Heft 1\/2026 erhalten&#8221; als Kommentar eines Zeitschriften-Abonnenten, kann das alles von der Frage nach dem Erscheinen des n\u00e4chsten Hefts bedeuten bis zur Bitte, die Datenbank auf korrekte Anschrift zu \u00fcberpr\u00fcfen &#8211; was ich alles nur vermuten und konstruieren kann. Oft ahne ich auch die Unterstellungen und Fehlannahmen hinter einer uneigentlichen Frage, kann mir aber nicht sicher sein und wei\u00df, dass es den Kommunikationsfluss zu sehr st\u00f6ren w\u00fcrde, spr\u00e4che ich meine Ahnungen zur Verifizierung aus.<\/p>\n<p>Es gibt vermutlich zahllose psychologische und soziologische Erkl\u00e4rungen f\u00fcr die Wahl dieser uneigentlichen Kommunikation (und ich habe mir ja angelesen, dass es Kulturen gibt, in denen direkte Aussagen und Fragen sogar als ausgesprochen unh\u00f6flich gelten), mich bringt sie echt ehrlich an den zur Floskel gewordenen Rand der Verzweiflung.<\/p>\n<p>Und erinnert mich gelockert assoziativ an Umberto Ecos &#8220;Cogito interruptus&#8221;. Eco f\u00fchrt diesen Begriff in einer gleichnamigen Buchrezension f\u00fcr <i>Quindici<\/i> von 1967 ein.<\/p>\n<blockquote><p>Cogito interruptus ist typisch f\u00fcr jene, die \u00fcberall in der Welt Symbole sehen. So der Verr\u00fcckte (der uns zum Beispiel ein Streichholzheftchen vor die Nase h\u00e4lt, uns lange und tief in die Augen blickt und schlie\u00dflich bedeutungsvoll sagt: \u00bbSeht ihr, es sind genau sieben \u2026\u00ab, in der Erwartung, da\u00df wir den verborgenen Sinn dieses unwiderlegbaren Zeichens erfassen); so auch der Bewohner eines symbolischen Universums, dem jeder Gegenstand und jedes Ereignis zum Zeichen f\u00fcr etwas \u00dcberirdisches wird, das alle bereits vorhanden wissen und nur noch best\u00e4tigt sehen wollen.<\/p><\/blockquote>\n<p>Diese Form der Argumentation macht mich n\u00e4mlich ebenso fertig wie indirekte Sprechakte: Wenn mir ein Fakt hingehalten wird &#8211; offensichtlich in der Erwartung, dass ich ihn genauso ins Thema einordne wie der Hinhaltende. Auch das funktioniert nur bei gro\u00dfer Vertrautheit und nach langem Abgleich von Argumenten, selbst dann mit Risiko des Missverstehens.<\/p>\n<p>Was mich wiederum, H\u00f6lzchen -> St\u00f6ckchen, zur Empfehlung von Ecos Einteilung in Apokalyptiker und Integrierte bringt, wenn es um Neuerungen in Gesellschaft, Technik, allem geht. Die n\u00e4mlich oft denselben Fakt jeweils f\u00fcr ihr komplett kontr\u00e4res Weltbild reklamieren. Ich bitte deshalb dazuzusagen, was der Fakt in einem konkreten Zusammenhang belegen soll.<\/p>\n<p>(Wehm\u00fctige Erinnerung an die Zeiten, als ich mich mit Begeisterung und Konzentration durch sowas Dichtes wie Umberto Ecos Aufs\u00e4tze fr\u00e4ste.)<\/p>\n<p>\u00a7<\/p>\n<p>Nach mittelguter Nacht zu fr\u00fchem Wecker aufgestanden. Wie berechnet war es kurz vor halb sieben bei nahezu wolkenlosem Morgenhimmel hell genug f\u00fcr einen Risiko-armen Lauf an der Isar. Der K\u00f6rper spielte einigerma\u00dfen mit, derzeit zwickt&#8217;s halt wieder arg im Kreuz und in den H\u00fcften. Sch\u00f6ne 80 Minuten mit wundervollen Ansichten.<\/p>\n<p><a href=\"https:\/\/www.vorspeisenplatte.de\/speisen\/archiv\/260903_07_Wittelsbacherbr.jpg\"><img loading=\"lazy\" decoding=\"async\" src=\"https:\/\/www.vorspeisenplatte.de\/speisen\/archiv\/260903_07_Wittelsbacherbr.jpg\" alt=\"\" width=\"322\" height=\"388\" class=\"alignnone size-full wp-image-122577\" \/><\/a><\/p>\n<p>Wenn sie lautlos fliegen, sind sie auf dem Weg fort.<\/p>\n<p><a href=\"https:\/\/www.vorspeisenplatte.de\/speisen\/archiv\/260903_08_Brudermuehlbr.jpg\"><img loading=\"lazy\" decoding=\"async\" src=\"https:\/\/www.vorspeisenplatte.de\/speisen\/archiv\/260903_08_Brudermuehlbr.jpg\" alt=\"\" width=\"620\" height=\"303\" class=\"alignnone size-full \" \/><\/a><\/p>\n<p><a href=\"https:\/\/www.vorspeisenplatte.de\/speisen\/archiv\/260903_09_Brudermuehlbr.jpg\"><img loading=\"lazy\" decoding=\"async\" src=\"https:\/\/www.vorspeisenplatte.de\/speisen\/archiv\/260903_09_Brudermuehlbr.jpg\" alt=\"\" width=\"600\" height=\"292\" class=\"alignnone size-full \" \/><\/a><\/p>\n<p>Neues unter der Bruderm\u00fchlbr\u00fccke.<\/p>\n<p><a href=\"https:\/\/www.vorspeisenplatte.de\/speisen\/archiv\/260903_11_Flaucher.jpg\"><img loading=\"lazy\" decoding=\"async\" src=\"https:\/\/www.vorspeisenplatte.de\/speisen\/archiv\/260903_11_Flaucher.jpg\" alt=\"\" width=\"459\" height=\"498\" class=\"alignnone size-full wp-image-122580\" \/><\/a><\/p>\n<p><a href=\"https:\/\/www.vorspeisenplatte.de\/speisen\/archiv\/260903_13_Thalkirchen.jpg\"><img loading=\"lazy\" decoding=\"async\" src=\"https:\/\/www.vorspeisenplatte.de\/speisen\/archiv\/260903_13_Thalkirchen.jpg\" alt=\"\" width=\"390\" height=\"614\" class=\"alignnone size-full wp-image-122581\" \/><\/a><\/p>\n<p>Leuchtpappel!<\/p>\n<p><a href=\"https:\/\/www.vorspeisenplatte.de\/speisen\/archiv\/260903_17_Brudermuehlbr.jpg\"><img loading=\"lazy\" decoding=\"async\" src=\"https:\/\/www.vorspeisenplatte.de\/speisen\/archiv\/260903_17_Brudermuehlbr.jpg\" alt=\"\" width=\"611\" height=\"422\" class=\"alignnone size-full wp-image-122582\" \/><\/a><\/p>\n<p>Vertrautes unter der Bruderm\u00fchlbr\u00fccke.<\/p>\n<p><a href=\"https:\/\/www.vorspeisenplatte.de\/speisen\/archiv\/260903_18_Wittelsbacherlbr.jpg\"><img loading=\"lazy\" decoding=\"async\" src=\"https:\/\/www.vorspeisenplatte.de\/speisen\/archiv\/260903_18_Wittelsbacherlbr.jpg\" alt=\"\" width=\"428\" height=\"546\" class=\"alignnone size-full wp-image-122583\" \/><\/a><\/p>\n<p><a href=\"https:\/\/www.vorspeisenplatte.de\/speisen\/archiv\/260903_24_AlterSuedfriedhofSelfie.jpg\"><img loading=\"lazy\" decoding=\"async\" src=\"https:\/\/www.vorspeisenplatte.de\/speisen\/archiv\/260903_24_AlterSuedfriedhofSelfie.jpg\" alt=\"\" width=\"371\" height=\"494\" class=\"alignnone size-full wp-image-122584\" \/><\/a><\/p>\n<p>Schabernack auf dem Alten S\u00fcdfriedhof zum Abschluss (Besuch beim Chef, h\u00f6h\u00f6h\u00f6). Mal wieder funktionierte das Motiv, das ich mir vorgestellt hatte, nicht so recht, ich sollte dann doch mal einen Selfie-Kurs bei der VHS belegen.<\/p>\n<p>Zackige K\u00f6rperpflege, kurze Abstimmung mit dem immer noch Ferien genie\u00dfenden Herrn Kaltmamsell u.a. zu Ernteanteil-Abholung.<\/p>\n<p>Mit U-Bahn-Bescheunigung stempelte ich um 08:43 Uhr ein, nicht mal eine Stunde sp\u00e4ter als im Durchschnitt. Hiermit sehe ich meine Lerchenlauf-Saison 2027 um einen Monat verl\u00e4ngert.<\/p>\n<p>Emsiger Arbeitsvormittag, aber mit gen\u00fcgend Zeit f\u00fcr Mittagscappuccino ausw\u00e4rts. Eintr\u00fcbung wegen fehlender Zeitungslekt\u00fcre: Am dritten Tag in Folge war sie nicht geliefert worden.<br \/>\nZu Mittag gab es Flachpfirsiche (mehlig nachgereift, ich erkl\u00e4re die Saison f\u00fcr beendet) und Skyjolei.<\/p>\n<p>Viel Work-around-Basteln, diesmal war es aus der Microsoft-Office-Suite Powerpoint, das mich im Stich lie\u00df und die Notizseiten-Ansicht einer auszudruckenden Pr\u00e4sentation zerschoss, unreparierbar (mehr als eine Stunde versuchte ich es allerdings auch nicht). Ich behalf mich mit Zusammenpappen von Screenshots, um den Auftrag eines Papierausdrucks zu erf\u00fcllen.<\/p>\n<p>Auf dem Heimweg holte also ich den Ernteanteil ab, Herr Kaltmamsell war auf Familientreffen. Er enthielt diesmal ein Riesenb\u00fcndel Petersilie, zudem Tomaten, Gurke, Fr\u00fchlingszwiebeln &#8211; ich plante Taboul\u00e9. Daf\u00fcr \u00fcbergo\u00df ich daheim gleich mal Bulgur mit kochender Gem\u00fcsebr\u00fche, bevor ich r\u00e4umte und eine Runde Yoga turnte.<\/p>\n<p>Tabloul\u00e9 fertiggeschnippelt und angemacht, wurde ein gutes Abendessen, dazu etwas K\u00e4se. Nachtisch Schokolade.<\/p>\n<p>Ins Bett zum ausdauernden R\u00f6hren einer Geb\u00e4renden durchs offene Fenster der benachbarten Klinik.<\/p>\n<p>\u00a7<\/p>\n<p>Abschied f\u00fcr immer von einer weiteren Ikone des Feminismus: Gloria Steinem wurde 93 Jahre alt. Im Januar 1987 schrieb sie f\u00fcr <i>Ms.<\/i> \u00fcber Dolly Parton, und das Magazin hat den Artikel neu ver\u00f6ffentlich:<br \/>\n<a href=\"https:\/\/msmagazine.com\/2026\/08\/27\/dolly-parton-gloria-steinem-feminist\/\" target=\"_blank\">&#8220;Dolly Parton\u2019s Unique Feminist Power, as Told by Gloria Steinem&#8221;.<\/a><\/p>\n<blockquote><p>People who haven\u2019t listened to Dolly Parton or to feminism may be surprised to learn that they go together. In fact, she has crossed musical class lines to bring work, real life, and strong women into a world of pop music usually dominated by unreal romance. She has used her business sense to bring other women and poor people along with her. And her flamboyant style has turned all the devalued symbols of womanliness to her own ends.<\/p>\n<p>If feminism means each of us finding our unique power, and helping other women do the same, Dolly Parton certainly has done both.<\/p><\/blockquote>\n<p> <img loading=\"lazy\" decoding=\"async\" src=\"https:\/\/vg06.met.vgwort.de\/na\/25498a5c6f1149a584e787c4f84d16c3\" width=\"1\" height=\"1\" alt=\"\"\/><\/p>\n<ol class=\"footnotes\"><li id=\"footnote_1_122563\" class=\"footnote\">Wer mehr zur Spreachakttheorie von Austin wissen m\u00f6chte, <a href=\"https:\/\/de.wikipedia.org\/wiki\/Sprechakttheorie#Sprechakte\" target=\"_blank\">bitte hier klicken<\/a>.<span class=\"footnote-back-link-wrapper\"> [<a href=\"#identifier_1_122563\" class=\"footnote-link footnote-back-link\">&#8617;<\/a>]<\/span><\/li><\/ol>","protected":false},"excerpt":{"rendered":"<p>Confession time: Ich habe ein echtes Problem mit indirekten Sprechakten. Als indirekten Sprechakt bezeichnet man vereinfacht erkl\u00e4rt, einen Sprechakt, bei dem die Sprecherintention (-absicht) nur indirekt und nicht wortw\u00f6rtlich zum Ausdruck gebracht wird Standardbeispiel, an dem uns das auch an der Uni in Sprachwissenschaft vermittelt wurde, wenn jemand sagt: &#8220;Es zieht.&#8221;, das aber in Wirklichkeit [&hellip;]<\/p>\n","protected":false},"author":2,"featured_media":0,"comment_status":"closed","ping_status":"closed","sticky":false,"template":"","format":"standard","meta":{"footnotes":""},"categories":[2,1],"tags":[],"class_list":["post-122563","post","type-post","status-publish","format-standard","hentry","category-fotos","category-general"],"_links":{"self":[{"href":"https:\/\/www.vorspeisenplatte.de\/speisen\/wp-json\/wp\/v2\/posts\/122563","targetHints":{"allow":["GET"]}}],"collection":[{"href":"https:\/\/www.vorspeisenplatte.de\/speisen\/wp-json\/wp\/v2\/posts"}],"about":[{"href":"https:\/\/www.vorspeisenplatte.de\/speisen\/wp-json\/wp\/v2\/types\/post"}],"author":[{"embeddable":true,"href":"https:\/\/www.vorspeisenplatte.de\/speisen\/wp-json\/wp\/v2\/users\/2"}],"replies":[{"embeddable":true,"href":"https:\/\/www.vorspeisenplatte.de\/speisen\/wp-json\/wp\/v2\/comments?post=122563"}],"version-history":[{"count":3,"href":"https:\/\/www.vorspeisenplatte.de\/speisen\/wp-json\/wp\/v2\/posts\/122563\/revisions"}],"predecessor-version":[{"id":122594,"href":"https:\/\/www.vorspeisenplatte.de\/speisen\/wp-json\/wp\/v2\/posts\/122563\/revisions\/122594"}],"wp:attachment":[{"href":"https:\/\/www.vorspeisenplatte.de\/speisen\/wp-json\/wp\/v2\/media?parent=122563"}],"wp:term":[{"taxonomy":"category","embeddable":true,"href":"https:\/\/www.vorspeisenplatte.de\/speisen\/wp-json\/wp\/v2\/categories?post=122563"},{"taxonomy":"post_tag","embeddable":true,"href":"https:\/\/www.vorspeisenplatte.de\/speisen\/wp-json\/wp\/v2\/tags?post=122563"}],"curies":[{"name":"wp","href":"https:\/\/api.w.org\/{rel}","templated":true}]}}