{"id":12408,"date":"2011-09-09T09:30:10","date_gmt":"2011-09-09T07:30:10","guid":{"rendered":"https:\/\/www.vorspeisenplatte.de\/speisen\/?p=12408"},"modified":"2011-09-09T09:30:10","modified_gmt":"2011-09-09T07:30:10","slug":"wired-auf-deutsch","status":"publish","type":"post","link":"https:\/\/www.vorspeisenplatte.de\/speisen\/2011\/09\/wired-auf-deutsch.htm","title":{"rendered":"<i>Wired<\/i> auf Deutsch"},"content":{"rendered":"<p>\u201eDas ist ja wie Sch\u00fclerzeitung lesen\u201c, sagte ich gestern Morgen zur Kollegin, \u201edie meisten Leute kenne ich.\u201c Auf dem Weg in die Arbeit hatte ich mir am M\u00fcnchner Hauptbahnhof <a href=\"http:\/\/www.wired.de\/\" target=\"_blank\">die erste deutsche <i>Wired<\/i><\/a> geholt (mag jemand ein \u00fcbriges <i>GQ<\/i>?) \u2013 eben weil ich die Entstehung des Magazins von ziemlich Nahem mitverfolgt hatte und ausgesprochen gespannt war.<\/p>\n<p>Entsprechend ist mir praktisch keines der Themen neu \u2013 allerdings nicht unbedingt, weil ich die Genesis kannte, sondern weil das halt die aktuellen Themen in meiner Ecke des Internets und der Welt sind. Sehen Sie: Beruflich verfolge ich ja per Twitter, Blogs, sonstigen Onlinemedien auch Vermeldungen von Menschen, die seit Kurzem Internet- und Webexpertise als Kompetenz verkaufen. Doch bis heute tauchen Neuigkeiten fast immer deutlich fr\u00fcher (bis zu zwei Tagen) in meinen privaten Kan\u00e4len auf, also bei den Menschen, mit denen ich seit vielen Jahren privat Onlinekontakt habe.<\/p>\n<p>Genau deshalb interessiert mich bei der Einsch\u00e4tzung der Markterfolgs am wenigsten das Feedback auf <i>Wired<\/i> aus meiner gewohnten Ecke des Internets. Dort kann das Magazin nicht anders denn als Mitgliederzeitschrift gelesen werden, und zwar von Mitglieder f\u00fcr Mitglieder. Nat\u00fcrlich interessieren mich die Meinungen der anderen Mitglieder schon auch, zum Beispiel <a href=\"http:\/\/wirres.net\/article\/articleview\/5910\/1\/6\/\" target=\"_blank\">die von ix<\/a> \u2013 aber ich glaube nicht, dass sich daraus ein k\u00fcnftiges Potenzial des Projekts ablesen l\u00e4sst. Sehr gespannt hingegen bin ich, wie die Gazette au\u00dferhalb dieser Ecke ankommt: Was halten die Menschen davon, von denen ich keine Ahnung habe? Zum Beispiel, fangen wir doch gleich mal damit an, die Leser von <i>GQ<\/i>? Ob es wohl eine M\u00f6glichkeit gibt, die <i>Wired<\/i>-Mitglieder aus Feedback und Reaktionen auszufiltern?<\/p>\n<p>Mein pers\u00f6nlicher Mitglieder-Eindruck: Ansprechende Themen, die ich ja auch im Web mitverfolge, ansprechendes Layout \u2013 nur den Stil der Personenfotos (dunkel, starke Kontraste, erdige T\u00f6ne, Instagramm-\u00c4sthetik), die ich seit einigen Jahren aus der Modewerbung kenne, mag ich gar nicht. Da strampeln wir PR-Schicksen uns seit Jahren ab, journalistisches Fotomaterial \u00fcbers Unternehmen zu erstellen, authentisch, glaubw\u00fcrdig, dokumentarisch \u2013 und dann wirken die tats\u00e4chlich journalistischen Fotos wie aus dem hypergek\u00fcnstelten Werbekosmos.<br \/>\nF\u00fcr mich hei\u00dft das im Deutschen \u00fcbrigens weiterhin Nerd (im Englischen w\u00e4re ich mit der Verwendung \u00e4hnlich vorsichtig wie mit der von Freak). Ich bin sogar ein Nerd-Groupie &#8211; eigener Eintrag dazu folgt.<\/p>\n","protected":false},"excerpt":{"rendered":"<p>\u201eDas ist ja wie Sch\u00fclerzeitung lesen\u201c, sagte ich gestern Morgen zur Kollegin, \u201edie meisten Leute kenne ich.\u201c Auf dem Weg in die Arbeit hatte ich mir am M\u00fcnchner Hauptbahnhof die erste deutsche Wired geholt (mag jemand ein \u00fcbriges GQ?) \u2013 eben weil ich die Entstehung des Magazins von ziemlich Nahem mitverfolgt hatte und ausgesprochen gespannt [&hellip;]<\/p>\n","protected":false},"author":2,"featured_media":0,"comment_status":"open","ping_status":"closed","sticky":false,"template":"","format":"standard","meta":{"footnotes":""},"categories":[1],"tags":[],"class_list":["post-12408","post","type-post","status-publish","format-standard","hentry","category-general"],"_links":{"self":[{"href":"https:\/\/www.vorspeisenplatte.de\/speisen\/wp-json\/wp\/v2\/posts\/12408","targetHints":{"allow":["GET"]}}],"collection":[{"href":"https:\/\/www.vorspeisenplatte.de\/speisen\/wp-json\/wp\/v2\/posts"}],"about":[{"href":"https:\/\/www.vorspeisenplatte.de\/speisen\/wp-json\/wp\/v2\/types\/post"}],"author":[{"embeddable":true,"href":"https:\/\/www.vorspeisenplatte.de\/speisen\/wp-json\/wp\/v2\/users\/2"}],"replies":[{"embeddable":true,"href":"https:\/\/www.vorspeisenplatte.de\/speisen\/wp-json\/wp\/v2\/comments?post=12408"}],"version-history":[{"count":0,"href":"https:\/\/www.vorspeisenplatte.de\/speisen\/wp-json\/wp\/v2\/posts\/12408\/revisions"}],"wp:attachment":[{"href":"https:\/\/www.vorspeisenplatte.de\/speisen\/wp-json\/wp\/v2\/media?parent=12408"}],"wp:term":[{"taxonomy":"category","embeddable":true,"href":"https:\/\/www.vorspeisenplatte.de\/speisen\/wp-json\/wp\/v2\/categories?post=12408"},{"taxonomy":"post_tag","embeddable":true,"href":"https:\/\/www.vorspeisenplatte.de\/speisen\/wp-json\/wp\/v2\/tags?post=12408"}],"curies":[{"name":"wp","href":"https:\/\/api.w.org\/{rel}","templated":true}]}}