{"id":12560,"date":"2011-11-07T16:56:42","date_gmt":"2011-11-07T15:56:42","guid":{"rendered":"https:\/\/www.vorspeisenplatte.de\/speisen\/?p=12560"},"modified":"2012-11-03T13:30:13","modified_gmt":"2012-11-03T12:30:13","slug":"camilla-macpherson-theda-krohm-linke-ubers-am-tag-und-in-der-nacht","status":"publish","type":"post","link":"https:\/\/www.vorspeisenplatte.de\/speisen\/2011\/11\/camilla-macpherson-theda-krohm-linke-ubers-am-tag-und-in-der-nacht.htm","title":{"rendered":"Camilla Macpherson, Theda Krohm-Linke (\u00dcbers.),<br><i>Am Tag und in der Nacht<\/i>"},"content":{"rendered":"<p><a href=\"http:\/\/www.ullsteinbuchverlage.de\/listtb\/buch.php?id=17550\" target=\"_blank\"><img loading=\"lazy\" decoding=\"async\" src=\"https:\/\/www.vorspeisenplatte.de\/speisen\/archiv\/111106_Macpherson.jpg\" alt=\"\" title=\"111106_Macpherson\" width=\"346\" height=\"382\" class=\"alignnone size-full wp-image-12562\" \/><\/a><\/p>\n<p><i>Vor einer Woche erhielt ich die E-Mail einer Frau, die mich w\u00e4hrend meines Auslandsstudienjahrs sehr beeindruckt hat &#8211; und die hier im Blog unter anderem als Quelle <a href=\"https:\/\/www.vorspeisenplatte.de\/rezepte\/gefuellte-huehnerbrust-a-la-kim.htm\" target=\"_blank\">dieses Rezepts<\/a> aufgetaucht ist. Sie entschuldigte sich kurz, dass sie seit vielen Jahren nicht von sich habe h\u00f6ren lassen und dass sie jetzt gleich mit einer Bitte auf mich zukomme: Eine Londoner Freundin habe ihren ersten Roman ver\u00f6ffentlicht, der eben auf Deutsch erschienen sei. Der Verlag habe kein Budget f\u00fcr PR, ob ich vielleicht deutschen oder \u00f6sterreichischen Freunden davon erz\u00e4hlen k\u00f6nne. Ich wusste etwas Besseres: Das Buch zu lesen und in meinem Blog dar\u00fcber zu schreiben. Hiermit:<\/i><\/p>\n<p>Der Flie\u00dftext von <a href=\"http:\/\/www.ullsteinbuchverlage.de\/listtb\/buch.php?id=17550\" target=\"_blank\"><i>Am Tag und in der Nacht<\/i><\/a> beginnt so:<\/p>\n<blockquote><p>Genau das hatte Claire immer gewollt. Doch das wurde ihr erst jetzt klar, als sie im Schneidersitz auf dem Badezimmerboden sa\u00df, den positiven Schwangerschaftstest in der Hand.\n<\/p><\/blockquote>\n<p>Die n\u00e4chsten Abs\u00e4tze f\u00fchren im Detail die Freude dieser jungen Londonerin Claire \u00fcber Schwangerschaft und bevorstehende Mutterschaft aus. Inklusive Ermahnung an ihren Partner, \u201eer m\u00fcsse jetzt ganz vorsichtig mit ihr umgehen\u201c. Wer schon l\u00e4nger bei mir liest, wei\u00df, dass eine Geschichte nicht weiter entfernt von meiner Erlebenswelt landen k\u00f6nnte; kaum etwas kann ich weniger nachvollziehen als die so beschriebenen Gef\u00fchle. Denn schon immer h\u00e4tte ein positiver Schwangerschaftstest f\u00fcr mich zu den schlimmsten Ungl\u00fccken geh\u00f6rt. Ohne den \u00e4u\u00dferen Anlass der E-Mail aus London h\u00e4tte ich den Roman also im Leben nicht gelesen.<\/p>\n<p>Doch das Buch ist lang genug, die Handlung interessant genug, dass selbst ich die Pr\u00e4misse im Lauf der Seiten als funktionale Vorgabe akzeptierte. Die Fehlgeburt auf den ersten Seiten wird dadurch zu einer der tiefen seelischen Verletzungen, f\u00fcr das viele dringend einen Schuldigen brauchen &#8211; Claire findet ihn in ihrem Partner. Die Folge: Kindische Zickereien, selbsterf\u00fcllende Vorhersagen, Ungl\u00fccksverst\u00e4rkung Marke Eigenbau. Das ist zwar Psychologisierung auf dem Niveau von Frauenzeitschriften &#8211; wird aber zumindest genau so thematisiert: Dass man sich in Gef\u00fchlen wiederfinden kann, \u00fcber die man beim Lesen von Frauenzeitschriften die Augen gerollt hat.<br \/>\nUmsichtigerweise tauchen auch an mehreren Stellen Frauen auf, die mit der ganzen Kinderkriegerei \u00fcberhaupt nichts am Hut haben. Und ums Kinderkriegen geht es in dem Roman eine Menge, inklusive einem hochromantischen Mutterideal, das ich mir nur mit Hormonen erkl\u00e4ren kann. Dem Tonfall der Geschichte halte ich allerdings zugute, dass er keine Spur der augenzwinkernden Launigkeit enth\u00e4lt, in die diese Art Frauenb\u00fccher gerne verfallen. Au\u00dferdem ist ein wenig Kunst drin.<\/p>\n<p>Handwerklich ist die Handlung mit einer sch\u00f6nen Grundidee sauber konstruiert: Die personale Erz\u00e4hlerin Claire ger\u00e4t an ein B\u00fcndel Briefe, die die entfernte Verwandte Daisy 1943 aus London monatlich an ihre engste Freundin in Kanada schrieb &#8211; immer aufgeh\u00e4ngt an dem einen Bild, das die National Gallery pro Monat aus ihren Luftschutzkellern zog und der \u00d6ffentlichkeit zeigte. Diese Briefe &#8211; ich f\u00fchlte mich ein wenig an den Bestseller <a href=\"http:\/\/www.amazon.com\/Guernsey-Literary-Potato-Peel-Society\/dp\/0385340990\" target=\"_blank\"><i>The Guernsey Literary and Potato Peel Pie Society<\/i><\/a> erinnert &#8211; sind im Wortlaut Teil des Romans, und die ungl\u00fcckliche Claire macht sich daran, jeden Monat das damals gezeigte Bild in der National Gallery anzusehen. Die Handlung in der Gegenwart verwebt sich immer mehr mit der Geschichte, die aus den Briefen spricht.<\/p>\n<p>Deswegen wird das Buch im Original auch <i>Pictures at an Exhibition<\/i> hei\u00dfen. (Die deutsche \u00dcbersetzung kam zuerst heraus &#8211; wei\u00df jemand, wie \u00fcblich das ist?) Der deutsche Titel <i>Am Tag und in der Nacht<\/i> bleibt bis zum Schluss ein R\u00e4tsel.<\/p>\n<p>Die deutsche \u00dcbersetzung liest sich so fl\u00fcssig, dass ich die meiste Zeit verga\u00df, dass ich eine \u00dcbersetzung aus dem Englischen vor mir hatte (das ist f\u00fcr mich ein sehr gro\u00dfes Lob). Bis die \u00dcbersetzung behauptete, im Krieg habe es in London so wenig Nahrungsmittel gegeben, dass niemand an Weihnachten \u201eauch nur eine Hackfleischpastete\u201c habe zubereiten k\u00f6nnen. Da verwette ich dann doch meine linke Arschbacke, dass das Original <a href=\"http:\/\/en.wikipedia.org\/wiki\/Mincemeat\" target=\"_blank\">\u201emincemeat\u201c<\/a> <i>pies<\/i> genannt hatte, also die typisch englischen Weihnachtstarteletts, die mit kleingehackten kandierten Fr\u00fcchten gef\u00fcllt sind. Wird gerne mal von Deutschen verwechselt, die zum ersten Mal von <i>mincemeat<\/i> h\u00f6ren. Das war aber der mit Abstand gr\u00f6\u00dfte Stolperstein der \u00dcbersetzung.<\/p>\n<p>Ich w\u00fcnsche der Autorin viel Erfolg f\u00fcr ihren Erstling: Er kann sich wirklich sehen lassen.<\/p>\n","protected":false},"excerpt":{"rendered":"<p>Vor einer Woche erhielt ich die E-Mail einer Frau, die mich w\u00e4hrend meines Auslandsstudienjahrs sehr beeindruckt hat &#8211; und die hier im Blog unter anderem als Quelle dieses Rezepts aufgetaucht ist. Sie entschuldigte sich kurz, dass sie seit vielen Jahren nicht von sich habe h\u00f6ren lassen und dass sie jetzt gleich mit einer Bitte auf [&hellip;]<\/p>\n","protected":false},"author":2,"featured_media":0,"comment_status":"open","ping_status":"closed","sticky":false,"template":"","format":"standard","meta":{"footnotes":""},"categories":[3,2],"tags":[],"class_list":["post-12560","post","type-post","status-publish","format-standard","hentry","category-bucher","category-fotos"],"_links":{"self":[{"href":"https:\/\/www.vorspeisenplatte.de\/speisen\/wp-json\/wp\/v2\/posts\/12560","targetHints":{"allow":["GET"]}}],"collection":[{"href":"https:\/\/www.vorspeisenplatte.de\/speisen\/wp-json\/wp\/v2\/posts"}],"about":[{"href":"https:\/\/www.vorspeisenplatte.de\/speisen\/wp-json\/wp\/v2\/types\/post"}],"author":[{"embeddable":true,"href":"https:\/\/www.vorspeisenplatte.de\/speisen\/wp-json\/wp\/v2\/users\/2"}],"replies":[{"embeddable":true,"href":"https:\/\/www.vorspeisenplatte.de\/speisen\/wp-json\/wp\/v2\/comments?post=12560"}],"version-history":[{"count":1,"href":"https:\/\/www.vorspeisenplatte.de\/speisen\/wp-json\/wp\/v2\/posts\/12560\/revisions"}],"predecessor-version":[{"id":14339,"href":"https:\/\/www.vorspeisenplatte.de\/speisen\/wp-json\/wp\/v2\/posts\/12560\/revisions\/14339"}],"wp:attachment":[{"href":"https:\/\/www.vorspeisenplatte.de\/speisen\/wp-json\/wp\/v2\/media?parent=12560"}],"wp:term":[{"taxonomy":"category","embeddable":true,"href":"https:\/\/www.vorspeisenplatte.de\/speisen\/wp-json\/wp\/v2\/categories?post=12560"},{"taxonomy":"post_tag","embeddable":true,"href":"https:\/\/www.vorspeisenplatte.de\/speisen\/wp-json\/wp\/v2\/tags?post=12560"}],"curies":[{"name":"wp","href":"https:\/\/api.w.org\/{rel}","templated":true}]}}