{"id":12579,"date":"2011-11-10T08:48:39","date_gmt":"2011-11-10T07:48:39","guid":{"rendered":"https:\/\/www.vorspeisenplatte.de\/speisen\/?p=12579"},"modified":"2011-11-10T08:48:39","modified_gmt":"2011-11-10T07:48:39","slug":"ausgebremste-geselligkeit-oder-wenn-ich-mal-erkaltet-bin","status":"publish","type":"post","link":"https:\/\/www.vorspeisenplatte.de\/speisen\/2011\/11\/ausgebremste-geselligkeit-oder-wenn-ich-mal-erkaltet-bin.htm","title":{"rendered":"Ausgebremste Geselligkeit oder: Wenn ich mal erk\u00e4ltet bin"},"content":{"rendered":"<p>Beklagen tue ich mich wirklich nicht: Anderthalb Jahre war ich erk\u00e4ltungsfrei, die Halsschmerzen mit Heiserkeit letzten Fr\u00fchling weggerechnet. Unter diesen Umst\u00e4nden ist es v\u00f6llig in Ordnung, dass mich in der Nacht zum Montag eine Erk\u00e4ltung \u00fcberfiel, mir die Nase fast zerronn, ich das Schlucken wegen der damit verbundenen Schmerzen so weit wie m\u00f6glich vermied.<\/p>\n<p>Krank im Bett bleiben war am Montag dennoch keine Option \u2013 und so entsetzlich schlimm ging es mir ja gar nicht. Doch im B\u00fcro gab es einen Termin, der sehr schwierig zu vereinbaren gewesen war, den wollte ich nicht vermasseln. Au\u00dferdem kommen Montagvormittag unsere Putzm\u00e4nner, Daheimbleiben w\u00e4re keine echte Erholung gewesen. Nach Termin und Geputze meldete ich mich brav mittags krank und verschwand f\u00fcr den Rest des Tages im Bett. Das hie\u00df allerdings, dass ich die abendliche Verabredung zu Cocktails und Schwatz absagen musste.<\/p>\n<p>Krank im Bett bleiben war auch am Dienstag keine Option \u2013 und so entsetzlich schlimm ging es mir immer noch nicht. (Vielleicht eine Kl\u00e4rung, was ich unter \u201eentsetzlich schlimm\u201c verstehe: Wenn ich im B\u00fcro ernsthaft erw\u00e4ge, mich ein Viertelst\u00fcndchen unter den Tisch zu legen, komm, merkt doch keiner, schaffe auch ich mich umgehend heim.) Denn im B\u00fcro hatte ich die Gelegenheit, mein j\u00e4hrliches Megaprojekt dem Vorstand vorzustellen und oberstes Ok einzuholen, ohne das sich nichts weiterbewegen kann. Das Ok bekam ich, also bewegte ich nachmittags, wenn ich schon mal da war, weiter. Allerdings sagte ich die abendliche Geselligkeit mit Kolleginnen ab.<\/p>\n<p>Am gestrigen Mittwoch war mein Taschentuchbedarf bereits auf unter ein St\u00fcck pro Stunde gesunken, entfernte Kollegen, denen ich begegnete, w\u00fcnschten mir nicht mehr unaufgefordert gute Besserung, die Explosionsversuche meiner Nebenh\u00f6hlen lie\u00dfen sich durch schlichte Aspiringabe eind\u00e4mmen. Es sprach also nichts gegen leichtes Crosstraining am Abend.<\/p>\n<p>Sieht gar nicht schlecht aus f\u00fcr den heute Abend geplanten Theaterbesuch.<\/p>\n","protected":false},"excerpt":{"rendered":"<p>Beklagen tue ich mich wirklich nicht: Anderthalb Jahre war ich erk\u00e4ltungsfrei, die Halsschmerzen mit Heiserkeit letzten Fr\u00fchling weggerechnet. Unter diesen Umst\u00e4nden ist es v\u00f6llig in Ordnung, dass mich in der Nacht zum Montag eine Erk\u00e4ltung \u00fcberfiel, mir die Nase fast zerronn, ich das Schlucken wegen der damit verbundenen Schmerzen so weit wie m\u00f6glich vermied. Krank [&hellip;]<\/p>\n","protected":false},"author":2,"featured_media":0,"comment_status":"open","ping_status":"closed","sticky":false,"template":"","format":"standard","meta":{"footnotes":""},"categories":[1],"tags":[],"class_list":["post-12579","post","type-post","status-publish","format-standard","hentry","category-general"],"_links":{"self":[{"href":"https:\/\/www.vorspeisenplatte.de\/speisen\/wp-json\/wp\/v2\/posts\/12579","targetHints":{"allow":["GET"]}}],"collection":[{"href":"https:\/\/www.vorspeisenplatte.de\/speisen\/wp-json\/wp\/v2\/posts"}],"about":[{"href":"https:\/\/www.vorspeisenplatte.de\/speisen\/wp-json\/wp\/v2\/types\/post"}],"author":[{"embeddable":true,"href":"https:\/\/www.vorspeisenplatte.de\/speisen\/wp-json\/wp\/v2\/users\/2"}],"replies":[{"embeddable":true,"href":"https:\/\/www.vorspeisenplatte.de\/speisen\/wp-json\/wp\/v2\/comments?post=12579"}],"version-history":[{"count":0,"href":"https:\/\/www.vorspeisenplatte.de\/speisen\/wp-json\/wp\/v2\/posts\/12579\/revisions"}],"wp:attachment":[{"href":"https:\/\/www.vorspeisenplatte.de\/speisen\/wp-json\/wp\/v2\/media?parent=12579"}],"wp:term":[{"taxonomy":"category","embeddable":true,"href":"https:\/\/www.vorspeisenplatte.de\/speisen\/wp-json\/wp\/v2\/categories?post=12579"},{"taxonomy":"post_tag","embeddable":true,"href":"https:\/\/www.vorspeisenplatte.de\/speisen\/wp-json\/wp\/v2\/tags?post=12579"}],"curies":[{"name":"wp","href":"https:\/\/api.w.org\/{rel}","templated":true}]}}