{"id":12580,"date":"2011-11-13T08:37:12","date_gmt":"2011-11-13T07:37:12","guid":{"rendered":"https:\/\/www.vorspeisenplatte.de\/speisen\/?p=12580"},"modified":"2011-11-13T08:37:12","modified_gmt":"2011-11-13T07:37:12","slug":"herbstliche-isar","status":"publish","type":"post","link":"https:\/\/www.vorspeisenplatte.de\/speisen\/2011\/11\/herbstliche-isar.htm","title":{"rendered":"Herbstliche Isar"},"content":{"rendered":"<p>Gestern holte der Herbst nochmal alles raus, um sich die Bezeichnung golden zu verdienen. Die Erk\u00e4ltung ist bereits auf Abschiedstournee, und so zog mich nach Ausschlafen und gem\u00fctlichem Milchkaffee der Sonnenschein mit Macht zu einem Isarlauf. Ich begann ihn am Deutschen Museum (die Linie 18 f\u00e4hrt ja wieder) und lief isaraufw\u00e4rts.<\/p>\n<p><a href=\"https:\/\/www.vorspeisenplatte.de\/speisen\/archiv\/111112_Isarlauf_1.jpg\"><img loading=\"lazy\" decoding=\"async\" src=\"https:\/\/www.vorspeisenplatte.de\/speisen\/archiv\/111112_Isarlauf_1.jpg\" alt=\"\" title=\"111112_Isarlauf_1\" width=\"605\" height=\"454\" class=\"alignnone size-full wp-image-12581\" srcset=\"https:\/\/www.vorspeisenplatte.de\/speisen\/archiv\/111112_Isarlauf_1.jpg 605w, https:\/\/www.vorspeisenplatte.de\/speisen\/archiv\/111112_Isarlauf_1-600x450.jpg 600w\" sizes=\"auto, (max-width: 605px) 100vw, 605px\" \/><\/a><\/p>\n<p>M\u00fcller&#8217;sches Volksbad<\/p>\n<p><a href=\"https:\/\/www.vorspeisenplatte.de\/speisen\/archiv\/111112_Isarlauf_2.jpg\"><img loading=\"lazy\" decoding=\"async\" src=\"https:\/\/www.vorspeisenplatte.de\/speisen\/archiv\/111112_Isarlauf_2.jpg\" alt=\"\" title=\"111112_Isarlauf_2\" width=\"533\" height=\"437\" class=\"alignnone size-full wp-image-12582\" \/><\/a><\/p>\n<p>Wittelsbacher Br\u00fccke von vorne<\/p>\n<p><a href=\"https:\/\/www.vorspeisenplatte.de\/speisen\/archiv\/111112_Isarlauf_3.jpg\"><img loading=\"lazy\" decoding=\"async\" src=\"https:\/\/www.vorspeisenplatte.de\/speisen\/archiv\/111112_Isarlauf_3.jpg\" alt=\"\" title=\"111112_Isarlauf_3\" width=\"710\" height=\"314\" class=\"alignnone size-full wp-image-12583\" srcset=\"https:\/\/www.vorspeisenplatte.de\/speisen\/archiv\/111112_Isarlauf_3.jpg 710w, https:\/\/www.vorspeisenplatte.de\/speisen\/archiv\/111112_Isarlauf_3-600x265.jpg 600w\" sizes=\"auto, (max-width: 710px) 100vw, 710px\" \/><\/a><\/p>\n<p>Wittelsbacher Br\u00fccke von hinten<\/p>\n<p><a href=\"https:\/\/www.vorspeisenplatte.de\/speisen\/archiv\/111112_Isarlauf_4.jpg\"><img loading=\"lazy\" decoding=\"async\" src=\"https:\/\/www.vorspeisenplatte.de\/speisen\/archiv\/111112_Isarlauf_4.jpg\" alt=\"\" title=\"111112_Isarlauf_4\" width=\"568\" height=\"419\" class=\"alignnone size-full wp-image-12584\" \/><\/a><\/p>\n<p><a href=\"https:\/\/www.vorspeisenplatte.de\/speisen\/archiv\/111112_Isarlauf_5.jpg\"><img loading=\"lazy\" decoding=\"async\" src=\"https:\/\/www.vorspeisenplatte.de\/speisen\/archiv\/111112_Isarlauf_5.jpg\" alt=\"\" title=\"111112_Isarlauf_5\" width=\"530\" height=\"468\" class=\"alignnone size-full wp-image-12585\" \/><\/a><\/p>\n<p>Nach der Wende an der Gro\u00dfhesseloher Br\u00fccke nahm ich eine neue Abzweigung, lief am Isarwerkkanal statt an der Isar selbst zur\u00fcck &#8211; und entdeckte, keine 50 Meter von meiner gewohnten Laufstrecke, eine v\u00f6llig neue Gegend: den <a href=\"http:\/\/de.wikipedia.org\/wiki\/Hinterbr%C3%BChler_See\" target=\"_blank\">Hinterbr\u00fchler See<\/a>, mit Bierg\u00e4rten und Hinweisen auf winterliche M\u00f6glichkeit zum Schittschuhlaufen.<\/p>\n<p><a href=\"https:\/\/www.vorspeisenplatte.de\/speisen\/archiv\/111112_Isarlauf_6.jpg\"><img loading=\"lazy\" decoding=\"async\" src=\"https:\/\/www.vorspeisenplatte.de\/speisen\/archiv\/111112_Isarlauf_6.jpg\" alt=\"\" title=\"111112_Isarlauf_6\" width=\"578\" height=\"426\" class=\"alignnone size-full wp-image-12586\" \/><\/a><\/p>\n<p>Der Kanal.<\/p>\n<p><a href=\"https:\/\/www.vorspeisenplatte.de\/speisen\/archiv\/111112_Isarlauf_7.jpg\"><img loading=\"lazy\" decoding=\"async\" src=\"https:\/\/www.vorspeisenplatte.de\/speisen\/archiv\/111112_Isarlauf_7.jpg\" alt=\"\" title=\"111112_Isarlauf_7\" width=\"512\" height=\"408\" class=\"alignnone size-full wp-image-12587\" \/><\/a><\/p>\n<p><a href=\"https:\/\/www.vorspeisenplatte.de\/speisen\/archiv\/111112_Isarlauf_8.jpg\"><img loading=\"lazy\" decoding=\"async\" src=\"https:\/\/www.vorspeisenplatte.de\/speisen\/archiv\/111112_Isarlauf_8.jpg\" alt=\"\" title=\"111112_Isarlauf_8\" width=\"561\" height=\"393\" class=\"alignnone size-full wp-image-12588\" \/><\/a><\/p>\n<p>Und der Hinterb\u00fchler See.<\/p>\n<p>Sie k\u00f6nnen sagen, was Sie wollen: Das Drau\u00dfen birgt doch immer wieder \u00dcberraschungen.<br \/>\nZur Verarbeitung derselben nahm ich ein langes Vollbad, salbte und pflegte mich mit Genuss.<\/p>\n<p>Eine kurze Runde \u00fcber den Vikutalienmarkt. (Die scharf eingelegten Garnelenschw\u00e4nze stellten sich daheim allerdings als Pressfleisch heraus &#8211; und schon hat der Stand mit den &#8220;mediterranen Spezialit\u00e4ten&#8221; eine regelm\u00e4\u00dfige Kundin verloren. Nicht dass die den Eindruck machen, darauf angewiesen zu sein.) Daheim in einem Anfall von T\u00fcchtigkeit im Licht der untergehenden Sonne alles zu b\u00fcgelnde geb\u00fcgelt, dann Kleckerkuchen gebacken (Familienrezept und Bilder folgen) und zum Abendbrot Rote-Bete-Suppe mit Kreuzk\u00fcmmel und Kokosmilch zubereitet.<\/p>\n","protected":false},"excerpt":{"rendered":"<p>Gestern holte der Herbst nochmal alles raus, um sich die Bezeichnung golden zu verdienen. Die Erk\u00e4ltung ist bereits auf Abschiedstournee, und so zog mich nach Ausschlafen und gem\u00fctlichem Milchkaffee der Sonnenschein mit Macht zu einem Isarlauf. Ich begann ihn am Deutschen Museum (die Linie 18 f\u00e4hrt ja wieder) und lief isaraufw\u00e4rts. M\u00fcller&#8217;sches Volksbad Wittelsbacher Br\u00fccke [&hellip;]<\/p>\n","protected":false},"author":2,"featured_media":0,"comment_status":"open","ping_status":"closed","sticky":false,"template":"","format":"standard","meta":{"footnotes":""},"categories":[2,1],"tags":[],"class_list":["post-12580","post","type-post","status-publish","format-standard","hentry","category-fotos","category-general"],"_links":{"self":[{"href":"https:\/\/www.vorspeisenplatte.de\/speisen\/wp-json\/wp\/v2\/posts\/12580","targetHints":{"allow":["GET"]}}],"collection":[{"href":"https:\/\/www.vorspeisenplatte.de\/speisen\/wp-json\/wp\/v2\/posts"}],"about":[{"href":"https:\/\/www.vorspeisenplatte.de\/speisen\/wp-json\/wp\/v2\/types\/post"}],"author":[{"embeddable":true,"href":"https:\/\/www.vorspeisenplatte.de\/speisen\/wp-json\/wp\/v2\/users\/2"}],"replies":[{"embeddable":true,"href":"https:\/\/www.vorspeisenplatte.de\/speisen\/wp-json\/wp\/v2\/comments?post=12580"}],"version-history":[{"count":0,"href":"https:\/\/www.vorspeisenplatte.de\/speisen\/wp-json\/wp\/v2\/posts\/12580\/revisions"}],"wp:attachment":[{"href":"https:\/\/www.vorspeisenplatte.de\/speisen\/wp-json\/wp\/v2\/media?parent=12580"}],"wp:term":[{"taxonomy":"category","embeddable":true,"href":"https:\/\/www.vorspeisenplatte.de\/speisen\/wp-json\/wp\/v2\/categories?post=12580"},{"taxonomy":"post_tag","embeddable":true,"href":"https:\/\/www.vorspeisenplatte.de\/speisen\/wp-json\/wp\/v2\/tags?post=12580"}],"curies":[{"name":"wp","href":"https:\/\/api.w.org\/{rel}","templated":true}]}}