{"id":12718,"date":"2011-12-24T09:39:40","date_gmt":"2011-12-24T08:39:40","guid":{"rendered":"https:\/\/www.vorspeisenplatte.de\/speisen\/?p=12718"},"modified":"2011-12-24T09:39:40","modified_gmt":"2011-12-24T08:39:40","slug":"erschopfende-woche","status":"publish","type":"post","link":"https:\/\/www.vorspeisenplatte.de\/speisen\/2011\/12\/erschopfende-woche.htm","title":{"rendered":"Ersch\u00f6pfende Woche"},"content":{"rendered":"<p>Die Woche war so voll Arbeit, dass ich mich am Donnerstagmorgen erst wunderte, warum die Donnerstags-<i>S\u00fcddeutsche<\/i> so d\u00fcnn ist (enth\u00e4lt sie doch den Reise- und den Veranstaltungssonderteil), um dann best\u00fcrzt zu bemerken, dass erst Mittwoch war.<\/p>\n<p>Am Montagabend schaffte ich es wenigstens noch in die Muckibude, am Dienstag allerdings nicht auf die Firmenweihnachtsfeier, da Querschl\u00e4ger drohten, den Zeitplan meines Hauptprojekts zu zerschie\u00dfen. Und zwar so gr\u00fcndlich, dass ich auch den Abendsport knicken musste, der meine innere Ausgeglichenheit wenigstens mal wieder h\u00e4tte ahnen lassen.<\/p>\n<p>Mittwoch konnte ich gerade noch vor Ladenschluss den DuMont-Kalender abholen, der das Weihnachtsgeschenk f\u00fcr meine Mutter wird (nochmal ganz herzlichen Dank f\u00fcr die Beratung!). Abends Treffen mit Mitlesern und Mitleserinnen: Wir unterhielten uns \u00fcber <a href=\"https:\/\/www.vorspeisenplatte.de\/speisen\/2011\/10\/keri-hulme-the-bone-people.htm\" target=\"_blank\"><i>The Bone People<\/i><\/a> und waren uns in unserer Begeisterung f\u00fcr diesen ungew\u00f6hnlichen Roman einig. Dazu wieder viel Gel\u00e4chter und Geschlemme &#8211; ich bin ganz ausgesprochen froh, dass ich diese seltsamen Menschen kennengelernt habe, und das fast ohne Internet (fast, weil mich jemand seltsamer in diesen Kreis gebracht, den ich aus dem Internet kenne).<\/p>\n<p>Donnerstag wurde es im B\u00fcro ruhig genug, dass ich abends Zeit zu ausf\u00fchrlicher Strampelei auf dem Crosstrainer und einem halben St\u00fcndchen Stepaerobic fand, am gestrigen Freitag reichte es f\u00fcr den abschlie\u00dfenden Abteilungsumtrunk im Kreise des harten Kerns. Wieder hatte ich vergessen, wie wichtig Weihnachten in unserer Kultur genommen wird: Wie schon an den Tagen zuvor verabschiedeten sich die Kollegen und Kolleginnen besonders ernsthaft und pers\u00f6nlich, mit Handschlag oder Umarmung in die Feiertage.<\/p>\n<p>Noch ein paar Berufsmails verschickt (die selbstverst\u00e4ndlich in erster Linie dem Zweck dienten zu signalisieren, wie ungeheuer flei\u00dfig ich bin &#8211; mit demselben Ziel wurden einige davon auch ohne inhaltlichen Zweck beantwortet), noch fast bei Tageslicht letzte Eink\u00e4ufe f\u00fcr Heilig Abend erledigt.<\/p>\n<p>Jeden Morgen beim Kaffeemachen erinnerte mich in der K\u00fcche die Blechtasse mit dem Rest einst geschmolzener Kuvert\u00fcre daran, dass ich eigentlich noch die eine oder andere Sorte Pl\u00e4tzchen hatte backen wollen. Statt dessen goss ich heute meinen Milchkaffee in diese Tasse; das Ergebnis: Fl\u00fcssige Mokkatorte, gro\u00dfartig!<\/p>\n<p>Es ist grau und regnerisch in M\u00fcnchen, der Wir-suchen-das-Christkind-Spaziergang wird wohl keine Jahrhundertfotos erm\u00f6glichen. Feiern Sie sch\u00f6n, sorgen Sie f\u00fcr Erinnerungen.<\/p>\n","protected":false},"excerpt":{"rendered":"<p>Die Woche war so voll Arbeit, dass ich mich am Donnerstagmorgen erst wunderte, warum die Donnerstags-S\u00fcddeutsche so d\u00fcnn ist (enth\u00e4lt sie doch den Reise- und den Veranstaltungssonderteil), um dann best\u00fcrzt zu bemerken, dass erst Mittwoch war. Am Montagabend schaffte ich es wenigstens noch in die Muckibude, am Dienstag allerdings nicht auf die Firmenweihnachtsfeier, da Querschl\u00e4ger [&hellip;]<\/p>\n","protected":false},"author":2,"featured_media":0,"comment_status":"open","ping_status":"closed","sticky":false,"template":"","format":"standard","meta":{"footnotes":""},"categories":[1],"tags":[],"class_list":["post-12718","post","type-post","status-publish","format-standard","hentry","category-general"],"_links":{"self":[{"href":"https:\/\/www.vorspeisenplatte.de\/speisen\/wp-json\/wp\/v2\/posts\/12718","targetHints":{"allow":["GET"]}}],"collection":[{"href":"https:\/\/www.vorspeisenplatte.de\/speisen\/wp-json\/wp\/v2\/posts"}],"about":[{"href":"https:\/\/www.vorspeisenplatte.de\/speisen\/wp-json\/wp\/v2\/types\/post"}],"author":[{"embeddable":true,"href":"https:\/\/www.vorspeisenplatte.de\/speisen\/wp-json\/wp\/v2\/users\/2"}],"replies":[{"embeddable":true,"href":"https:\/\/www.vorspeisenplatte.de\/speisen\/wp-json\/wp\/v2\/comments?post=12718"}],"version-history":[{"count":0,"href":"https:\/\/www.vorspeisenplatte.de\/speisen\/wp-json\/wp\/v2\/posts\/12718\/revisions"}],"wp:attachment":[{"href":"https:\/\/www.vorspeisenplatte.de\/speisen\/wp-json\/wp\/v2\/media?parent=12718"}],"wp:term":[{"taxonomy":"category","embeddable":true,"href":"https:\/\/www.vorspeisenplatte.de\/speisen\/wp-json\/wp\/v2\/categories?post=12718"},{"taxonomy":"post_tag","embeddable":true,"href":"https:\/\/www.vorspeisenplatte.de\/speisen\/wp-json\/wp\/v2\/tags?post=12718"}],"curies":[{"name":"wp","href":"https:\/\/api.w.org\/{rel}","templated":true}]}}