{"id":12823,"date":"2012-02-07T06:17:43","date_gmt":"2012-02-07T05:17:43","guid":{"rendered":"https:\/\/www.vorspeisenplatte.de\/speisen\/?p=12823"},"modified":"2013-02-03T08:14:23","modified_gmt":"2013-02-03T07:14:23","slug":"journal-montag-6-februar-2012-aaaarbeit","status":"publish","type":"post","link":"https:\/\/www.vorspeisenplatte.de\/speisen\/2012\/02\/journal-montag-6-februar-2012-aaaarbeit.htm","title":{"rendered":"Journal Montag, 6. Februar 2012 &#8211; Aaaarbeit"},"content":{"rendered":"<p>Lassen Sie mich mal ganz fest nachdenken, ob es irgendwas au\u00dfer gut zw\u00f6lf Stunden Arbeit gab (hatte kurz die Idee, an die beteiligten Abteilungen <a href=\"http:\/\/www.keepcalmandcarryon.com\/keep-calm-and-carry-on\/posters-artwork\/keep-calm-carry-on-red-poster\/\" target=\"_blank\">dieses Poster<\/a> zu verteilen).<br \/>\n&#8230;<br \/>\n&#8230;<br \/>\n&#8230;<br \/>\nVielleicht interessiert Sie, dass ich f\u00fcr das extra fr\u00fche In-die-Arbeit-Fahren mit einem Sitzplatz in der U-Bahn belohnt wurde? Das war ganz toll. (Ich will Ihr Achselzucken nicht gesehen haben! An diesen eiskalten Tagen sind die U-Bahnen sonst verl\u00e4sslich knallvoll.)<\/p>\n<p>\u00a7<\/p>\n<p>Mittags in der Kantine eine Bl\u00e4tterteig-Gem\u00fcsetasche zum Salat gegessen, die ganz ausgezeichnet schmeckte; die F\u00fcllung enthielt unter anderem Tomate und Schafsk\u00e4se.<\/p>\n<p>\u00a7<\/p>\n<p>Die beste Nachricht des Tages: \u201eIch wollte nur Bescheid geben, dass ich keine \u00c4nderungen mehr habe.\u201c<\/p>\n<p>\u00a7<\/p>\n<p>K\u00e4se und lecker frisches (gekauftes!) Sonnenblumenbrot zum Abendbrot. Meine Sporttasche sieht momentan \u00f6fter mein B\u00fcro als eine Sportst\u00e4tte.<\/p>\n","protected":false},"excerpt":{"rendered":"<p>Lassen Sie mich mal ganz fest nachdenken, ob es irgendwas au\u00dfer gut zw\u00f6lf Stunden Arbeit gab (hatte kurz die Idee, an die beteiligten Abteilungen dieses Poster zu verteilen). &#8230; &#8230; &#8230; Vielleicht interessiert Sie, dass ich f\u00fcr das extra fr\u00fche In-die-Arbeit-Fahren mit einem Sitzplatz in der U-Bahn belohnt wurde? Das war ganz toll. (Ich will [&hellip;]<\/p>\n","protected":false},"author":2,"featured_media":0,"comment_status":"open","ping_status":"closed","sticky":false,"template":"","format":"standard","meta":{"footnotes":""},"categories":[1],"tags":[],"class_list":["post-12823","post","type-post","status-publish","format-standard","hentry","category-general"],"_links":{"self":[{"href":"https:\/\/www.vorspeisenplatte.de\/speisen\/wp-json\/wp\/v2\/posts\/12823","targetHints":{"allow":["GET"]}}],"collection":[{"href":"https:\/\/www.vorspeisenplatte.de\/speisen\/wp-json\/wp\/v2\/posts"}],"about":[{"href":"https:\/\/www.vorspeisenplatte.de\/speisen\/wp-json\/wp\/v2\/types\/post"}],"author":[{"embeddable":true,"href":"https:\/\/www.vorspeisenplatte.de\/speisen\/wp-json\/wp\/v2\/users\/2"}],"replies":[{"embeddable":true,"href":"https:\/\/www.vorspeisenplatte.de\/speisen\/wp-json\/wp\/v2\/comments?post=12823"}],"version-history":[{"count":1,"href":"https:\/\/www.vorspeisenplatte.de\/speisen\/wp-json\/wp\/v2\/posts\/12823\/revisions"}],"predecessor-version":[{"id":15497,"href":"https:\/\/www.vorspeisenplatte.de\/speisen\/wp-json\/wp\/v2\/posts\/12823\/revisions\/15497"}],"wp:attachment":[{"href":"https:\/\/www.vorspeisenplatte.de\/speisen\/wp-json\/wp\/v2\/media?parent=12823"}],"wp:term":[{"taxonomy":"category","embeddable":true,"href":"https:\/\/www.vorspeisenplatte.de\/speisen\/wp-json\/wp\/v2\/categories?post=12823"},{"taxonomy":"post_tag","embeddable":true,"href":"https:\/\/www.vorspeisenplatte.de\/speisen\/wp-json\/wp\/v2\/tags?post=12823"}],"curies":[{"name":"wp","href":"https:\/\/api.w.org\/{rel}","templated":true}]}}