{"id":12895,"date":"2012-02-23T06:38:12","date_gmt":"2012-02-23T05:38:12","guid":{"rendered":"https:\/\/www.vorspeisenplatte.de\/speisen\/?p=12895"},"modified":"2012-02-23T06:51:17","modified_gmt":"2012-02-23T05:51:17","slug":"journal-mittwoch-22-februar-2012-fruhlingsahnung","status":"publish","type":"post","link":"https:\/\/www.vorspeisenplatte.de\/speisen\/2012\/02\/journal-mittwoch-22-februar-2012-fruhlingsahnung.htm","title":{"rendered":"Journal Mittwoch, 22. Februar 2012 &#8211; Fr\u00fchlingsahnung"},"content":{"rendered":"<p>Doch, das waren definitiv Fr\u00fchlingsges\u00e4nge der Amseln, die beim Aufwachen durchs offene Fenster hereint\u00f6nten.<\/p>\n<p>\u00a7<\/p>\n<p>Ordentlich was weggearbeitet an einem durchwegs wundervoll sonnigen Tag.<\/p>\n<p>\u00a7<\/p>\n<p>V\u00f6llig kirre von der Aussicht, am Abend \u00fcberhaupt nichts vorzuhaben (auf dem Heimweg bei Garibaldi Wein besorgen z\u00e4hlt nicht). Um wenigstens etwas Sinnvolles getan zu haben geb\u00fcgelt.<\/p>\n<p>\u00a7<\/p>\n<p><a href=\"https:\/\/www.vorspeisenplatte.de\/speisen\/archiv\/120222_Crystal.jpg\"><img loading=\"lazy\" decoding=\"async\" src=\"https:\/\/www.vorspeisenplatte.de\/speisen\/archiv\/120222_Crystal.jpg\" alt=\"\" title=\"120222_Crystal\" width=\"322\" height=\"95\" class=\"alignnone size-full wp-image-12897\" \/><\/a><\/p>\n<p>Es ist sowas von egal, was auf der Oscarverleihung in der Nacht zum Montag sonst noch passiert. (HACH!)<\/p>\n<p>\u00a7<\/p>\n<p>Eine nur minimal ung\u00fcnstige Bewegung beim Einr\u00e4umen des Geschirrsp\u00fclers vergnazte eine der Bandscheiben in meiner verwachsenen Lendenwirbels\u00e4ule und l\u00f6ste Schmerz aus. Sofort die schweren Gesch\u00fctze eingesetzt, die mir Tante Doktor das letzte Mal verschrieben hatte: Ibuprofen, Muskelrelaxanz (nur Abends einzunehmen, weil sie gerade in dieser Kombination &#8211; \u00e4h&#8230; fahrunt\u00fcchtig machen) und W\u00e4rmewickelbinde. Kann ich jetzt gerade \u00fcberhaupt nicht brauchen.<br \/>\nZumindest ist dadurch mein Verdacht best\u00e4tigt, dass meine H\u00fcftbeschwerden der letzten Wochen mit meinen Bandscheibenproblemen zusammenh\u00e4ngen: Die meldeten sich n\u00e4mlich umgehend.<\/p>\n","protected":false},"excerpt":{"rendered":"<p>Doch, das waren definitiv Fr\u00fchlingsges\u00e4nge der Amseln, die beim Aufwachen durchs offene Fenster hereint\u00f6nten. \u00a7 Ordentlich was weggearbeitet an einem durchwegs wundervoll sonnigen Tag. \u00a7 V\u00f6llig kirre von der Aussicht, am Abend \u00fcberhaupt nichts vorzuhaben (auf dem Heimweg bei Garibaldi Wein besorgen z\u00e4hlt nicht). Um wenigstens etwas Sinnvolles getan zu haben geb\u00fcgelt. \u00a7 Es ist [&hellip;]<\/p>\n","protected":false},"author":2,"featured_media":0,"comment_status":"open","ping_status":"closed","sticky":false,"template":"","format":"standard","meta":{"footnotes":""},"categories":[1],"tags":[],"class_list":["post-12895","post","type-post","status-publish","format-standard","hentry","category-general"],"_links":{"self":[{"href":"https:\/\/www.vorspeisenplatte.de\/speisen\/wp-json\/wp\/v2\/posts\/12895","targetHints":{"allow":["GET"]}}],"collection":[{"href":"https:\/\/www.vorspeisenplatte.de\/speisen\/wp-json\/wp\/v2\/posts"}],"about":[{"href":"https:\/\/www.vorspeisenplatte.de\/speisen\/wp-json\/wp\/v2\/types\/post"}],"author":[{"embeddable":true,"href":"https:\/\/www.vorspeisenplatte.de\/speisen\/wp-json\/wp\/v2\/users\/2"}],"replies":[{"embeddable":true,"href":"https:\/\/www.vorspeisenplatte.de\/speisen\/wp-json\/wp\/v2\/comments?post=12895"}],"version-history":[{"count":1,"href":"https:\/\/www.vorspeisenplatte.de\/speisen\/wp-json\/wp\/v2\/posts\/12895\/revisions"}],"predecessor-version":[{"id":12898,"href":"https:\/\/www.vorspeisenplatte.de\/speisen\/wp-json\/wp\/v2\/posts\/12895\/revisions\/12898"}],"wp:attachment":[{"href":"https:\/\/www.vorspeisenplatte.de\/speisen\/wp-json\/wp\/v2\/media?parent=12895"}],"wp:term":[{"taxonomy":"category","embeddable":true,"href":"https:\/\/www.vorspeisenplatte.de\/speisen\/wp-json\/wp\/v2\/categories?post=12895"},{"taxonomy":"post_tag","embeddable":true,"href":"https:\/\/www.vorspeisenplatte.de\/speisen\/wp-json\/wp\/v2\/tags?post=12895"}],"curies":[{"name":"wp","href":"https:\/\/api.w.org\/{rel}","templated":true}]}}