{"id":12901,"date":"2012-02-24T08:12:08","date_gmt":"2012-02-24T07:12:08","guid":{"rendered":"https:\/\/www.vorspeisenplatte.de\/speisen\/?p=12901"},"modified":"2015-02-13T16:23:42","modified_gmt":"2015-02-13T15:23:42","slug":"journal-donnerstag-23-februar-2012","status":"publish","type":"post","link":"https:\/\/www.vorspeisenplatte.de\/speisen\/2012\/02\/journal-donnerstag-23-februar-2012.htm","title":{"rendered":"Journal Donnerstag, 23. Februar 2012 &#8211; Reitschule"},"content":{"rendered":"<p>Nach einer ungemein interessanten Nacht (H\u00fcf<b>t<\/b>schmerzen lenkten dankenswerterweise immer wieder von Kreuzschmerzen ab) am Morgen Erleichterung, weil ich mich dann doch noch bewegen konnte.<\/p>\n<p>\u00a7<\/p>\n<p>Mich den Vormittag durchbesprochen, ebenso den halben Nachmittag. Sowas hat ja gerne sehr hektischen Abarbeiten von Schreibtischsachen zur Folge.<\/p>\n<p>\u00a7<\/p>\n<p>Abends erstmals im Caf\u00e9 Reitschule, ein Essen mit Kollegen.<\/p>\n<p><a href=\"https:\/\/www.vorspeisenplatte.de\/speisen\/archiv\/120223_Cafe_Reitschule.jpg\"><img loading=\"lazy\" decoding=\"async\" src=\"https:\/\/www.vorspeisenplatte.de\/speisen\/archiv\/120223_Cafe_Reitschule.jpg\" alt=\"\" title=\"120223_Cafe_Reitschule\" width=\"367\" height=\"459\" class=\"alignnone size-full wp-image-12902\" \/><\/a><\/p>\n<p>Eine wirklich beeindruckende \u00d6rtlichkeit, von au\u00dfen und von innen (das Foto zeigt den Nebenraum). Sie erahnen vielleicht auf dem Bild, dass man den Reiterinnen und Reitern der namensgebenden Reitschule zusehen kann. So profitierte ich von den Reitkenntnissen aus der Jugend einer Kollegin, die mir erkl\u00e4rte, was ich da eigentlich genau sah. Der Service war sehr aufmerksam und freundlich. (Die Minestrone wurde mir als Nudeln und etwas Gem\u00fcse im Suppenteller serviert, auf die aus einem K\u00e4nnchen die hei\u00dfe Br\u00fche gegossen wurde &#8211; \u201eGenau so hat meine polnische Oma immer Hienerbriehe serviert!&#8221;, jubelte ich, und die Kellnerin versprach, das genau so der K\u00fcche weiterzugeben.) Speisen und Getr\u00e4nke waren tadellos. All das lie\u00df mich schnell die Schickimicki-Geschichten vergessen, die mir zu Agenturzeiten (Ende 90er) die alteingesessenen M\u00fcnchner Kolleginnen \u00fcber das Lokal erz\u00e4hlt hatten (und in denen der damalige Tennisspieler Boris Becker eine Hauptrolle spielte).<\/p>\n","protected":false},"excerpt":{"rendered":"<p>Nach einer ungemein interessanten Nacht (H\u00fcftschmerzen lenkten dankenswerterweise immer wieder von Kreuzschmerzen ab) am Morgen Erleichterung, weil ich mich dann doch noch bewegen konnte. \u00a7 Mich den Vormittag durchbesprochen, ebenso den halben Nachmittag. Sowas hat ja gerne sehr hektischen Abarbeiten von Schreibtischsachen zur Folge. \u00a7 Abends erstmals im Caf\u00e9 Reitschule, ein Essen mit Kollegen. Eine [&hellip;]<\/p>\n","protected":false},"author":2,"featured_media":0,"comment_status":"open","ping_status":"closed","sticky":false,"template":"","format":"standard","meta":{"footnotes":""},"categories":[6,2,1],"tags":[],"class_list":["post-12901","post","type-post","status-publish","format-standard","hentry","category-essen","category-fotos","category-general"],"_links":{"self":[{"href":"https:\/\/www.vorspeisenplatte.de\/speisen\/wp-json\/wp\/v2\/posts\/12901","targetHints":{"allow":["GET"]}}],"collection":[{"href":"https:\/\/www.vorspeisenplatte.de\/speisen\/wp-json\/wp\/v2\/posts"}],"about":[{"href":"https:\/\/www.vorspeisenplatte.de\/speisen\/wp-json\/wp\/v2\/types\/post"}],"author":[{"embeddable":true,"href":"https:\/\/www.vorspeisenplatte.de\/speisen\/wp-json\/wp\/v2\/users\/2"}],"replies":[{"embeddable":true,"href":"https:\/\/www.vorspeisenplatte.de\/speisen\/wp-json\/wp\/v2\/comments?post=12901"}],"version-history":[{"count":1,"href":"https:\/\/www.vorspeisenplatte.de\/speisen\/wp-json\/wp\/v2\/posts\/12901\/revisions"}],"predecessor-version":[{"id":25242,"href":"https:\/\/www.vorspeisenplatte.de\/speisen\/wp-json\/wp\/v2\/posts\/12901\/revisions\/25242"}],"wp:attachment":[{"href":"https:\/\/www.vorspeisenplatte.de\/speisen\/wp-json\/wp\/v2\/media?parent=12901"}],"wp:term":[{"taxonomy":"category","embeddable":true,"href":"https:\/\/www.vorspeisenplatte.de\/speisen\/wp-json\/wp\/v2\/categories?post=12901"},{"taxonomy":"post_tag","embeddable":true,"href":"https:\/\/www.vorspeisenplatte.de\/speisen\/wp-json\/wp\/v2\/tags?post=12901"}],"curies":[{"name":"wp","href":"https:\/\/api.w.org\/{rel}","templated":true}]}}