{"id":12907,"date":"2012-02-26T21:46:28","date_gmt":"2012-02-26T20:46:28","guid":{"rendered":"https:\/\/www.vorspeisenplatte.de\/speisen\/?p=12907"},"modified":"2012-02-26T21:46:28","modified_gmt":"2012-02-26T20:46:28","slug":"journal-sonntag-26-februar-2012-elternessen","status":"publish","type":"post","link":"https:\/\/www.vorspeisenplatte.de\/speisen\/2012\/02\/journal-sonntag-26-februar-2012-elternessen.htm","title":{"rendered":"Journal Sonntag, 26. Februar 2012 &#8211; Elternessen"},"content":{"rendered":"<p>Am selben Tag ver\u00f6ffentlicht, um nicht mit dem Livebloggen von der Oscarverleihung durcheinander zu kommen.<\/p>\n<p>\u00a7<\/p>\n<p>Morgens weiter am <a href=\"http:\/\/kochtopf.twoday.net\/stories\/weinbrot\/\" target=\"_blank\">Weinbrot<\/a> gearbeitet, das unterm Strich ein weiteres fast misslungenes Brot wurde (statt gro\u00dfporig wurde es eher kompakt) &#8211; dabei hatte ich den Fluch der letzten Brote damit brechen wollen, dass ich eben keinen Sauterteig verwendete. Komisch.<\/p>\n<p>Weiteres Ungl\u00fcck des Vormittags in der K\u00fcche: Mir entglitt der Glasdeckel unseres besten Br\u00e4ters und er zerbrach k\u00fcchenweit.<\/p>\n<p>\u00a7<\/p>\n<p>Eltern und Schwiegereltern zu Gast.<\/p>\n<p><a href=\"https:\/\/www.vorspeisenplatte.de\/speisen\/archiv\/120226_Elternessen.jpg\"><img loading=\"lazy\" decoding=\"async\" src=\"https:\/\/www.vorspeisenplatte.de\/speisen\/archiv\/120226_Elternessen.jpg\" alt=\"\" title=\"120226_Elternessen\" width=\"486\" height=\"310\" class=\"alignnone size-full wp-image-12908\" \/><\/a><\/p>\n<p>Als Vorspeisen drei Gerichte von Ottolenghi:<br \/>\n&#8211; <a href=\"https:\/\/www.vorspeisenplatte.de\/rezepte\/buschbohnen-und-mangetouts-mit-haselnussen-und-orangen.htm\" target=\"_blank\">Buschbohnen und Mangetout mit Haseln\u00fcssen und Orange<\/a><br \/>\n&#8211; <a href=\"https:\/\/www.vorspeisenplatte.de\/rezepte\/gegrillter-brokkoli-mit-chili-und-knoblauch.htm\" target=\"_blank\">Gegrillter Brokkoli mit Chili und Knoblauch<\/a><br \/>\n&#8211; Auberginen mit Safranjoghurt und Granatapfelkernen (k\u00f6stlich, aber noch unverbloggt)<\/p>\n<p>Als Hauptgericht gab es einen englischen Lammeintopf nach Jamie Oliver, zum Nachtisch einen weiteren Versuch Pistazien-Cr\u00e8me br\u00fbl\u00e9e &#8211; deutlich zu fl\u00fcssig, ich gebe die Versuchsreihe hiermit auf.<\/p>\n<p>\u00a7<\/p>\n<p>Weitere neue Details aus der Kindheit meines Vaters erfahren (er scheint sich alterstypisch an immer mehr zu erinnern). Wir kamen auf das Trinken aus einem <a href=\"http:\/\/www.google.de\/search?q=porr%C3%B3n&#038;hl=de&#038;client=firefox-a&#038;hs=fm4&#038;rls=org.mozilla:de:official&#038;prmd=imvns&#038;tbm=isch&#038;tbo=u&#038;source=univ&#038;sa=X&#038;ei=YHxKT5G9McWRswaWxamUBQ&#038;ved=0CEAQsAQ&#038;biw=1440&#038;bih=766\" target=\"_blank\"><i>porr\u00f3n<\/i><\/a>. Mein Vater erz\u00e4hlte, dass er das von klein auf beherrschte und bis heute davon profitiert, gleichzeitig schlucken und atmen zu k\u00f6nnen. (Da war wohl dieser Kellner in Ungarn, der mit dieser Trinkweise angab und meinem Vater nicht glauben wollte, dass er das f\u00fcr keine Kunst hielt &#8211; klar gehe der so getrunkene Wein aufs Haus. Er lachte nicht lang.)  <i>T\u00edo<\/i> Demetrio, einer der Onkel, zu denen mein Vater in den 50ern als Bub in den Sommermonaten aufs Land geschickt wurde, damit diese ihn gegen Arbeit auf dem Hof durchf\u00fctterten, dieser <i>t\u00edo<\/i> Demetrio habe einen <i>porr\u00f3n<\/i> mit ganz kleinem Loch am Mittagstisch verwendet, aus dem ein elend d\u00fcnner Strahl geflossen sei. Teller habe es keine gegeben, der Topf mit dem Essen sei in die Mitte des Tisches gestellt worden, um den sich jedes Jahr ein weiteres Kind dr\u00e4ngte. Satt wurde nur, wer sich ran hielt. Wenn man also gerade den <i>porr\u00f3n<\/i> in H\u00e4nden hatte, stand man vor der Wahl: Eine Minute Ministrahl, um wenigstens einen Mund voll Wein zu erwischen, oder nur ein bisschen Wein, daf\u00fcr aber einen gr\u00f6\u00dferen Anteil am Mittagessen erwischen. Teuflisch.<\/p>\n","protected":false},"excerpt":{"rendered":"<p>Am selben Tag ver\u00f6ffentlicht, um nicht mit dem Livebloggen von der Oscarverleihung durcheinander zu kommen. \u00a7 Morgens weiter am Weinbrot gearbeitet, das unterm Strich ein weiteres fast misslungenes Brot wurde (statt gro\u00dfporig wurde es eher kompakt) &#8211; dabei hatte ich den Fluch der letzten Brote damit brechen wollen, dass ich eben keinen Sauterteig verwendete. Komisch. [&hellip;]<\/p>\n","protected":false},"author":2,"featured_media":0,"comment_status":"open","ping_status":"closed","sticky":false,"template":"","format":"standard","meta":{"footnotes":""},"categories":[2],"tags":[],"class_list":["post-12907","post","type-post","status-publish","format-standard","hentry","category-fotos"],"_links":{"self":[{"href":"https:\/\/www.vorspeisenplatte.de\/speisen\/wp-json\/wp\/v2\/posts\/12907","targetHints":{"allow":["GET"]}}],"collection":[{"href":"https:\/\/www.vorspeisenplatte.de\/speisen\/wp-json\/wp\/v2\/posts"}],"about":[{"href":"https:\/\/www.vorspeisenplatte.de\/speisen\/wp-json\/wp\/v2\/types\/post"}],"author":[{"embeddable":true,"href":"https:\/\/www.vorspeisenplatte.de\/speisen\/wp-json\/wp\/v2\/users\/2"}],"replies":[{"embeddable":true,"href":"https:\/\/www.vorspeisenplatte.de\/speisen\/wp-json\/wp\/v2\/comments?post=12907"}],"version-history":[{"count":0,"href":"https:\/\/www.vorspeisenplatte.de\/speisen\/wp-json\/wp\/v2\/posts\/12907\/revisions"}],"wp:attachment":[{"href":"https:\/\/www.vorspeisenplatte.de\/speisen\/wp-json\/wp\/v2\/media?parent=12907"}],"wp:term":[{"taxonomy":"category","embeddable":true,"href":"https:\/\/www.vorspeisenplatte.de\/speisen\/wp-json\/wp\/v2\/categories?post=12907"},{"taxonomy":"post_tag","embeddable":true,"href":"https:\/\/www.vorspeisenplatte.de\/speisen\/wp-json\/wp\/v2\/tags?post=12907"}],"curies":[{"name":"wp","href":"https:\/\/api.w.org\/{rel}","templated":true}]}}