{"id":12943,"date":"2012-03-03T08:20:36","date_gmt":"2012-03-03T07:20:36","guid":{"rendered":"https:\/\/www.vorspeisenplatte.de\/speisen\/?p=12943"},"modified":"2012-03-03T08:20:36","modified_gmt":"2012-03-03T07:20:36","slug":"modernisierung","status":"publish","type":"post","link":"https:\/\/www.vorspeisenplatte.de\/speisen\/2012\/03\/modernisierung.htm","title":{"rendered":"Modernisierung"},"content":{"rendered":"<p>Jetzt kommt was zu Architektur \u2013 gell, das h\u00e4tten Sie nicht erwartet.<br \/>\nSeit ich denken kann (ich meine das w\u00f6rtlich: Seit ich mir \u00fcber sowas Gedanken mache, also circa ab dem Alter von 16), wundere ich mich \u00fcber den Hang der Volksseele zu Bauharmonie. Gro\u00dfgeworden bin ich ja in Ingolstadt, und in den Siebzigerjahren meiner Kindheit gab es dort noch sehr viele Bombenloch-f\u00fcllende Zweckbauten. Als in den 80ern endg\u00fcltig der Audi-Reichtum ankam, wurden diese nach und nach durch \u201ewas Sch\u00f6nes\u201c ersetzt. Damit waren Geb\u00e4ude gemeint, die den Kleinadelbarock der Umgebung imitierten. Das war sehr, sehr h\u00fcbsch. Doch schon als 16j\u00e4hrige bemerkte ich mit Unbehagen, wie mir beim Anblick das Gehirn vor lauter \u201ea meeeeei, scheeee\u201c einschlief.<\/p>\n<p>Dabei hatte dieselbe Stadt durchaus anregende Architektur zu bieten: <a href=\"http:\/\/www.andreas-praefcke.de\/carthalia\/germany\/ingolstadt_stadttheater_new.htm\" target=\"_blank\">das Stadttheater<\/a>, auf einem gro\u00dfen freien Platz gelegen, mit Blick auf die Donau. Die Ingolst\u00e4dter hassten es.<\/p>\n<p>Ich bin mir \u00fcbrigens sehr sicher, dass es uns noch leid tun wird, dass wir die Bombenlochf\u00fcllerbauten restlos abgerissen haben (\u201eAh geh, des greisliche Zeig.\u201c): Sie waren so deutlich wie nur Weniges Zeugnis ihrer Zeit.<\/p>\n<p>Sp\u00e4testens bei meinem ersten Besuch in Wien 1986 war ich von der selbstbewussten Umsetzung zeitgen\u00f6ssischer Architektur in historischer Umgebung fasziniert. Auf mich wirkte sie wie eine unwiderstehliche Aufforderung zum richtig Hinschauen, sowohl auf das Neue als auch auf das Alte. Klar kann man das gut machen und schlecht. Deswegen habe ich mich sehr \u00fcber dieses Beispiel auf dem <a href=\"http:\/\/www.ignant.de\/\" target=\"_blank\">ohnehin sehr empfehlenswerten Blog ignant<\/a> gefreut: Das <a href=\"http:\/\/www.ignant.de\/2012\/03\/02\/janus\/\" target=\"_blank\">Projekt Janus<\/a> des Architekturb\u00fcros <a href=\"http:\/\/www.mlzd.ch\/\" target=\"_blank\">Mlzd<\/a>, die Erweiterung des kommunalen Museums der Schweizer Stadt Rapperswil-Jona.<\/p>\n<p>Als deutlich unangenehmer empfinde ich Modernisierungen aus lange vergangenen Jahrhunderten, zum Beispiel die barocke Westfassade, die Gabrieli an de gotischen Eichst\u00e4tter Dom klatschte oder die Rokokokokitschkapelle im Augsburger Dom (auch wenn sie zur Vorstellung anregt, Elizabeth Taylor k\u00f6nnte darin mehrfach geheiratet haben).<\/p>\n","protected":false},"excerpt":{"rendered":"<p>Jetzt kommt was zu Architektur \u2013 gell, das h\u00e4tten Sie nicht erwartet. Seit ich denken kann (ich meine das w\u00f6rtlich: Seit ich mir \u00fcber sowas Gedanken mache, also circa ab dem Alter von 16), wundere ich mich \u00fcber den Hang der Volksseele zu Bauharmonie. Gro\u00dfgeworden bin ich ja in Ingolstadt, und in den Siebzigerjahren meiner [&hellip;]<\/p>\n","protected":false},"author":2,"featured_media":0,"comment_status":"open","ping_status":"closed","sticky":false,"template":"","format":"standard","meta":{"footnotes":""},"categories":[1],"tags":[],"class_list":["post-12943","post","type-post","status-publish","format-standard","hentry","category-general"],"_links":{"self":[{"href":"https:\/\/www.vorspeisenplatte.de\/speisen\/wp-json\/wp\/v2\/posts\/12943","targetHints":{"allow":["GET"]}}],"collection":[{"href":"https:\/\/www.vorspeisenplatte.de\/speisen\/wp-json\/wp\/v2\/posts"}],"about":[{"href":"https:\/\/www.vorspeisenplatte.de\/speisen\/wp-json\/wp\/v2\/types\/post"}],"author":[{"embeddable":true,"href":"https:\/\/www.vorspeisenplatte.de\/speisen\/wp-json\/wp\/v2\/users\/2"}],"replies":[{"embeddable":true,"href":"https:\/\/www.vorspeisenplatte.de\/speisen\/wp-json\/wp\/v2\/comments?post=12943"}],"version-history":[{"count":0,"href":"https:\/\/www.vorspeisenplatte.de\/speisen\/wp-json\/wp\/v2\/posts\/12943\/revisions"}],"wp:attachment":[{"href":"https:\/\/www.vorspeisenplatte.de\/speisen\/wp-json\/wp\/v2\/media?parent=12943"}],"wp:term":[{"taxonomy":"category","embeddable":true,"href":"https:\/\/www.vorspeisenplatte.de\/speisen\/wp-json\/wp\/v2\/categories?post=12943"},{"taxonomy":"post_tag","embeddable":true,"href":"https:\/\/www.vorspeisenplatte.de\/speisen\/wp-json\/wp\/v2\/tags?post=12943"}],"curies":[{"name":"wp","href":"https:\/\/api.w.org\/{rel}","templated":true}]}}