{"id":13023,"date":"2012-04-03T10:13:21","date_gmt":"2012-04-03T08:13:21","guid":{"rendered":"https:\/\/www.vorspeisenplatte.de\/speisen\/?p=13023"},"modified":"2012-04-03T10:13:21","modified_gmt":"2012-04-03T08:13:21","slug":"dieses-jahr-auf-der-republica-foodblogs","status":"publish","type":"post","link":"https:\/\/www.vorspeisenplatte.de\/speisen\/2012\/04\/dieses-jahr-auf-der-republica-foodblogs.htm","title":{"rendered":"Dieses Jahr auf der re:publica: Foodblogs"},"content":{"rendered":"<p><a href=\"http:\/\/re-publica.de\/12\/\" title=\"Meet me in action @ re:publica 12\"><img decoding=\"async\" src=\"http:\/\/re-publica.de\/banner\/300x250-1.png\" alt=\"re:publica 12\" \/><\/a><\/p>\n<p>Vergangenes Jahr zum ersten Mal dabei gewesen, dieses Jahr gleich selbst auf der B\u00fchne. Unser Thema auf der re:publica 2012 in Berlin:<\/p>\n<p><a href=\"http:\/\/re-publica.de\/12\/panel\/foodblogs-verfall-oder-rettung-der-esskultur\/\" target=\"_blank\">Foodblogs &#8211; Verfall oder Rettung der Esskultur?<\/a><\/p>\n<p>Ich freue mich ungemein, dass die Veranstalter unseren Vorschlag so interessant fanden wie wir. Es ist h\u00f6chste Zeit, dass auf DER deutschen Bloggerkonferenz auch Foodblogs stattfinden, haben sie doch in den vergangenen Jahren riesige Energie entwickelt. Doch Innovation enth\u00e4lt ja immer Zerst\u00f6rung. Machen Foodblogs am Ende Esszeitschriften oder gar Kochb\u00fccher \u00fcberfl\u00fcssig? Oder sch\u00e4tzt niemand mehr die Kompetenz erfahrener Restaurantkritiker, wo man doch in Blogs die Erlebnisse ganz normaler Menschen in Restaurants nachlesen kann? Sind diese Foodbloggerinnen tats\u00e4chlich Gourmets oder haben sie einfach zu viele Kochsendungen im Fernsehen erwischt? Wie sind die Trends der deutschen Foodblogszene, wo geht es hin? Dar\u00fcber werde ich mich unterhalten mit<\/p>\n<p><a href=\"http:\/\/re-publica.de\/12\/person\/stevan-paul\/\" target=\"_blank\">Stevan Paul<\/a> (<a href=\"http:\/\/nutriculinary.com\/2012\/03\/23\/republica-2012-foodblogs-verfall-oder-rettung-der-esskultur\/\" target=\"_blank\">Herrn NutriCulinary<\/a>)<\/p>\n<p><a href=\"http:\/\/re-publica.de\/12\/person\/nicole-stich\/\" target=\"_blank\">Nicole Stich<\/a> (<a href=\"http:\/\/www.deliciousdays.com\/\" target=\"_blank\">Missisdelicious<\/a>)<\/p>\n<p><a href=\"http:\/\/re-publica.de\/12\/person\/sebastian-dickhaut\/\" target=\"_blank\">Sebastian Dickhaut<\/a> (<a href=\"http:\/\/www.rettet-das-mittagessen.de\/blog\/\" target=\"_blank\">dem Mittagsesser<\/a>)<\/p>\n<p><a href=\"http:\/\/re-publica.de\/12\/person\/vijay-sapre\/\" target=\"_blank\">Vijay Sapre<\/a> (<a href=\"http:\/\/www.effilee.de\/\" target=\"_blank\">Monsieur Effilee<\/a>)<\/p>\n<p>Kommen Sie doch auch und unterhalten sich mit!<\/p>\n","protected":false},"excerpt":{"rendered":"<p>Vergangenes Jahr zum ersten Mal dabei gewesen, dieses Jahr gleich selbst auf der B\u00fchne. Unser Thema auf der re:publica 2012 in Berlin: Foodblogs &#8211; Verfall oder Rettung der Esskultur? Ich freue mich ungemein, dass die Veranstalter unseren Vorschlag so interessant fanden wie wir. Es ist h\u00f6chste Zeit, dass auf DER deutschen Bloggerkonferenz auch Foodblogs stattfinden, [&hellip;]<\/p>\n","protected":false},"author":2,"featured_media":0,"comment_status":"open","ping_status":"closed","sticky":false,"template":"","format":"standard","meta":{"footnotes":""},"categories":[6,1],"tags":[],"class_list":["post-13023","post","type-post","status-publish","format-standard","hentry","category-essen","category-general"],"_links":{"self":[{"href":"https:\/\/www.vorspeisenplatte.de\/speisen\/wp-json\/wp\/v2\/posts\/13023","targetHints":{"allow":["GET"]}}],"collection":[{"href":"https:\/\/www.vorspeisenplatte.de\/speisen\/wp-json\/wp\/v2\/posts"}],"about":[{"href":"https:\/\/www.vorspeisenplatte.de\/speisen\/wp-json\/wp\/v2\/types\/post"}],"author":[{"embeddable":true,"href":"https:\/\/www.vorspeisenplatte.de\/speisen\/wp-json\/wp\/v2\/users\/2"}],"replies":[{"embeddable":true,"href":"https:\/\/www.vorspeisenplatte.de\/speisen\/wp-json\/wp\/v2\/comments?post=13023"}],"version-history":[{"count":0,"href":"https:\/\/www.vorspeisenplatte.de\/speisen\/wp-json\/wp\/v2\/posts\/13023\/revisions"}],"wp:attachment":[{"href":"https:\/\/www.vorspeisenplatte.de\/speisen\/wp-json\/wp\/v2\/media?parent=13023"}],"wp:term":[{"taxonomy":"category","embeddable":true,"href":"https:\/\/www.vorspeisenplatte.de\/speisen\/wp-json\/wp\/v2\/categories?post=13023"},{"taxonomy":"post_tag","embeddable":true,"href":"https:\/\/www.vorspeisenplatte.de\/speisen\/wp-json\/wp\/v2\/tags?post=13023"}],"curies":[{"name":"wp","href":"https:\/\/api.w.org\/{rel}","templated":true}]}}