{"id":13045,"date":"2012-04-14T08:58:58","date_gmt":"2012-04-14T06:58:58","guid":{"rendered":"https:\/\/www.vorspeisenplatte.de\/speisen\/?p=13045"},"modified":"2012-04-14T08:58:58","modified_gmt":"2012-04-14T06:58:58","slug":"samstagslekture","status":"publish","type":"post","link":"https:\/\/www.vorspeisenplatte.de\/speisen\/2012\/04\/samstagslekture.htm","title":{"rendered":"Samstagslekt\u00fcre"},"content":{"rendered":"<p>Vielleicht geht es Ihnen ja wie mir und Ihre Tageszeitung blieb heute aus (die ohnehin die ganze vergangene Woche so sp\u00e4t geliefert wurde, dass Sie sie einmal nicht vor dem Abmarsch in die Arbeit erwischten). Hier ein wenig Lesestoff:<\/p>\n<p><a href=\"http:\/\/blog.news.me\/post\/20904811134\/getting-the-news-danah-boyd \" target=\"_blank\">&#8220;Getting the News&#8221;<\/a>: Interview mit Danah Boyd \u00fcber heutige Nachrichtenkan\u00e4le und dar\u00fcber, wie junge Leute Nachrichten erfahren. U.a. interessant weil:<\/p>\n<blockquote><p><b>Why do you go to Fox News first?<\/b><br \/>\nBecause it\u2019s most likely to be as different from my personal opinion as possible. Because I\u2019m like: \u201cWhat the fuck, America?\u201d We\u2019re not going to agree on anything, so I want to hear what that frame is.<br \/>\n(&#8230;)<br \/>\nGeneral news is not relevant to young people because they don\u2019t have context. It\u2019s a lot of abstract storytelling and arguing among adults that makes no sense. So most young people end up consuming celebrity news.<\/p><\/blockquote>\n<p>via <a href=\"https:\/\/twitter.com\/#!\/lyssaslounge\/status\/190883337336918016\" target=\"_blank\">@lyssaslounge<\/a><\/p>\n<p>\u00a7<\/p>\n<p><a href=\"http:\/\/thenewcivilrightsmovement.com\/pregnancy-begins-2-weeks-before-conception-now-the-law-in-arizona\/politics\/2012\/04\/13\/37993\" target=\"_blank\">In Arizona wird jetzt der Beginn der Schwangerschaft zwei Wochen vor der Empf\u00e4ngnis angesetzt.<\/a><\/p>\n<p>via <a href=\"https:\/\/twitter.com\/#!\/antjeschrupp\" target=\"_blank\">@antjeschrupp<\/a><\/p>\n<p>(Sie kennen den Schwangerschaftswitz mit der Pointe &#8220;Mir zittern jetzt noch die Knie&#8221;? Aus und vorbei.)<\/p>\n<p>Und \u00fcberhaupt:<\/p>\n<p><a href=\"https:\/\/www.vorspeisenplatte.de\/speisen\/archiv\/War_on_Women.jpg\"><img loading=\"lazy\" decoding=\"async\" src=\"https:\/\/www.vorspeisenplatte.de\/speisen\/archiv\/War_on_Women.jpg\" alt=\"\" title=\"War_on_Women\" width=\"335\" height=\"103\" class=\"alignnone size-full wp-image-13046\" \/><\/a><\/p>\n<p>\u00a7<\/p>\n<p><a href=\"http:\/\/www.tageswoche.ch\/de\/2012_15\/international\/414124\/\" target=\"_blank\">\u00abJetzt schauen wir mal, wie weit das tr\u00e4gt\u00bb<\/a> &#8211; die Schweizer <i>Tageswoche<\/i> interviewt Christoph Lauer, Piraten-Abgeordneter in Berlin. Mit konstruktiven, neugierigen Fragen. (via <a href=\"https:\/\/twitter.com\/#!\/sixtus\" target=\"_blank\">@sixtus<\/a>)<\/p>\n<p>Ich habe ohnehin den Eindruck, dass die Berichterstattung im Ausland n\u00fctzlicher \u00fcber die deutsche Piratenpartei informiert als das Gehacke in Deutschland. Weiteres Beispiel im britischen <i>Guardian<\/i>: &#8220;<a href=\"http:\/\/www.guardian.co.uk\/commentisfree\/2012\/apr\/11\/pirate-party-german-politics\" target=\"_blank\">The Pirate party rises as German politics is all at sea<\/a>&#8220;.<\/p>\n<p>\u00a7<\/p>\n<p>Womit Sie auch gleich mal miterlebt haben, wie meine eigene Nachrichtenaufnahme funktioniert: Morgens gehe ich als erstes meine Twitter-Timeline der Nacht durch und folge interessanten Links. Wochentags h\u00f6re ich dabei Deutschlandradio Kultur mit weiteren Nachrichten. Danach lese ich auf dem Weg in die Arbeit den Mantel der <i>S\u00fcddeutschen Zeitung<\/i>. Am Wochenende wird es eher Samstagnachmittag, bis ich die Papierzeitung lese. (Mal sehen, ob ich sie heute \u00fcberhaupt bis Nachmittag bekomme.) Sitze ich an einem Ger\u00e4t mit Internetzugange, folge ich zus\u00e4tzlich den ganzen Tag \u00fcber Links auf Twitter oder \u00fcber meinen Feedreader in Blogs zu Nachrichten.<\/p>\n","protected":false},"excerpt":{"rendered":"<p>Vielleicht geht es Ihnen ja wie mir und Ihre Tageszeitung blieb heute aus (die ohnehin die ganze vergangene Woche so sp\u00e4t geliefert wurde, dass Sie sie einmal nicht vor dem Abmarsch in die Arbeit erwischten). Hier ein wenig Lesestoff: &#8220;Getting the News&#8221;: Interview mit Danah Boyd \u00fcber heutige Nachrichtenkan\u00e4le und dar\u00fcber, wie junge Leute Nachrichten [&hellip;]<\/p>\n","protected":false},"author":2,"featured_media":0,"comment_status":"open","ping_status":"closed","sticky":false,"template":"","format":"standard","meta":{"footnotes":""},"categories":[1],"tags":[],"class_list":["post-13045","post","type-post","status-publish","format-standard","hentry","category-general"],"_links":{"self":[{"href":"https:\/\/www.vorspeisenplatte.de\/speisen\/wp-json\/wp\/v2\/posts\/13045","targetHints":{"allow":["GET"]}}],"collection":[{"href":"https:\/\/www.vorspeisenplatte.de\/speisen\/wp-json\/wp\/v2\/posts"}],"about":[{"href":"https:\/\/www.vorspeisenplatte.de\/speisen\/wp-json\/wp\/v2\/types\/post"}],"author":[{"embeddable":true,"href":"https:\/\/www.vorspeisenplatte.de\/speisen\/wp-json\/wp\/v2\/users\/2"}],"replies":[{"embeddable":true,"href":"https:\/\/www.vorspeisenplatte.de\/speisen\/wp-json\/wp\/v2\/comments?post=13045"}],"version-history":[{"count":0,"href":"https:\/\/www.vorspeisenplatte.de\/speisen\/wp-json\/wp\/v2\/posts\/13045\/revisions"}],"wp:attachment":[{"href":"https:\/\/www.vorspeisenplatte.de\/speisen\/wp-json\/wp\/v2\/media?parent=13045"}],"wp:term":[{"taxonomy":"category","embeddable":true,"href":"https:\/\/www.vorspeisenplatte.de\/speisen\/wp-json\/wp\/v2\/categories?post=13045"},{"taxonomy":"post_tag","embeddable":true,"href":"https:\/\/www.vorspeisenplatte.de\/speisen\/wp-json\/wp\/v2\/tags?post=13045"}],"curies":[{"name":"wp","href":"https:\/\/api.w.org\/{rel}","templated":true}]}}