{"id":13127,"date":"2012-04-28T19:27:45","date_gmt":"2012-04-28T17:27:45","guid":{"rendered":"https:\/\/www.vorspeisenplatte.de\/speisen\/?p=13127"},"modified":"2012-04-28T19:27:45","modified_gmt":"2012-04-28T17:27:45","slug":"hochsommer-im-april","status":"publish","type":"post","link":"https:\/\/www.vorspeisenplatte.de\/speisen\/2012\/04\/hochsommer-im-april.htm","title":{"rendered":"Hochsommer im April"},"content":{"rendered":"<p>Das ist dann doch ein wenig gruslig: Heute, 28. April, hatte es in M\u00fcnchen sp\u00fcrbar \u00fcber 30 Grad und sah es nachmittags so an der Isar aus.<\/p>\n<p><a href=\"https:\/\/www.vorspeisenplatte.de\/speisen\/archiv\/120428_Aprilsommer_2.jpg\"><img loading=\"lazy\" decoding=\"async\" src=\"https:\/\/www.vorspeisenplatte.de\/speisen\/archiv\/120428_Aprilsommer_2.jpg\" alt=\"\" title=\"120428_Aprilsommer_2\" width=\"550\" height=\"440\" class=\"alignnone size-full wp-image-13128\" \/><\/a><\/p>\n<p><a href=\"https:\/\/www.vorspeisenplatte.de\/speisen\/archiv\/120428_Aprilsommer_1.jpg\"><img loading=\"lazy\" decoding=\"async\" src=\"https:\/\/www.vorspeisenplatte.de\/speisen\/archiv\/120428_Aprilsommer_1.jpg\" alt=\"\" title=\"120428_Aprilsommer_1\" width=\"635\" height=\"446\" class=\"alignnone size-full wp-image-13129\" srcset=\"https:\/\/www.vorspeisenplatte.de\/speisen\/archiv\/120428_Aprilsommer_1.jpg 635w, https:\/\/www.vorspeisenplatte.de\/speisen\/archiv\/120428_Aprilsommer_1-600x421.jpg 600w\" sizes=\"auto, (max-width: 635px) 100vw, 635px\" \/><\/a><\/p>\n<p>Vormittags war ich zum Laufen an den Friedensengel geradelt, hatte in Erwartung h\u00f6hrerer Temperaturen Wasser bei mir. Ich hatte allerdings nicht einkalkuliert, dass ich praktisch durchgehend in praller Sonne laufen w\u00fcrde, da die B\u00e4ume zum Schattenspenden noch nicht belaubt genug sind. Nach einer Stunde Trab im Schneckentempo gab ich ersch\u00f6pft auf und ging nur noch. Selbst beim gem\u00e4chlichen Heimradeln schlug mir das Herz an Ampeln bis in die Kehle, und daheim zeigte mir der Blick in den Spiegel ein rotes Gesicht mit wei\u00dfen Lippen: klassische Zeichen f\u00fcr \u00dcberanstrengung. Ich erschrak und lie\u00df mich den Rest des Tages fahren (Tram zu Auer Dult), bewegte mich auch sonst m\u00f6glichst wenig.<\/p>\n<p>Berlin k\u00fcndigt f\u00fcr meinen morgigen Anreisetag auch schon 28 Grad an. Dann werde ich wohl mal die Sommerkleidung einpacken.<\/p>\n","protected":false},"excerpt":{"rendered":"<p>Das ist dann doch ein wenig gruslig: Heute, 28. April, hatte es in M\u00fcnchen sp\u00fcrbar \u00fcber 30 Grad und sah es nachmittags so an der Isar aus. Vormittags war ich zum Laufen an den Friedensengel geradelt, hatte in Erwartung h\u00f6hrerer Temperaturen Wasser bei mir. Ich hatte allerdings nicht einkalkuliert, dass ich praktisch durchgehend in praller [&hellip;]<\/p>\n","protected":false},"author":2,"featured_media":0,"comment_status":"open","ping_status":"closed","sticky":false,"template":"","format":"standard","meta":{"footnotes":""},"categories":[2],"tags":[],"class_list":["post-13127","post","type-post","status-publish","format-standard","hentry","category-fotos"],"_links":{"self":[{"href":"https:\/\/www.vorspeisenplatte.de\/speisen\/wp-json\/wp\/v2\/posts\/13127","targetHints":{"allow":["GET"]}}],"collection":[{"href":"https:\/\/www.vorspeisenplatte.de\/speisen\/wp-json\/wp\/v2\/posts"}],"about":[{"href":"https:\/\/www.vorspeisenplatte.de\/speisen\/wp-json\/wp\/v2\/types\/post"}],"author":[{"embeddable":true,"href":"https:\/\/www.vorspeisenplatte.de\/speisen\/wp-json\/wp\/v2\/users\/2"}],"replies":[{"embeddable":true,"href":"https:\/\/www.vorspeisenplatte.de\/speisen\/wp-json\/wp\/v2\/comments?post=13127"}],"version-history":[{"count":0,"href":"https:\/\/www.vorspeisenplatte.de\/speisen\/wp-json\/wp\/v2\/posts\/13127\/revisions"}],"wp:attachment":[{"href":"https:\/\/www.vorspeisenplatte.de\/speisen\/wp-json\/wp\/v2\/media?parent=13127"}],"wp:term":[{"taxonomy":"category","embeddable":true,"href":"https:\/\/www.vorspeisenplatte.de\/speisen\/wp-json\/wp\/v2\/categories?post=13127"},{"taxonomy":"post_tag","embeddable":true,"href":"https:\/\/www.vorspeisenplatte.de\/speisen\/wp-json\/wp\/v2\/tags?post=13127"}],"curies":[{"name":"wp","href":"https:\/\/api.w.org\/{rel}","templated":true}]}}