{"id":13140,"date":"2012-05-05T20:29:19","date_gmt":"2012-05-05T18:29:19","guid":{"rendered":"https:\/\/www.vorspeisenplatte.de\/speisen\/?p=13140"},"modified":"2012-05-06T15:57:03","modified_gmt":"2012-05-06T13:57:03","slug":"der-republica-sommer-in-berlin-teil-1","status":"publish","type":"post","link":"https:\/\/www.vorspeisenplatte.de\/speisen\/2012\/05\/der-republica-sommer-in-berlin-teil-1.htm","title":{"rendered":"Der re:publica-Sommer in Berlin &#8211; Teil 1"},"content":{"rendered":"<p>Keine Chance, dass ich diese fast sechs Tage Berlin in einem \u00fcbersichtlichen Text zusammenkriege: Zu dicht, zu emotional, zu reich und wundervoll. In meiner Twitter-Timeline tauchte die ganze re:publica \u00fcber kein einziger N\u00f6l-Tweet auf: Entweder war die Veranstaltung also wirklich so hochklassig und gut organisiert, wie ich sie erlebt habe. Oder es war eine gute Idee, die N\u00f6ler letztes Jahr kurzerhand und dauerhaft wegen Vermiesung aus meiner Timeline zu schmei\u00dfen.<\/p>\n<p>Einige Fragmente will ich zusammenwerfen, vor allem f\u00fcr mich als Erinnerung. Erst mal zur re:publica selbst.<\/p>\n<p>\u00a7<\/p>\n<p>Der Mensch ist einfach nicht besonders gut in Prognosen &#8211; das war ein Fazit, das Kathrin Passig im Abschlussvortrag der re:publica 2012 zog, in \u201eStandardsituationen der Technologiebegeisterung\u201c. W\u00e4re mir das vorher so klar gewesen, h\u00e4tte ich wahrscheinlich die Klappe gehalten, als ich am ersten re:publica-Tag um halb <del>neun<\/del>zehn, eine halbe Stunde vor Start, Johnny H\u00e4usler traf. Er fragte mich, wie die Leute wohl die neue Location aufnehmen w\u00fcrden. Unbesehen prognostizierte ich da n\u00e4mlich drauf los: \u201eSie werden sie hassen. Menschen m\u00f6gen keine Ver\u00e4nderung. Vorher war&#8217;s zwar schei\u00dfe, aber es war eine Schei\u00dfe, die sie kannten. Das hier kennen sie nicht.\u201c<br \/>\nIch h\u00e4tte nicht falscher liegen k\u00f6nnen: Niemand, den und die ich traf, war nicht begeistert von der Station (die ich im Kopf immer noch deutsch ausspreche, auch wenn sie wohl wie das englische Wort f\u00fcr Bahnhof ausgesprochen wird).<\/p>\n<p>\u00a7<\/p>\n<p>Zun\u00e4chst setzte ich mich zur Podiumsdiskussion <a href=\"http:\/\/re-publica.de\/12\/panel\/unerhort-digitale-barrierefreiheit-und-partizipation-im-netz\/\" target=\"_blank\">\u201eUnerh\u00f6rt: Digitale Barrierefreiheit und Partizipation im Netz\u201c<\/a>. Dort lernte ich unter anderem, in welchem neuen Ma\u00df das Web Behinderten erm\u00f6glicht, Kontakte zu schlie\u00dfen, in denen ihre Behinderung keine Rolle spielt. Dass allerdings schriftliche Sprachkompetenz eine Voraussetzung ist &#8211; f\u00fcr Geh\u00f6rlose keine Selbstverst\u00e4ndlichkeit.<\/p>\n<p><a href=\"https:\/\/www.vorspeisenplatte.de\/speisen\/archiv\/120502_republica_Unerhoert.jpg\"><img loading=\"lazy\" decoding=\"async\" src=\"https:\/\/www.vorspeisenplatte.de\/speisen\/archiv\/120502_republica_Unerhoert.jpg\" alt=\"\" title=\"120502_republica_Unerhoert\" width=\"527\" height=\"367\" class=\"alignnone size-full wp-image-13142\" \/><\/a><\/p>\n<p>Um mal das Beispiel des Podiumsdiskutanten <a href=\"http:\/\/notquitelikebeethoven.wordpress.com\/\" target=\"_blank\"><i>Not quite like Beethoven<\/i><\/a> zu nehmen: Dass Bloggerinnen bei einer pers\u00f6nlichen Begegnung mit dem Herrn tendenziell so reagieren<\/p>\n<p><a href=\"https:\/\/www.vorspeisenplatte.de\/speisen\/archiv\/Wkrstksft.jpg\"><img loading=\"lazy\" decoding=\"async\" src=\"https:\/\/www.vorspeisenplatte.de\/speisen\/archiv\/Wkrstksft.jpg\" alt=\"\" title=\"Wkrstksft\" width=\"199\" height=\"251\" class=\"alignnone size-full wp-image-13141\" \/><\/a><\/p>\n<p>hat ganz sicher nichts mit dem Grad seiner H\u00f6rkraft zu tun.<\/p>\n<p>\u00a7<\/p>\n<p>Von Udo Vetter lie\u00df ich mir erz\u00e4hlen: \u201eSpielregeln f\u00fcr das Netz \u2013 sicher publizieren in Blogs, Foren und Sozialen Netzwerken\u201c &#8211; unter anderem, weil ich ihn noch nie pers\u00f6nlich gesehen hatte. Viele sch\u00f6ne Beispiele, viele Informationen.<\/p>\n<p>Seinen Vortrag gibt es bereits bei Spiegel online zu sehen: <a href=\"http:\/\/www.spiegel.de\/video\/video-1194186.html\" target=\"_blank\">Teil 1<\/a> und <a href=\"http:\/\/www.spiegel.de\/video\/video-1194199.html\" target=\"_blank\">Teil 2<\/a>.<\/p>\n<p>\u00a7<\/p>\n<p>Cindy Gallop hatte ich mit ihrem Thema \u201eMake love not porn\u201c schon letztes Jahr in M\u00fcnchen gesehen, allerdings hatte sie nur 10 Minuten gesprochen. Diesmal holte ich mir die Langfassung ihrer Ausf\u00fchrungen: Gerade weil immer mehr Menschen mit Pornografie als Hauptinformation \u00fcber Sex aufwachsen, m\u00fcssen wir \u00fcber echten Sex sprechen &#8211; mehr oder \u00fcberhaupt. Ich empfehle ihre <a href=\"http:\/\/makelovenotporn.com\/\" target=\"_blank\">Website Make love not porn<\/a>, auf der Porno-Stereotypen der \u201ereal world\u201c gegen\u00fcbergestellt werden.<\/p>\n<p>Cindy Gallops Vortrag auf der re:publica k\u00f6nnen Sie ebenfalls <a href=\"http:\/\/www.spiegel.de\/video\/video-1193930.html\" target=\"_blank\">bei Spiegel online nachholen<\/a>.<\/p>\n<p>\u00a7<\/p>\n<p>Abends sprach Sascha Lobo vor knallvoller Bude zum Stand des Internets. Nachdem er vergangenes Jahr sein Publikum beschimpft hatte, weil es nichts bewegt, bekam es diesmal die ganze Flausch-Breitseite ab. Holen Sie sich die Details und Lobos kluge Bestandsaufnahme (u.a. Was machen Ihre Kinder eigentlich da auf YouTube?) <a href=\"http:\/\/www.spiegel.de\/netzwelt\/netzpolitik\/sascha-lobo-bei-der-re-publica-a-831364.html\" target=\"_blank\">bitte bei Spiegel online<\/a>.<\/p>\n<p><a href=\"https:\/\/www.vorspeisenplatte.de\/speisen\/archiv\/120502_republica_Lobo.jpg\"><img loading=\"lazy\" decoding=\"async\" src=\"https:\/\/www.vorspeisenplatte.de\/speisen\/archiv\/120502_republica_Lobo.jpg\" alt=\"\" title=\"120502_republica_Lobo\" width=\"483\" height=\"313\" class=\"alignnone size-full wp-image-13143\" \/><\/a><\/p>\n<p>\u00a7<\/p>\n<p>Den zweiten Tag der Konferenz hatte ich ja <a href=\"https:\/\/www.vorspeisenplatte.de\/speisen\/2012\/05\/vollverflauscht.htm\" target=\"_blank\">eher selbst bestritten<\/a>, am dritten konnte ich wieder anderen zuh\u00f6ren.<\/p>\n<p>In der Podiumsdiskussion \u201e<a href=\"http:\/\/re-publica.de\/12\/panel\/copyriots-der-kampf-der-kulturen\/#day04\" target=\"_blank\">Copyriots! Der Kampf der Kulturen<\/a>\u201c gab es zwar nicht viel Neues zum Thema Urheberrecht (das Publikum wollte \u00fcber die Gema sprechen, die hatte aber schon wieder abgesagt), doch ich h\u00f6rte ein paar interessante Details und freute mich an Johnny H\u00e4uslers Moderation.<\/p>\n<p>\u00a7<\/p>\n<p>Felix Schwenzel belegte in <a href=\"http:\/\/re-publica.de\/12\/panel\/soylent-green-ah-the-internet-is-people\/#day04\" target=\"_blank\">\u201esoylent green, \u00e4h, the internet is people!\u201c<\/a> unterhaltsam, dass die Dichotomie virtuell\/real gar nicht existiert.<\/p>\n<p><a href=\"https:\/\/www.vorspeisenplatte.de\/speisen\/archiv\/120504_republica_Felix.jpg\"><img loading=\"lazy\" decoding=\"async\" src=\"https:\/\/www.vorspeisenplatte.de\/speisen\/archiv\/120504_republica_Felix.jpg\" alt=\"\" title=\"120504_republica_Felix\" width=\"342\" height=\"291\" class=\"alignnone size-full wp-image-13144\" \/><\/a><\/p>\n<p>\u00a7<\/p>\n<p>Spannend fand ich \u201eSocial Media Nutzung der Bundesregierung \u2013 Ein Interview mit @RegSprecher\u201c. Steffen Seibert war unterhaltsam und informativ. Was ich lernte: Wenn ein Medienmensch nur freundlich und sympathisch genug wirkt, darf er sogar konsequent von \u201eNetzgemeinde\u201c sprechen, ohne dass ihn die Angesprochenen daf\u00fcr ausbuhen. Der Mann ist halt Fernseh- und Medienprofi &#8211; und diese Erfahrung stellt er derzeit in den Dienst der Regierung. Ich habe schon ein paar Spitzenjournalisten auf die Unternehmenssprecherseite wechseln gesehen: Der Mechanismus ist derselbe.<\/p>\n<p><a href=\"https:\/\/www.vorspeisenplatte.de\/speisen\/archiv\/120404_republica_seibert.jpg\"><img loading=\"lazy\" decoding=\"async\" src=\"https:\/\/www.vorspeisenplatte.de\/speisen\/archiv\/120404_republica_seibert.jpg\" alt=\"\" title=\"120404_republica_seibert\" width=\"445\" height=\"354\" class=\"alignnone size-full wp-image-13145\" \/><\/a><\/p>\n<p>\u00a7<\/p>\n<p>Kathrin Passig sprach den Rausschmei\u00dfer <a href=\"http:\/\/re-publica.de\/12\/panel\/standardsituationen-der-technologiebegeisterung\/#day04\" target=\"_blank\">\u201eStandardsituationen der Technologiebegeisterung\u201c<\/a> &#8211; das Gegenst\u00fcck zu ihrem \u201eStandardsituationen der Technologiekritik\u201c. Gemerkt habe ich mir, wie eingangs zitiert, dass Leute, die nicht beruflich dazu gezwungen sind, das mit den Prognosen besser sein lassen, wenn sie nicht kurz darauf dumm dastehen wollen.<\/p>\n<p><a href=\"https:\/\/www.vorspeisenplatte.de\/speisen\/archiv\/120404_republica_Passig.jpg\"><img loading=\"lazy\" decoding=\"async\" src=\"https:\/\/www.vorspeisenplatte.de\/speisen\/archiv\/120404_republica_Passig.jpg\" alt=\"\" title=\"120404_republica_Passig\" width=\"480\" height=\"350\" class=\"alignnone size-full wp-image-13146\" \/><\/a><\/p>\n<p>\u00a7<\/p>\n<p>Ich empfehle die Zusammenfassungen von <a href=\"http:\/\/www.ankegroener.de\/?p=16194\" target=\"_blank\">Anke Gr\u00f6ner<\/a> und <a href=\"http:\/\/dasnuf.de\/leben-neben-dem-leben\/republica-tag-3-und-wie-waren-eigentlich-die-sessions\/\" target=\"_blank\">dasnuf<\/a>.<\/p>\n<p>\u00a7<\/p>\n<p>\u00dcbrigens: Auf der letzten Folie unseres Auftritts \u201ePoetry Spam\u201c (<a href=\"http:\/\/www.zdf.de\/ZDFmediathek\/beitrag\/video\/1634586\/Poetry-Spam-Enlarge-your-penis-usw.?bc=sts;suc#\/beitrag\/video\/1634586\/Poetry-Spam-Enlarge-your-penis-usw.\" target=\"_blank\">in der ZDF-Mediathek gibt es die Schlussnummer zu sehen<\/a>) zeichneten wir mit unseren Twitter-Accounts. Das war irref\u00fchrend, denn nun bekomme ich dort Dutzende Follow-Anfragen. Mein Twitter-Account ist aber nicht \u00f6ffentlich, und das m\u00f6chte ich vorerst so beibehalten. Deshalb bitte ich um Verst\u00e4ndnis, dass ich nur die Anfragen von Menschen freischalte, vor denen ich mich ganz subjektiv in keiner Hinsicht f\u00fcrchte.<\/p>\n","protected":false},"excerpt":{"rendered":"<p>Keine Chance, dass ich diese fast sechs Tage Berlin in einem \u00fcbersichtlichen Text zusammenkriege: Zu dicht, zu emotional, zu reich und wundervoll. In meiner Twitter-Timeline tauchte die ganze re:publica \u00fcber kein einziger N\u00f6l-Tweet auf: Entweder war die Veranstaltung also wirklich so hochklassig und gut organisiert, wie ich sie erlebt habe. Oder es war eine gute [&hellip;]<\/p>\n","protected":false},"author":2,"featured_media":0,"comment_status":"open","ping_status":"closed","sticky":false,"template":"","format":"standard","meta":{"footnotes":""},"categories":[2],"tags":[],"class_list":["post-13140","post","type-post","status-publish","format-standard","hentry","category-fotos"],"_links":{"self":[{"href":"https:\/\/www.vorspeisenplatte.de\/speisen\/wp-json\/wp\/v2\/posts\/13140","targetHints":{"allow":["GET"]}}],"collection":[{"href":"https:\/\/www.vorspeisenplatte.de\/speisen\/wp-json\/wp\/v2\/posts"}],"about":[{"href":"https:\/\/www.vorspeisenplatte.de\/speisen\/wp-json\/wp\/v2\/types\/post"}],"author":[{"embeddable":true,"href":"https:\/\/www.vorspeisenplatte.de\/speisen\/wp-json\/wp\/v2\/users\/2"}],"replies":[{"embeddable":true,"href":"https:\/\/www.vorspeisenplatte.de\/speisen\/wp-json\/wp\/v2\/comments?post=13140"}],"version-history":[{"count":0,"href":"https:\/\/www.vorspeisenplatte.de\/speisen\/wp-json\/wp\/v2\/posts\/13140\/revisions"}],"wp:attachment":[{"href":"https:\/\/www.vorspeisenplatte.de\/speisen\/wp-json\/wp\/v2\/media?parent=13140"}],"wp:term":[{"taxonomy":"category","embeddable":true,"href":"https:\/\/www.vorspeisenplatte.de\/speisen\/wp-json\/wp\/v2\/categories?post=13140"},{"taxonomy":"post_tag","embeddable":true,"href":"https:\/\/www.vorspeisenplatte.de\/speisen\/wp-json\/wp\/v2\/tags?post=13140"}],"curies":[{"name":"wp","href":"https:\/\/api.w.org\/{rel}","templated":true}]}}