{"id":13185,"date":"2012-05-17T10:03:55","date_gmt":"2012-05-17T08:03:55","guid":{"rendered":"https:\/\/www.vorspeisenplatte.de\/speisen\/?p=13185"},"modified":"2012-05-17T10:03:55","modified_gmt":"2012-05-17T08:03:55","slug":"rezepte-in-zeiten-des-internet","status":"publish","type":"post","link":"https:\/\/www.vorspeisenplatte.de\/speisen\/2012\/05\/rezepte-in-zeiten-des-internet.htm","title":{"rendered":"Rezepte in Zeiten des Internet"},"content":{"rendered":"<p>Kochb\u00fccher sind f\u00fcr definierte M\u00e4rkte geschrieben, die sich meist mit Nationen decken. Und in denen die Zutaten ungef\u00e4hr in gleicher Form angeboten werden: Backpulver oder Puddingpulver in Portionsp\u00e4ckchen oder in gro\u00dfen Dosen, Vanillegeschmack als Vanillinzucker in kleinen T\u00fctchen oder fl\u00fcssig in Fl\u00e4schchen, Mohn lose oder als bereits aufbereitete F\u00fcllung. Deshalb liegt es nahe, sie in den Zutatenlisten als Standard vorauszusetzen und \u201e1 Pck. Backpulver\u201c anzugeben, \u201e1\/2 Pck. Vanillepuddingpulver\u201c, \u201e1 Packung Mohnback\u201c.<\/p>\n<p>Das Web allerdings ist, wie wir alle wissen, grenzenlos. Und selbst wenn ein Rezept auf Deutsch ver\u00f6ffentlicht wird, kann es gut sein, dass es eine deutsche Emigrantin in Argentinien interessiert. Oder eine T\u00fcrkin mit guten Deutschkenntnissen und einem Faible f\u00fcr deutsche Kuchen.<\/p>\n<p>K\u00f6nnten wir deshalb vereinbaren, in Internetrezepten ausgesprochen lokalisierte Mengenangaben zu meiden? Weil es zum Beispiel in Argentinien keine Vanillepuddingpulverpackerl gibt? Es ist doch gar nicht so umst\u00e4ndlich, Backpulver oder die St\u00e4rke, aus der Vanillepuddingpulver fast ausschlie\u00dflich besteht, nachvollziehbar abzumessen &#8211; zum Beispiel in gestrichenen Teel\u00f6ffeln, Essl\u00f6ffeln oder gleich in Gramm. Angaben wie \u201eeine Dose Tomaten\u201c, \u201e ein Glas Sauerkirschen\u201c, \u201ezwei Packungen gemischtes Trockenobst\u201c sollten eigentlich auch in national beschr\u00e4nkter Verbreitung gar nicht auftauchen, ohne dass sie genauer quantifiziert sind: Stellen Sie sich einfach mal im Supermarkt vor die Regale mit Tomatendosen, Obstkonserven oder Trockenfr\u00fcchten und versuchen herauszufinden, welche Packungsgr\u00f6\u00dfe wohl gemeint ist.<\/p>\n<p>Ich danke f\u00fcr Ihre Aufmerksamkeit.<\/p>\n","protected":false},"excerpt":{"rendered":"<p>Kochb\u00fccher sind f\u00fcr definierte M\u00e4rkte geschrieben, die sich meist mit Nationen decken. Und in denen die Zutaten ungef\u00e4hr in gleicher Form angeboten werden: Backpulver oder Puddingpulver in Portionsp\u00e4ckchen oder in gro\u00dfen Dosen, Vanillegeschmack als Vanillinzucker in kleinen T\u00fctchen oder fl\u00fcssig in Fl\u00e4schchen, Mohn lose oder als bereits aufbereitete F\u00fcllung. Deshalb liegt es nahe, sie in [&hellip;]<\/p>\n","protected":false},"author":2,"featured_media":0,"comment_status":"open","ping_status":"closed","sticky":false,"template":"","format":"standard","meta":{"footnotes":""},"categories":[6],"tags":[],"class_list":["post-13185","post","type-post","status-publish","format-standard","hentry","category-essen"],"_links":{"self":[{"href":"https:\/\/www.vorspeisenplatte.de\/speisen\/wp-json\/wp\/v2\/posts\/13185","targetHints":{"allow":["GET"]}}],"collection":[{"href":"https:\/\/www.vorspeisenplatte.de\/speisen\/wp-json\/wp\/v2\/posts"}],"about":[{"href":"https:\/\/www.vorspeisenplatte.de\/speisen\/wp-json\/wp\/v2\/types\/post"}],"author":[{"embeddable":true,"href":"https:\/\/www.vorspeisenplatte.de\/speisen\/wp-json\/wp\/v2\/users\/2"}],"replies":[{"embeddable":true,"href":"https:\/\/www.vorspeisenplatte.de\/speisen\/wp-json\/wp\/v2\/comments?post=13185"}],"version-history":[{"count":0,"href":"https:\/\/www.vorspeisenplatte.de\/speisen\/wp-json\/wp\/v2\/posts\/13185\/revisions"}],"wp:attachment":[{"href":"https:\/\/www.vorspeisenplatte.de\/speisen\/wp-json\/wp\/v2\/media?parent=13185"}],"wp:term":[{"taxonomy":"category","embeddable":true,"href":"https:\/\/www.vorspeisenplatte.de\/speisen\/wp-json\/wp\/v2\/categories?post=13185"},{"taxonomy":"post_tag","embeddable":true,"href":"https:\/\/www.vorspeisenplatte.de\/speisen\/wp-json\/wp\/v2\/tags?post=13185"}],"curies":[{"name":"wp","href":"https:\/\/api.w.org\/{rel}","templated":true}]}}