{"id":13214,"date":"2012-05-21T08:40:28","date_gmt":"2012-05-21T06:40:28","guid":{"rendered":"https:\/\/www.vorspeisenplatte.de\/speisen\/?p=13214"},"modified":"2012-05-21T08:40:28","modified_gmt":"2012-05-21T06:40:28","slug":"ein-wochenende-mit-anderer-leute-hobby","status":"publish","type":"post","link":"https:\/\/www.vorspeisenplatte.de\/speisen\/2012\/05\/ein-wochenende-mit-anderer-leute-hobby.htm","title":{"rendered":"Ein Wochenende mit anderer Leute Hobby"},"content":{"rendered":"<p>Das Wochenende begann ausgesprochen wunderbar mit dem Freitagabend: Der Mitbewohner hatte meinen Wunsch nach schwarzen Spaghetti (aus Venedig mitgebracht) mit Garnelen erf\u00fcllt.<\/p>\n<p><a href=\"https:\/\/www.vorspeisenplatte.de\/speisen\/archiv\/120519_Schwarze_Spaghetti.jpg\"><img loading=\"lazy\" decoding=\"async\" src=\"https:\/\/www.vorspeisenplatte.de\/speisen\/archiv\/120519_Schwarze_Spaghetti.jpg\" alt=\"\" title=\"120519_Schwarze_Spaghetti\" width=\"432\" height=\"324\" class=\"alignnone size-full wp-image-13216\" \/><\/a><\/p>\n<p>\u00a7<\/p>\n<p>Am Samstagmorgen backte ich aus dem am Vorabend angesetzten Teig <a href=\"http:\/\/www.ploetzblog.de\/2012\/04\/21\/doppelte-weizenbroetchen-2\/\" target=\"_blank\">Doppelte Weizenbr\u00f6tchen<\/a>. H\u00fcbsch und wohlschmeckend, definitiv wiederholbar.<\/p>\n<p><a href=\"https:\/\/www.vorspeisenplatte.de\/speisen\/archiv\/120519_Doppelte_Weizenbroetchen.jpg\"><img loading=\"lazy\" decoding=\"async\" src=\"https:\/\/www.vorspeisenplatte.de\/speisen\/archiv\/120519_Doppelte_Weizenbroetchen.jpg\" alt=\"\" title=\"120519_Doppelte_Weizenbroetchen\" width=\"432\" height=\"324\" class=\"alignnone size-full wp-image-13215\" \/><\/a><\/p>\n<p>Anschlie\u00dfend stellte ich fest, dass ich auf das eigentlich geplante Schwimmen \u00fcberhaupt keine Lust hatte. Also ohne Umwege duschen, anziehen und eine Runde Lebensmitteleink\u00e4ufe ums t\u00fcrkische Eck. Bereits dort traf ich wie bef\u00fcrchtet auf Horden klar erkennbarer Fu\u00dfbalfans \u2013 in den Wochen davor hatten Medienberichte, Plakatw\u00e4nde, B\u00fcrogespr\u00e4che ja kaum ein anderes Thema gekannt als dieses eine Fu\u00dfballspiel. Mittlerweile bin ich mir sicher, dass das nicht nur mein subjektiver Eindruck ist: Fu\u00dfballmarketing wurde in den vergangenen zehn Jahren immer gr\u00f6\u00dfer und erfolgreicher.<\/p>\n<p>Doch das Wetter war so wunderbar &#8211; mit blauem Himmel, milden Temperaturen, die den Aufenthalt in der Sonne angenehm machten, mit sanften L\u00fcften &#8211; dass ich unbedingt raus wollte. Ich \u00fcberlegte lange, an welchen Stellen M\u00fcnchens ich bei einem Spaziergang dem Fu\u00dfballfantum am wahrscheinlichsten entkommen w\u00fcrde: Die n\u00f6rdlichen Isarauen schienen vielversprechend. Ich sollte Recht haben, doch leichtsinnigerweise nahm ich dorthin den Weg durch den Hofgarten und am Chinesischen Turm vorbei: Bis zum Anschlag voller Fu\u00dfballfans beider Lager. In der U-Bahn zum Hofgarten war ich auch noch in ein Br\u00fcllduell zwischen rot und blau gekleideten Menschen geraten und sehr, sehr froh, dem engen Wagen zu entkommen.<\/p>\n<p>Das brachte mich durchaus ins Gr\u00fcbeln \u00fcber die Mechanik dieses Fanverhaltens: Das Brusttrommeln gegen\u00fcber den Fans der gegnerischen Mannschaft ist schon eine seltsame Inszenierung &#8211; die Fans setzen auf ein prospektives Spielergebnis, auf das sie nicht den geringsten Einfluss haben. Wenn die Mannschaftsmitglieder selbst dem Gegner ins Gesicht lachen und ihm eine furchtbare Niederlage androhen, ist das ja noch nachvollziehbar, schlie\u00dflich sind sie diejenigen, die gegen diesen Gegner spielen. Doch wenn Fans den anderen Fans entgegenschmettern, deren Mannschaft werde am Abend aber sowas von in die Pfanne gehauen, m\u00fcsste das doch eine \u00e4hnliche Glaubw\u00fcrdigkeit haben wie die Drohung, es am Abend aber sowas von regnen zu lassen.<\/p>\n<p>Das Verhalten muss also etwas mit Aberglauben zu tun haben: Die Fans nehmen an, dass ihr Einsatz und ihre Verteidigung der eigenen Mannschaft den Erfolg dieser Mannschaft wahrscheinlicher macht. Erinnert mich an die Rituale von Religi\u00f6sen, die davon \u00fcberzeugt sind, dass ihre Gebete und Spazierg\u00e4nge zu entlegenen Kirchen das Weltgeschehen beeinflussen.<\/p>\n<p>M\u00f6glicherweise w\u00fcrde ich mich ja sogar f\u00fcr Fu\u00dfball interessieren &#8211; w\u00e4ren da nicht die Fu\u00dfballfans.<\/p>\n<p>(Samstagabend hat dann Samsung gegen Telekom und Audi gewonnen &#8211; das sollte der Automobilindustrie zu denken geben. Aber vielleicht hat ja auch Nivea verloren. Ich kriege die Mannschaften und die Wettbewerbe nicht mehr klargezogen.)<\/p>\n<p>\u00a7<\/p>\n<p>F\u00fcr den Sonntag waren h\u00f6here Temperaturen vorhergesagt, deswegen startete ich meine Laufrunde an der Isar m\u00f6glichst fr\u00fch, gleich nach meinem Morgenkaffee auf dem Balkon in wunderbarsten klaren Morgend\u00fcften (na ja, ein wenig beeintr\u00e4chtigt vom Hamsterk\u00e4fig-Hautgout des benachbarten Forschungsinstituts).<\/p>\n<p>Daheim backte ich mal wieder <a href=\"https:\/\/www.vorspeisenplatte.de\/rezepte\/schuedi-luxemburger-butterkuchen.htm\" target=\"_blank\">Schuedi<\/a>.<\/p>\n<p><a href=\"https:\/\/www.vorspeisenplatte.de\/speisen\/archiv\/120520_Schuedi.jpg\"><img loading=\"lazy\" decoding=\"async\" src=\"https:\/\/www.vorspeisenplatte.de\/speisen\/archiv\/120520_Schuedi.jpg\" alt=\"\" title=\"120520_Schuedi\" width=\"432\" height=\"324\" class=\"alignnone size-full wp-image-13218\" \/><\/a><\/p>\n<p>Der Nachmittag geh\u00f6rte dann dem Balkon, Tee und Kuchen sowie <i>In One Person<\/i> von John Irving. Zu Letzterem dieser Tage mehr.<\/p>\n<p><a href=\"https:\/\/www.vorspeisenplatte.de\/speisen\/archiv\/120520_Balkon.jpg\"><img loading=\"lazy\" decoding=\"async\" src=\"https:\/\/www.vorspeisenplatte.de\/speisen\/archiv\/120520_Balkon.jpg\" alt=\"\" title=\"120520_Balkon\" width=\"508\" height=\"400\" class=\"alignnone size-full wp-image-13217\" \/><\/a><\/p>\n","protected":false},"excerpt":{"rendered":"<p>Das Wochenende begann ausgesprochen wunderbar mit dem Freitagabend: Der Mitbewohner hatte meinen Wunsch nach schwarzen Spaghetti (aus Venedig mitgebracht) mit Garnelen erf\u00fcllt. \u00a7 Am Samstagmorgen backte ich aus dem am Vorabend angesetzten Teig Doppelte Weizenbr\u00f6tchen. H\u00fcbsch und wohlschmeckend, definitiv wiederholbar. Anschlie\u00dfend stellte ich fest, dass ich auf das eigentlich geplante Schwimmen \u00fcberhaupt keine Lust hatte. [&hellip;]<\/p>\n","protected":false},"author":2,"featured_media":0,"comment_status":"open","ping_status":"closed","sticky":false,"template":"","format":"standard","meta":{"footnotes":""},"categories":[6,2],"tags":[],"class_list":["post-13214","post","type-post","status-publish","format-standard","hentry","category-essen","category-fotos"],"_links":{"self":[{"href":"https:\/\/www.vorspeisenplatte.de\/speisen\/wp-json\/wp\/v2\/posts\/13214","targetHints":{"allow":["GET"]}}],"collection":[{"href":"https:\/\/www.vorspeisenplatte.de\/speisen\/wp-json\/wp\/v2\/posts"}],"about":[{"href":"https:\/\/www.vorspeisenplatte.de\/speisen\/wp-json\/wp\/v2\/types\/post"}],"author":[{"embeddable":true,"href":"https:\/\/www.vorspeisenplatte.de\/speisen\/wp-json\/wp\/v2\/users\/2"}],"replies":[{"embeddable":true,"href":"https:\/\/www.vorspeisenplatte.de\/speisen\/wp-json\/wp\/v2\/comments?post=13214"}],"version-history":[{"count":0,"href":"https:\/\/www.vorspeisenplatte.de\/speisen\/wp-json\/wp\/v2\/posts\/13214\/revisions"}],"wp:attachment":[{"href":"https:\/\/www.vorspeisenplatte.de\/speisen\/wp-json\/wp\/v2\/media?parent=13214"}],"wp:term":[{"taxonomy":"category","embeddable":true,"href":"https:\/\/www.vorspeisenplatte.de\/speisen\/wp-json\/wp\/v2\/categories?post=13214"},{"taxonomy":"post_tag","embeddable":true,"href":"https:\/\/www.vorspeisenplatte.de\/speisen\/wp-json\/wp\/v2\/tags?post=13214"}],"curies":[{"name":"wp","href":"https:\/\/api.w.org\/{rel}","templated":true}]}}