{"id":13300,"date":"2012-06-24T10:10:08","date_gmt":"2012-06-24T08:10:08","guid":{"rendered":"https:\/\/www.vorspeisenplatte.de\/speisen\/?p=13300"},"modified":"2022-07-01T16:14:20","modified_gmt":"2022-07-01T14:14:20","slug":"hamburg-erfressen","status":"publish","type":"post","link":"https:\/\/www.vorspeisenplatte.de\/speisen\/2012\/06\/hamburg-erfressen.htm","title":{"rendered":"Hamburg erfressen"},"content":{"rendered":"<p>In Hamburg nahm mich <a href=\"http:\/\/www.ankegroener.de\/\" target=\"_blank\" rel=\"noopener\">Anke Gr\u00f6ner<\/a> mit in die wundersch\u00f6ne <a href=\"http:\/\/www.kuechenwerkstatt-hamburg.de\/\" target=\"_blank\" rel=\"noopener\">K\u00fcchenwerkstatt<\/a>. Was wir dort an K\u00f6stlichkeiten erlebten, <a href=\"http:\/\/www.ankegroener.de\/?p=16568\" target=\"_blank\" rel=\"noopener\">lesen Sie besser bei ihr nach<\/a> (hat wirklich noch niemand versucht, Anke als Food-Autorin anzuwerben? zumindest f\u00fcr Weinbesprechungen?). Hier als Mogntratzerl meine Fotos.<\/p>\n<p><a href=\"https:\/\/www.vorspeisenplatte.de\/speisen\/archiv\/120619_Kuechenwerkstatt_1-1.jpg\"><img loading=\"lazy\" decoding=\"async\" src=\"https:\/\/www.vorspeisenplatte.de\/speisen\/archiv\/120619_Kuechenwerkstatt_1-1.jpg\" alt=\"\" width=\"389\" height=\"518\" class=\"alignnone size-full wp-image-77795\" \/><\/a><\/p>\n<p><a href=\"https:\/\/www.vorspeisenplatte.de\/speisen\/archiv\/120619_Kuechenwerkstatt_2-1.jpg\"><img loading=\"lazy\" decoding=\"async\" src=\"https:\/\/www.vorspeisenplatte.de\/speisen\/archiv\/120619_Kuechenwerkstatt_2-1.jpg\" alt=\"\" width=\"344\" height=\"450\" class=\"alignnone size-full wp-image-77797\" \/><\/a><\/p>\n<p><a href=\"https:\/\/www.vorspeisenplatte.de\/speisen\/archiv\/120619_Kuechenwerkstatt_3.jpg\"><img loading=\"lazy\" decoding=\"async\" src=\"https:\/\/www.vorspeisenplatte.de\/speisen\/archiv\/120619_Kuechenwerkstatt_3.jpg\" alt=\"\" title=\"120619_Kuechenwerkstatt_3\" width=\"443\" height=\"266\" class=\"alignnone size-full wp-image-13303\" \/><\/a><\/p>\n<p><a href=\"https:\/\/www.vorspeisenplatte.de\/speisen\/archiv\/120619_Kuechenwerkstatt_41.jpg\"><img loading=\"lazy\" decoding=\"async\" src=\"https:\/\/www.vorspeisenplatte.de\/speisen\/archiv\/120619_Kuechenwerkstatt_41.jpg\" alt=\"\" title=\"120619_Kuechenwerkstatt_4\" width=\"459\" height=\"365\" class=\"alignnone size-full wp-image-13310\" \/><\/a><\/p>\n<p><a href=\"https:\/\/www.vorspeisenplatte.de\/speisen\/archiv\/120619_Kuechenwerkstatt_51.jpg\"><img loading=\"lazy\" decoding=\"async\" src=\"https:\/\/www.vorspeisenplatte.de\/speisen\/archiv\/120619_Kuechenwerkstatt_51.jpg\" alt=\"\" title=\"120619_Kuechenwerkstatt_5\" width=\"356\" height=\"446\" class=\"alignnone size-full wp-image-13311\" \/><\/a><\/p>\n<p><a href=\"https:\/\/www.vorspeisenplatte.de\/speisen\/archiv\/120619_Kuechenwerkstatt_6.jpg\"><img loading=\"lazy\" decoding=\"async\" src=\"https:\/\/www.vorspeisenplatte.de\/speisen\/archiv\/120619_Kuechenwerkstatt_6.jpg\" alt=\"\" title=\"120619_Kuechenwerkstatt_6\" width=\"377\" height=\"401\" class=\"alignnone size-full wp-image-13306\" \/><\/a><\/p>\n<p><a href=\"https:\/\/www.vorspeisenplatte.de\/speisen\/archiv\/120619_Kuechenwerkstatt_7-1.jpg\"><img loading=\"lazy\" decoding=\"async\" src=\"https:\/\/www.vorspeisenplatte.de\/speisen\/archiv\/120619_Kuechenwerkstatt_7-1.jpg\" alt=\"\" width=\"384\" height=\"493\" class=\"alignnone size-full wp-image-77798\" \/><\/a><\/p>\n<p><a href=\"https:\/\/www.vorspeisenplatte.de\/speisen\/archiv\/120619_Kuechenwerkstatt_8.jpg\"><img loading=\"lazy\" decoding=\"async\" src=\"https:\/\/www.vorspeisenplatte.de\/speisen\/archiv\/120619_Kuechenwerkstatt_8.jpg\" alt=\"\" title=\"120619_Kuechenwerkstatt_8\" width=\"284\" height=\"327\" class=\"alignnone size-full wp-image-13308\" \/><\/a><\/p>\n<p><a href=\"https:\/\/www.vorspeisenplatte.de\/speisen\/archiv\/120619_Kuechenwerkstatt_9.jpg\"><img loading=\"lazy\" decoding=\"async\" src=\"https:\/\/www.vorspeisenplatte.de\/speisen\/archiv\/120619_Kuechenwerkstatt_9.jpg\" alt=\"\" title=\"120619_Kuechenwerkstatt_9\" width=\"498\" height=\"361\" class=\"alignnone size-full wp-image-13309\" \/><\/a><\/p>\n<p>Meine Lieblinge, von denen ich noch lange erz\u00e4hlen werde, waren die K\u00fcrbisgew\u00e4chse mit Tonic-Water-Granit\u00e9, die verschiedenen Meeresfr\u00fcchte und das luftige Kokos-Ding.<\/p>\n","protected":false},"excerpt":{"rendered":"<p>In Hamburg nahm mich Anke Gr\u00f6ner mit in die wundersch\u00f6ne K\u00fcchenwerkstatt. Was wir dort an K\u00f6stlichkeiten erlebten, lesen Sie besser bei ihr nach (hat wirklich noch niemand versucht, Anke als Food-Autorin anzuwerben? zumindest f\u00fcr Weinbesprechungen?). Hier als Mogntratzerl meine Fotos. Meine Lieblinge, von denen ich noch lange erz\u00e4hlen werde, waren die K\u00fcrbisgew\u00e4chse mit Tonic-Water-Granit\u00e9, die [&hellip;]<\/p>\n","protected":false},"author":2,"featured_media":0,"comment_status":"open","ping_status":"closed","sticky":false,"template":"","format":"standard","meta":{"footnotes":""},"categories":[6,2],"tags":[],"class_list":["post-13300","post","type-post","status-publish","format-standard","hentry","category-essen","category-fotos"],"_links":{"self":[{"href":"https:\/\/www.vorspeisenplatte.de\/speisen\/wp-json\/wp\/v2\/posts\/13300","targetHints":{"allow":["GET"]}}],"collection":[{"href":"https:\/\/www.vorspeisenplatte.de\/speisen\/wp-json\/wp\/v2\/posts"}],"about":[{"href":"https:\/\/www.vorspeisenplatte.de\/speisen\/wp-json\/wp\/v2\/types\/post"}],"author":[{"embeddable":true,"href":"https:\/\/www.vorspeisenplatte.de\/speisen\/wp-json\/wp\/v2\/users\/2"}],"replies":[{"embeddable":true,"href":"https:\/\/www.vorspeisenplatte.de\/speisen\/wp-json\/wp\/v2\/comments?post=13300"}],"version-history":[{"count":2,"href":"https:\/\/www.vorspeisenplatte.de\/speisen\/wp-json\/wp\/v2\/posts\/13300\/revisions"}],"predecessor-version":[{"id":77799,"href":"https:\/\/www.vorspeisenplatte.de\/speisen\/wp-json\/wp\/v2\/posts\/13300\/revisions\/77799"}],"wp:attachment":[{"href":"https:\/\/www.vorspeisenplatte.de\/speisen\/wp-json\/wp\/v2\/media?parent=13300"}],"wp:term":[{"taxonomy":"category","embeddable":true,"href":"https:\/\/www.vorspeisenplatte.de\/speisen\/wp-json\/wp\/v2\/categories?post=13300"},{"taxonomy":"post_tag","embeddable":true,"href":"https:\/\/www.vorspeisenplatte.de\/speisen\/wp-json\/wp\/v2\/tags?post=13300"}],"curies":[{"name":"wp","href":"https:\/\/api.w.org\/{rel}","templated":true}]}}