{"id":1357,"date":"2006-05-28T19:58:46","date_gmt":"2006-05-28T17:58:46","guid":{"rendered":"https:\/\/www.vorspeisenplatte.de\/speisen\/2006\/05\/polen-dann-halt-doch-papst.htm"},"modified":"2006-05-28T19:58:46","modified_gmt":"2006-05-28T17:58:46","slug":"polen-dann-halt-doch-papst","status":"publish","type":"post","link":"https:\/\/www.vorspeisenplatte.de\/speisen\/2006\/05\/polen-dann-halt-doch-papst.htm","title":{"rendered":"Polen: Dann halt doch Papst"},"content":{"rendered":"<p>Aber nur wegen den Juden. Heute stand Warschau auf dem Programm, mit viel Information \u00fcber den Aufstand im Warschauer Ghetto und die j\u00fcdische Gemeinde, die vor ihrer Ausrottung die weltweit zweitgr\u00f6\u00dfte nach der in New York war. Mittagessen im j\u00fcdischen Restaurant, dann Gespr\u00e4ch mit einer jungen Warschauer J\u00fcdin. Sie war ein wenig auseinander: Zwar erz\u00e4hlte sie uns, dass sich die paar polnischen Juden (im ganzen Land etwa 6000, die sich auf welche Weise auch immer als j\u00fcdisch identifizieren, davon etwa 100 praktizierende, eine davon diese junge Frau, die gerade von drei Jahren Talmud-Studien in Israel zur\u00fcck gekehrt war) eben erst, nach den vielen Jahren des Hin und Her auch nach der Wende, in Polen sicher gef\u00fchlt h\u00e4tten. Und nun sei gestern Abend der Rabbi  der Warschauer Gemeinde \u00fcberfallen worden. Er stehe in Kontakt mit dem Innenministerium, das aus aktuellem Anlass viel mit dem Papst zu tun habe. Der ja heute Auschwitz besuche, und dort hoffentlich, so sagte die junge J\u00fcdin, deutlich gegen Antisemitismus Stellung beziehen werde, gerade in Polen.<br \/>\nDa bin ich ja mal gespannt, ob er das getan hat.<\/p>\n","protected":false},"excerpt":{"rendered":"<p>Aber nur wegen den Juden. Heute stand Warschau auf dem Programm, mit viel Information \u00fcber den Aufstand im Warschauer Ghetto und die j\u00fcdische Gemeinde, die vor ihrer Ausrottung die weltweit zweitgr\u00f6\u00dfte nach der in New York war. Mittagessen im j\u00fcdischen Restaurant, dann Gespr\u00e4ch mit einer jungen Warschauer J\u00fcdin. Sie war ein wenig auseinander: Zwar erz\u00e4hlte [&hellip;]<\/p>\n","protected":false},"author":2,"featured_media":0,"comment_status":"open","ping_status":"closed","sticky":false,"template":"","format":"standard","meta":{"footnotes":""},"categories":[1],"tags":[],"class_list":["post-1357","post","type-post","status-publish","format-standard","hentry","category-general"],"_links":{"self":[{"href":"https:\/\/www.vorspeisenplatte.de\/speisen\/wp-json\/wp\/v2\/posts\/1357","targetHints":{"allow":["GET"]}}],"collection":[{"href":"https:\/\/www.vorspeisenplatte.de\/speisen\/wp-json\/wp\/v2\/posts"}],"about":[{"href":"https:\/\/www.vorspeisenplatte.de\/speisen\/wp-json\/wp\/v2\/types\/post"}],"author":[{"embeddable":true,"href":"https:\/\/www.vorspeisenplatte.de\/speisen\/wp-json\/wp\/v2\/users\/2"}],"replies":[{"embeddable":true,"href":"https:\/\/www.vorspeisenplatte.de\/speisen\/wp-json\/wp\/v2\/comments?post=1357"}],"version-history":[{"count":0,"href":"https:\/\/www.vorspeisenplatte.de\/speisen\/wp-json\/wp\/v2\/posts\/1357\/revisions"}],"wp:attachment":[{"href":"https:\/\/www.vorspeisenplatte.de\/speisen\/wp-json\/wp\/v2\/media?parent=1357"}],"wp:term":[{"taxonomy":"category","embeddable":true,"href":"https:\/\/www.vorspeisenplatte.de\/speisen\/wp-json\/wp\/v2\/categories?post=1357"},{"taxonomy":"post_tag","embeddable":true,"href":"https:\/\/www.vorspeisenplatte.de\/speisen\/wp-json\/wp\/v2\/tags?post=1357"}],"curies":[{"name":"wp","href":"https:\/\/api.w.org\/{rel}","templated":true}]}}