{"id":13579,"date":"2012-08-24T07:25:19","date_gmt":"2012-08-24T05:25:19","guid":{"rendered":"https:\/\/www.vorspeisenplatte.de\/speisen\/?p=13579"},"modified":"2013-08-24T09:15:49","modified_gmt":"2013-08-24T07:15:49","slug":"auszeitjournal-donnerstag-23-august-2012-freibadabschied","status":"publish","type":"post","link":"https:\/\/www.vorspeisenplatte.de\/speisen\/2012\/08\/auszeitjournal-donnerstag-23-august-2012-freibadabschied.htm","title":{"rendered":"Auszeitjournal Donnerstag, 23. August 2012 &#8211; Freibadabschied?"},"content":{"rendered":"<p>Es tut mir immer noch leid und es war insgesamt unelegant. Aber ich habe es geschafft, ein Geschenk nicht anzunehmen, weil ich es wirklich, wirklich nicht wollte. Obwohl es von meinem Bruder war, der sich sicher ganz liebe Gedanken beim Aussuchen gemacht hat. Obwohl die Schw\u00e4gerin eigens zur \u00dcbergabe vorbei kam.<\/p>\n<p>Doch bunt eingewickelt war Spielzeug f\u00fcrs Schwimmbad: <a href=\"http:\/\/schwimmen.twv.at\/tipps\/ausruestung\/img\/paddles.jpg\" target=\"_blank\">Hand-Paddles<\/a> und <a href=\"http:\/\/www.channelswimming.ch\/images\/gross\/flossen.jpg\" target=\"_blank\">Flossen<\/a>. Also genau das Zeugs, \u00fcber das ich mich seit zwei Jahren aufrege, weil ich mich auf den Schwimmbahnen vor damit ausgestatteten Schwimmerinnen f\u00fcrchte (die Teile haben scharfe Kanten), das ich als reinen Erfolg der Sportmarketings ansehe, endlich auch den ausstattungsarmen Schwimmern Dinge anzudrehen, und das mit meinem Schwimmen \u00fcberhaupt nichts zu tun haben. Unelegant war meine Ablehnung, weil ich v\u00f6llig \u00fcberfordert war: Statt zu sagen, dass ich das nicht will, meinte ich, das w\u00fcrde ich aber allerh\u00f6chstens in einem See benutzen, sicher nicht im Schwimmbad, und l\u00e4sterte \u00fcber Schwimmfl\u00fcgerlschwimmer. Die Schw\u00e4gerin musste erst selbst (wirklich) freundlich anbieten: &#8220;Soll ich&#8217;s lieber wieder mitnehmen?&#8221;, damit ich mich \u00fcberwinden konnte, sie genau darum zu bitten.<\/p>\n<p>\u00a7<\/p>\n<p>Vormittagstermin beim Arzt. Ein n\u00e4chtliches Gewitter hatte die Temperaturen deutlich gesenkt, statt im Tr\u00e4gerkleid ging ich so aus dem Haus.<\/p>\n<p><a href=\"https:\/\/www.vorspeisenplatte.de\/speisen\/archiv\/120823_Kleidung.jpg\"><img loading=\"lazy\" decoding=\"async\" src=\"https:\/\/www.vorspeisenplatte.de\/speisen\/archiv\/120823_Kleidung.jpg\" alt=\"\" title=\"120823_Kleidung\" width=\"181\" height=\"326\" class=\"alignnone size-full wp-image-13580\" \/><\/a><\/p>\n<p>\u00a7<\/p>\n<p>Isarabw\u00e4rts radelte ich von Giesing nach Schwabing &#8211; wunderbares Gef\u00fchl genug Zeit zu haben, den sch\u00f6nsten Weg dorthin zu w\u00e4hlen statt dem schnellsten. In der dortigen Muckibude nach zwei Wochen Pause Gewichte gehoben, in nahe gelegenen Supermarkt und Obstladen eingekauft. Daheim Fr\u00fchst\u00fcck in Form von Pfirsichen und Blaubeeren mit H\u00fcttenk\u00e4se und Joghurt (dass ich immer weniger verstehe, warum Menschen fruchtaromatisierte Milchprodukte kaufen, erw\u00e4hnte ich?), Packen f\u00fcrs Freibad.<\/p>\n<p>In mittlerweile strahlender Sonne radelte ich zum <a href=\"http:\/\/www.swm.de\/privatkunden\/m-baeder\/schwimmen\/freibaeder\/schyrenbad.html\" target=\"_blank\">Schyrenbad<\/a> und verbrachte dort ein paar Stunden (so braun war ich zuletzt vor 20 Jahren in Wales).<\/p>\n<p><a href=\"https:\/\/www.vorspeisenplatte.de\/speisen\/archiv\/120823_Schyrenbad.jpg\"><img loading=\"lazy\" decoding=\"async\" src=\"https:\/\/www.vorspeisenplatte.de\/speisen\/archiv\/120823_Schyrenbad.jpg\" alt=\"\" title=\"120823_Schyrenbad\" width=\"563\" height=\"412\" class=\"alignnone size-full wp-image-13581\" \/><\/a><\/p>\n<p>Kurz nach f\u00fcnf zogen dicke Wolken auf, die sich zwei Stunden sp\u00e4ter in einem stark k\u00fchlenden Gewitter entluden. Wenn ich mir die Wettervorhersagen ansehe, k\u00f6nnte das der letzte Freibadbesuch der Saison gewesen sein.<\/p>\n<p>\u00a7<\/p>\n<p>Nachdem ich am Wochenende von meinem <a href=\"https:\/\/www.vorspeisenplatte.de\/rezepte\/der-beste-marmorkuchen.htm\" target=\"_blank\">Marmorkuchenrezept<\/a> vorgeschw\u00e4rmt bekam, buk ich ihn nach Langem mal wieder selbst.<\/p>\n<p><a href=\"https:\/\/www.vorspeisenplatte.de\/speisen\/archiv\/120823_Marmorkuchen_2.jpg\"><img loading=\"lazy\" decoding=\"async\" src=\"https:\/\/www.vorspeisenplatte.de\/speisen\/archiv\/120823_Marmorkuchen_2.jpg\" alt=\"\" title=\"120823_Marmorkuchen_2\" width=\"445\" height=\"388\" class=\"alignnone size-full wp-image-13582\" \/><\/a><\/p>\n<p>Zum Nachtmahl riesige Mengen Salat aus der \u00d6kokiste, dazu <a href=\"http:\/\/www.andechser-natur.de\/bioprodukte\/produktsortiment\/kaese\/?tx_ttproducts_pi1[backPID]=143&#038;tx_ttproducts_pi1[product]=64&#038;tx_ttproducts_pi1[cat]=7&#038;cHash=f5d13a3ce16599637ba98495815e5d48\" target=\"_blank\">Andechser Grillk\u00e4se<\/a>, der mir derzeit noch besser schmeckt als Halloumi (K\u00e4se mit K\u00e4se \u00fcberbacken!). <img loading=\"lazy\" decoding=\"async\" src=\"https:\/\/ssl-vg03.met.vgwort.de\/na\/407dc4f6226c4a038ddb56c0a77773d5\" width=\"1\" height=\"1\" alt=\"\"\/><\/p>\n","protected":false},"excerpt":{"rendered":"<p>Es tut mir immer noch leid und es war insgesamt unelegant. Aber ich habe es geschafft, ein Geschenk nicht anzunehmen, weil ich es wirklich, wirklich nicht wollte. Obwohl es von meinem Bruder war, der sich sicher ganz liebe Gedanken beim Aussuchen gemacht hat. Obwohl die Schw\u00e4gerin eigens zur \u00dcbergabe vorbei kam. Doch bunt eingewickelt war [&hellip;]<\/p>\n","protected":false},"author":2,"featured_media":0,"comment_status":"open","ping_status":"closed","sticky":false,"template":"","format":"standard","meta":{"footnotes":""},"categories":[6,2,1],"tags":[],"class_list":["post-13579","post","type-post","status-publish","format-standard","hentry","category-essen","category-fotos","category-general"],"_links":{"self":[{"href":"https:\/\/www.vorspeisenplatte.de\/speisen\/wp-json\/wp\/v2\/posts\/13579","targetHints":{"allow":["GET"]}}],"collection":[{"href":"https:\/\/www.vorspeisenplatte.de\/speisen\/wp-json\/wp\/v2\/posts"}],"about":[{"href":"https:\/\/www.vorspeisenplatte.de\/speisen\/wp-json\/wp\/v2\/types\/post"}],"author":[{"embeddable":true,"href":"https:\/\/www.vorspeisenplatte.de\/speisen\/wp-json\/wp\/v2\/users\/2"}],"replies":[{"embeddable":true,"href":"https:\/\/www.vorspeisenplatte.de\/speisen\/wp-json\/wp\/v2\/comments?post=13579"}],"version-history":[{"count":1,"href":"https:\/\/www.vorspeisenplatte.de\/speisen\/wp-json\/wp\/v2\/posts\/13579\/revisions"}],"predecessor-version":[{"id":17771,"href":"https:\/\/www.vorspeisenplatte.de\/speisen\/wp-json\/wp\/v2\/posts\/13579\/revisions\/17771"}],"wp:attachment":[{"href":"https:\/\/www.vorspeisenplatte.de\/speisen\/wp-json\/wp\/v2\/media?parent=13579"}],"wp:term":[{"taxonomy":"category","embeddable":true,"href":"https:\/\/www.vorspeisenplatte.de\/speisen\/wp-json\/wp\/v2\/categories?post=13579"},{"taxonomy":"post_tag","embeddable":true,"href":"https:\/\/www.vorspeisenplatte.de\/speisen\/wp-json\/wp\/v2\/tags?post=13579"}],"curies":[{"name":"wp","href":"https:\/\/api.w.org\/{rel}","templated":true}]}}