{"id":13583,"date":"2012-08-25T09:46:31","date_gmt":"2012-08-25T07:46:31","guid":{"rendered":"https:\/\/www.vorspeisenplatte.de\/speisen\/?p=13583"},"modified":"2012-08-25T09:46:31","modified_gmt":"2012-08-25T07:46:31","slug":"auszeitjournal-freitag-24-august-2012-aufstand-der-maschinen","status":"publish","type":"post","link":"https:\/\/www.vorspeisenplatte.de\/speisen\/2012\/08\/auszeitjournal-freitag-24-august-2012-aufstand-der-maschinen.htm","title":{"rendered":"Auszeitjournal Freitag, 24. August 2012 &#8211; Aufstand der Maschinen"},"content":{"rendered":"<p>Nach dem Morgenkaffee ins H\u00fcpfstudio geradelt, zur Lieblingsstunde Stepaerobic. Der Vorturner nahm uns mit einer anspruchsvollen Choreografie richtig ran &#8211; ein Heidenspa\u00df.<\/p>\n<p>Ein wenig Strampeln auf dem Crosstrainer, nach dem Duschen ein medizinischer Termin, zu Hause Fr\u00fchst\u00fcck.<\/p>\n<p>\u00a7<\/p>\n<p>Am Vortag war ich benachrichtigt worden, mein Rechner sei repariert. Ich holte ihn ab und freute mich ganz arg. Wieder best\u00e4tigte mich das Personal \u00fcbrigens darin, meinen alten Rechner zu behalten: &#8220;Wenn er Ihnen reicht, ist das doch wunderbar!&#8221; So hatte ich bei den k\u00fchlen Temperaturen das Haus verlassen:<\/p>\n<p><a href=\"https:\/\/www.vorspeisenplatte.de\/speisen\/archiv\/120824_Kleidung.jpg\"><img loading=\"lazy\" decoding=\"async\" src=\"https:\/\/www.vorspeisenplatte.de\/speisen\/archiv\/120824_Kleidung.jpg\" alt=\"\" title=\"120824_Kleidung\" width=\"200\" height=\"355\" class=\"alignnone size-full wp-image-13586\" \/><\/a><\/p>\n<p>\u00a7<\/p>\n<p>Nur hatte ich vergessen, dass ein Maschinenschaden selten allein kommt. Ich lie\u00df gerade mal wieder die <a href=\"https:\/\/www.vorspeisenplatte.de\/speisen\/2004\/10\/spuelverfettung.htm\" target=\"_blank\">Sp\u00fclmaschinenreinigung durchlaufen<\/a>, als ich in der K\u00fcche einen h\u00fcbschen Wasserteppisch mit Schaumbelag entdeckte, der eindeutig aus der rumpelnden Sp\u00fclmaschine kam. (Der Sp\u00fclvorgang direkt davor war problemlos gewesen.)<\/p>\n<p>In Panik vor einem Wasserschaden nahmen der Mitbewohner und ich die Einbauk\u00fcchenzeile so weit wie m\u00f6glich auseinander. Wir hatten sie vor 13 Jahren von den Vormietern \u00fcbernommen, und einiges weist darauf hin, dass diese sie selbst gebastelt hatten. Dennoch fanden wir verh\u00e4ltnism\u00e4\u00dfig schnell heraus, wie die 15 cm hohen Bodenleisten zu entfernen waren. Zum Gl\u00fcck blieb die Wassermenge \u00fcberschaubar und war gut aufzuwischen &#8211; zusammen mit dem Dreck von mindestens 13 Jahren, in dem die gr\u00f6\u00dfte \u00dcberraschung eine M\u00fcslisch\u00fcssel mit Loch im Boden war, die ich zuletzt vor etwa zehn Jahren vermisst hatte, damals noch ohne Loch im Boden. Mangels anderer M\u00f6glichkeiten nehme ich an, die Sch\u00fcssel hat es auf demselben Weg dorthin geschafft, wie das Sofa in Douglas Adams&#8217; <i>Dirk Gently&#8217;s Holistic Detective Agency<\/i> um die Ecke im Treppenhaus zu tragen war.<\/p>\n<p>Ein erneutes Anschalten der Sp\u00fclmaschine unter unseren beobachtenden vier Augen machte nirgendwo Lecks sichtbar. Ich nehme an, wir werden damit noch eine Weile Spa\u00df haben.<\/p>\n<p>\u00a7<\/p>\n<p>Erholung von diesem Schrecken war der Abend, den ich mit dem Mitbewohner im <a href=\"http:\/\/www.broeding.de\/\" target=\"_blank\">Broeding<\/a> verbrachte. Diesmal sah ich mir <a href=\"http:\/\/www.broeding.de\/de\/restaurant\/der-garten\/\" target=\"_blank\">den Innenhof<\/a> wenigstens an, in dem man bei sch\u00f6nem Wetter auch drau\u00dfen essen kann. Nur dass bei unserer Ankunft die ersten Regentropfen fielen.<\/p>\n<p><a href=\"https:\/\/www.vorspeisenplatte.de\/speisen\/archiv\/120824_Broeding.jpg\"><img loading=\"lazy\" decoding=\"async\" src=\"https:\/\/www.vorspeisenplatte.de\/speisen\/archiv\/120824_Broeding.jpg\" alt=\"\" title=\"120824_Broeding\" width=\"552\" height=\"402\" class=\"alignnone size-full wp-image-13587\" \/><\/a><\/p>\n<p>Weinentdeckung zum Men\u00fc: Ein frischer Chardonnay von <a href=\"http:\/\/www.ebner-ebenauer.at\/\" target=\"_blank\">Ebner-Ebenauer<\/a> aus dem Weinviertel, Black Edition (leider nicht direkt verlinkbar, die eigentlich h\u00fcbsche Website ist eine einzige Flash-Krankheit).<\/p>\n","protected":false},"excerpt":{"rendered":"<p>Nach dem Morgenkaffee ins H\u00fcpfstudio geradelt, zur Lieblingsstunde Stepaerobic. Der Vorturner nahm uns mit einer anspruchsvollen Choreografie richtig ran &#8211; ein Heidenspa\u00df. Ein wenig Strampeln auf dem Crosstrainer, nach dem Duschen ein medizinischer Termin, zu Hause Fr\u00fchst\u00fcck. \u00a7 Am Vortag war ich benachrichtigt worden, mein Rechner sei repariert. Ich holte ihn ab und freute mich [&hellip;]<\/p>\n","protected":false},"author":2,"featured_media":0,"comment_status":"open","ping_status":"closed","sticky":false,"template":"","format":"standard","meta":{"footnotes":""},"categories":[6,2,1],"tags":[],"class_list":["post-13583","post","type-post","status-publish","format-standard","hentry","category-essen","category-fotos","category-general"],"_links":{"self":[{"href":"https:\/\/www.vorspeisenplatte.de\/speisen\/wp-json\/wp\/v2\/posts\/13583","targetHints":{"allow":["GET"]}}],"collection":[{"href":"https:\/\/www.vorspeisenplatte.de\/speisen\/wp-json\/wp\/v2\/posts"}],"about":[{"href":"https:\/\/www.vorspeisenplatte.de\/speisen\/wp-json\/wp\/v2\/types\/post"}],"author":[{"embeddable":true,"href":"https:\/\/www.vorspeisenplatte.de\/speisen\/wp-json\/wp\/v2\/users\/2"}],"replies":[{"embeddable":true,"href":"https:\/\/www.vorspeisenplatte.de\/speisen\/wp-json\/wp\/v2\/comments?post=13583"}],"version-history":[{"count":0,"href":"https:\/\/www.vorspeisenplatte.de\/speisen\/wp-json\/wp\/v2\/posts\/13583\/revisions"}],"wp:attachment":[{"href":"https:\/\/www.vorspeisenplatte.de\/speisen\/wp-json\/wp\/v2\/media?parent=13583"}],"wp:term":[{"taxonomy":"category","embeddable":true,"href":"https:\/\/www.vorspeisenplatte.de\/speisen\/wp-json\/wp\/v2\/categories?post=13583"},{"taxonomy":"post_tag","embeddable":true,"href":"https:\/\/www.vorspeisenplatte.de\/speisen\/wp-json\/wp\/v2\/tags?post=13583"}],"curies":[{"name":"wp","href":"https:\/\/api.w.org\/{rel}","templated":true}]}}