{"id":1387,"date":"2006-06-15T08:29:06","date_gmt":"2006-06-15T06:29:06","guid":{"rendered":"https:\/\/www.vorspeisenplatte.de\/speisen\/2006\/06\/fronleichnamskitsch.htm"},"modified":"2006-06-15T08:29:06","modified_gmt":"2006-06-15T06:29:06","slug":"fronleichnamskitsch","status":"publish","type":"post","link":"https:\/\/www.vorspeisenplatte.de\/speisen\/2006\/06\/fronleichnamskitsch.htm","title":{"rendered":"Fronleichnamskitsch"},"content":{"rendered":"<p>M\u00f6glicherweise muss ich gleich platzen vor lauter <i>sublime<\/i> Natureindr\u00fccken. Hier drau\u00dfen auf dem Balkon duftet herzzerrei\u00dfend die Frische eines Sommermorgens vor Einsetzen der Hitze, es riecht nach Tau und Erde und Bl\u00e4ttern und Lindenbl\u00fcten und Brise vom Park her\u00fcber. (Allerdings sitzt irgendwo in Riechweite ein frisch rasiergew\u00e4sserter Mensch, vermutlich ein balkongenie\u00dfender Nachbar, den die Brise ebenfalls erfasst und zu mir tr\u00e4gt.) Dazwischen stiebt eine laut schimpfende Amsel durch die Morgenruhe, die Meisen piepsen ganz selten dazwischen, eher schon h\u00f6re ich Schwalben einander zupfeifen. Die Morgensonne bringt die Buchenbl\u00e4tter am Eck zum Glitzern, wie mit einem B\u00fchnenspot die Reste des niedergemetzelten Hollerbusches (\u201emei, dea ganze Drehg auf de Autos!\u201c) zum Strahlen. Es ist Feiertag, und so kreuzt nur alle paar Minuten ein Radler die Stra\u00dfe, geht jemand in eine der umliegenden Kliniken zum Dienst.<\/p>\n","protected":false},"excerpt":{"rendered":"<p>M\u00f6glicherweise muss ich gleich platzen vor lauter sublime Natureindr\u00fccken. Hier drau\u00dfen auf dem Balkon duftet herzzerrei\u00dfend die Frische eines Sommermorgens vor Einsetzen der Hitze, es riecht nach Tau und Erde und Bl\u00e4ttern und Lindenbl\u00fcten und Brise vom Park her\u00fcber. (Allerdings sitzt irgendwo in Riechweite ein frisch rasiergew\u00e4sserter Mensch, vermutlich ein balkongenie\u00dfender Nachbar, den die Brise [&hellip;]<\/p>\n","protected":false},"author":2,"featured_media":0,"comment_status":"open","ping_status":"closed","sticky":false,"template":"","format":"standard","meta":{"footnotes":""},"categories":[1],"tags":[],"class_list":["post-1387","post","type-post","status-publish","format-standard","hentry","category-general"],"_links":{"self":[{"href":"https:\/\/www.vorspeisenplatte.de\/speisen\/wp-json\/wp\/v2\/posts\/1387","targetHints":{"allow":["GET"]}}],"collection":[{"href":"https:\/\/www.vorspeisenplatte.de\/speisen\/wp-json\/wp\/v2\/posts"}],"about":[{"href":"https:\/\/www.vorspeisenplatte.de\/speisen\/wp-json\/wp\/v2\/types\/post"}],"author":[{"embeddable":true,"href":"https:\/\/www.vorspeisenplatte.de\/speisen\/wp-json\/wp\/v2\/users\/2"}],"replies":[{"embeddable":true,"href":"https:\/\/www.vorspeisenplatte.de\/speisen\/wp-json\/wp\/v2\/comments?post=1387"}],"version-history":[{"count":0,"href":"https:\/\/www.vorspeisenplatte.de\/speisen\/wp-json\/wp\/v2\/posts\/1387\/revisions"}],"wp:attachment":[{"href":"https:\/\/www.vorspeisenplatte.de\/speisen\/wp-json\/wp\/v2\/media?parent=1387"}],"wp:term":[{"taxonomy":"category","embeddable":true,"href":"https:\/\/www.vorspeisenplatte.de\/speisen\/wp-json\/wp\/v2\/categories?post=1387"},{"taxonomy":"post_tag","embeddable":true,"href":"https:\/\/www.vorspeisenplatte.de\/speisen\/wp-json\/wp\/v2\/tags?post=1387"}],"curies":[{"name":"wp","href":"https:\/\/api.w.org\/{rel}","templated":true}]}}