{"id":13872,"date":"2012-10-12T08:08:44","date_gmt":"2012-10-12T06:08:44","guid":{"rendered":"https:\/\/www.vorspeisenplatte.de\/speisen\/?p=13872"},"modified":"2012-10-12T08:32:18","modified_gmt":"2012-10-12T06:32:18","slug":"auszeitjournal-dienstag-bis-donnerstag-9-bis-11-oktober-2012-viecher-und-berufskontakt","status":"publish","type":"post","link":"https:\/\/www.vorspeisenplatte.de\/speisen\/2012\/10\/auszeitjournal-dienstag-bis-donnerstag-9-bis-11-oktober-2012-viecher-und-berufskontakt.htm","title":{"rendered":"Auszeitjournal Dienstag bis Donnerstag, 9. bis 11. Oktober 2012 &#8211; Viecher und Berufskontakt"},"content":{"rendered":"<p>Beim Dauerlauf an der Isar bei Thalkirchen eine Gruppe G\u00e4nse mit auffallend schwarz-wei\u00df-gestreiftem Kopf gesehen, die mir v\u00f6llig neu waren. Sp\u00e4tere Recherche ergab: <a href=\"http:\/\/img.fotocommunity.com\/Natur\/Tiere\/Streifengans-Anser-indicus-a20509860.jpg\" target=\"_blank\">Streifeng\u00e4nse<\/a>. Die geh\u00f6ren eigentlich ins sehr weit enfernte Asien. Wikipedia schl\u00e4gt vor, dass sie <a href=\"http:\/\/de.wikipedia.org\/wiki\/Streifengans#Verbreitung_und_Lebensraum\" target=\"_blank\">Nachkommen von Gefangenschaftsfl\u00fcchtlingen<\/a> sein k\u00f6nnten.<\/p>\n<p>(Gefangenschaftsflucht scheint auch meine Sichtung von Nilg\u00e4nsen auf einem Donau-Stausee im August zu erkl\u00e4ren.)<\/p>\n<p><a href=\"https:\/\/www.vorspeisenplatte.de\/speisen\/archiv\/121009_Kleidung.jpg\"><img loading=\"lazy\" decoding=\"async\" src=\"https:\/\/www.vorspeisenplatte.de\/speisen\/archiv\/121009_Kleidung.jpg\" alt=\"\" title=\"121009_Kleidung\" width=\"194\" height=\"407\" class=\"alignnone size-full wp-image-13904\" \/><\/a><\/p>\n<p>\u00a7<\/p>\n<p>Vormitt\u00e4gliche Turnstunde (Intervalltraining Step und Gymnastik), in der ich vorher noch nie war. Ich positionierte mich gleich hinter der Vorturnerin, um ihre Anweisungen m\u00f6glichst gut zu h\u00f6ren und zu sehen. Da stellte sich heraus, dass die Vorturnerin auch neu war, und nun nahm sie ausgerechnet meine motorische Auffassungsgabe (20 Jahre Aerobicerfahrung) und Kondition (derzeit ca. Turnschuh) als Kriterium f\u00fcr das Niveau der Gruppe. Erst nach einer halben Stunde hatte ich durch eine Frage, die sie direkt an mich richtete (&#8220;Wie macht ihr das sonst immer?&#8221;) die Gelegenheit, den Irrtum aufzukl\u00e4ren.<\/p>\n<p>\u00a7<\/p>\n<p>Die Tagel\u00f6hner aus den neuen EU-L\u00e4ndern, die Tag f\u00fcr Tag an der Ecke Schillerstra\u00dfe und Goethestra\u00dfe \/ Landwehrstra\u00dfe stehen und ihre Arbeitskraft anbieten. (Die BR-Sendung quer <a href=\"http:\/\/www.br.de\/fernsehen\/bayerisches-fernsehen\/sendungen\/quer\/120927-quer-billigarbeiter-100.htmlhttp:\/\/\" target=\"_blank\">berichtete k\u00fcrzlich \u00fcber Hintergr\u00fcnde<\/a>.)<br \/>\nIch muss an meinen spanischen Gro\u00dfvater denken, der sich vor 60, 70 Jahren auf diese Weise in Madrid durchgeschlagen hat.<\/p>\n<p><a href=\"https:\/\/www.vorspeisenplatte.de\/speisen\/archiv\/121010_Kleidung.jpg\"><img loading=\"lazy\" decoding=\"async\" src=\"https:\/\/www.vorspeisenplatte.de\/speisen\/archiv\/121010_Kleidung.jpg\" alt=\"\" title=\"121010_Kleidung\" width=\"269\" height=\"469\" class=\"alignnone size-full wp-image-13905\" \/><\/a><\/p>\n<p>\u00a7<\/p>\n<p>Eine abendliche Feier in der PR-Branche. F\u00fchlte sich sehr nach Vergangenheit an, \u00fcberhaupt nicht nach meiner Zukunft.<\/p>\n<p>\u00a7<\/p>\n<p>Anruf einer fr\u00fcheren Kollegin: Ob ich bei einem Text-Job f\u00fcr meinen fr\u00fcheren Arbeitgeber einspringen k\u00f6nnte. Klang wie ein gern machbarer Job, ich reiste f\u00fcr ein Briefinggespr\u00e4ch an, das mich zur Abgabe eines Angebots bef\u00e4higt. Das nat\u00fcrlich vor dem Hintergrund meiner Fachkenntnis und Berufserfahrung hoch werden muss, wodurch ich den Job m\u00f6glicherweise gar nicht bekomme.<br \/>\nKeinerlei freudige Erregung \u00fcber die Aussicht auf Arbeit, so weit bin ich offensichtlich immer noch nicht. Oder mein Verdacht best\u00e4tigt sich, dass ich Was Ganz Anderes machen muss.<\/p>\n<p>\u00a7<\/p>\n<p><a href=\"http:\/\/www.buzzfeed.com\/expresident\/the-greatest-moments-in-the-history-of-bathtime\" target=\"_blank\">The 30 Greatest Moments in the History of Bathtime<\/a> (die Eule!)<br \/>\nvia mein gesamtes Internet, durch das der Link gestern ging<\/p>\n<p>\u00a7<\/p>\n<p>Mobilfunkrechnung f\u00fcr September will f\u00fcr drei Tage Schweiz zus\u00e4tzliche 41 Euro von mir &#8211; obwohl ich das Roaming nur f\u00fcr ca. sechs E-Mail-Checks eingeschaltet hatte. Also fasste ich mir ein Herz (sowas f\u00e4llt mir sehr schwer) und rief den Kundenservice der Telekom an, in Erwartung von H\u00f6llenfeuer mit Buchbinder Wanninger. Danach h\u00e4tte ich gar nicht verdutzter sein k\u00f6nnen: Ich hatte die Umst\u00e4nde geschildert und um m\u00f6gliche Erkl\u00e4rungen gebeten. Nun, zum einen updaten Smartphones online wohl gerne mal, was das Zeug h\u00e4lt. Zum anderen ist die Schweiz bekanntlich kein EU-Land und deshalb nicht an den Roamingkostendeckelungskontrollbeschluss der EU-Komission gebunden (der in Wirklichkeit anders, aber sicher nicht weniger kompliziert hei\u00dft). Doch bevor ich noch um Tipps bitten konnte, wie ich sowas in Zukunft vermeide, bot mir die Servicedame bereits an (&#8220;ich sehe ja, Sie sind schon sehr lange Kundin bei uns&#8221;), meinen drei Jahre alten Tarif bei gleichen Leistungen auf einen aktuellen und deutlich g\u00fcnstigeren umzustellen, k\u00fcndigte mir eine neue Rechnung mit reduzierten Schweizkosten an und vereinbarte mit mir, dass ich k\u00fcnftig im teuren Ausland automatisch eine g\u00fcnstige Auslandspauschale angeboten bekomme. Wenn all diese Neuerungen so und ohne Fallt\u00fcren eintreten, war das der servigstige Service, den ich je erlebt habe. Wissen&#8217;S was: Dann schreib&#8217; ich denen einen Lobbrief.<\/p>\n<p>\u00a7<\/p>\n<p>Abschlie\u00dfend noch eine Einheit kompletten Bl\u00f6dsinns.<\/p>\n<p><iframe loading=\"lazy\" width=\"480\" height=\"360\" src=\"http:\/\/www.youtube.com\/embed\/-hKIOyx8H1U\" frameborder=\"0\" allowfullscreen><\/iframe><\/p>\n<p>via <a href=\"https:\/\/twitter.com\/stephenfry\" target=\"_blank\">@stephenfry<\/a><\/p>\n","protected":false},"excerpt":{"rendered":"<p>Beim Dauerlauf an der Isar bei Thalkirchen eine Gruppe G\u00e4nse mit auffallend schwarz-wei\u00df-gestreiftem Kopf gesehen, die mir v\u00f6llig neu waren. Sp\u00e4tere Recherche ergab: Streifeng\u00e4nse. Die geh\u00f6ren eigentlich ins sehr weit enfernte Asien. Wikipedia schl\u00e4gt vor, dass sie Nachkommen von Gefangenschaftsfl\u00fcchtlingen sein k\u00f6nnten. (Gefangenschaftsflucht scheint auch meine Sichtung von Nilg\u00e4nsen auf einem Donau-Stausee im August zu [&hellip;]<\/p>\n","protected":false},"author":2,"featured_media":0,"comment_status":"open","ping_status":"closed","sticky":false,"template":"","format":"standard","meta":{"footnotes":""},"categories":[2,1],"tags":[],"class_list":["post-13872","post","type-post","status-publish","format-standard","hentry","category-fotos","category-general"],"_links":{"self":[{"href":"https:\/\/www.vorspeisenplatte.de\/speisen\/wp-json\/wp\/v2\/posts\/13872","targetHints":{"allow":["GET"]}}],"collection":[{"href":"https:\/\/www.vorspeisenplatte.de\/speisen\/wp-json\/wp\/v2\/posts"}],"about":[{"href":"https:\/\/www.vorspeisenplatte.de\/speisen\/wp-json\/wp\/v2\/types\/post"}],"author":[{"embeddable":true,"href":"https:\/\/www.vorspeisenplatte.de\/speisen\/wp-json\/wp\/v2\/users\/2"}],"replies":[{"embeddable":true,"href":"https:\/\/www.vorspeisenplatte.de\/speisen\/wp-json\/wp\/v2\/comments?post=13872"}],"version-history":[{"count":29,"href":"https:\/\/www.vorspeisenplatte.de\/speisen\/wp-json\/wp\/v2\/posts\/13872\/revisions"}],"predecessor-version":[{"id":13922,"href":"https:\/\/www.vorspeisenplatte.de\/speisen\/wp-json\/wp\/v2\/posts\/13872\/revisions\/13922"}],"wp:attachment":[{"href":"https:\/\/www.vorspeisenplatte.de\/speisen\/wp-json\/wp\/v2\/media?parent=13872"}],"wp:term":[{"taxonomy":"category","embeddable":true,"href":"https:\/\/www.vorspeisenplatte.de\/speisen\/wp-json\/wp\/v2\/categories?post=13872"},{"taxonomy":"post_tag","embeddable":true,"href":"https:\/\/www.vorspeisenplatte.de\/speisen\/wp-json\/wp\/v2\/tags?post=13872"}],"curies":[{"name":"wp","href":"https:\/\/api.w.org\/{rel}","templated":true}]}}