{"id":13923,"date":"2012-10-13T10:45:58","date_gmt":"2012-10-13T08:45:58","guid":{"rendered":"https:\/\/www.vorspeisenplatte.de\/speisen\/?p=13923"},"modified":"2012-10-13T10:45:58","modified_gmt":"2012-10-13T08:45:58","slug":"auszeitjournal-freitag-12-oktober-2012-vier-bilder-und-ein-lesetipp","status":"publish","type":"post","link":"https:\/\/www.vorspeisenplatte.de\/speisen\/2012\/10\/auszeitjournal-freitag-12-oktober-2012-vier-bilder-und-ein-lesetipp.htm","title":{"rendered":"Auszeitjournal Freitag, 12. Oktober 2012 &#8211; vier Bilder und ein Lesetipp"},"content":{"rendered":"<p><a href=\"https:\/\/www.vorspeisenplatte.de\/speisen\/archiv\/121012_Kleidung.jpg\"><img loading=\"lazy\" decoding=\"async\" src=\"https:\/\/www.vorspeisenplatte.de\/speisen\/archiv\/121012_Kleidung.jpg\" alt=\"\" title=\"121012_Kleidung\" width=\"261\" height=\"406\" class=\"alignnone size-full wp-image-13931\" \/><\/a><\/p>\n<p>Erster Einsatz meines Janker.<\/p>\n<p><a href=\"https:\/\/www.vorspeisenplatte.de\/speisen\/archiv\/121012_Fruehstueck_Glockenspiel1.jpg\"><img loading=\"lazy\" decoding=\"async\" src=\"https:\/\/www.vorspeisenplatte.de\/speisen\/archiv\/121012_Fruehstueck_Glockenspiel1.jpg\" alt=\"\" title=\"121012_Fruehstueck_Glockenspiel\" width=\"386\" height=\"399\" class=\"alignnone size-full wp-image-13926\" \/><\/a><\/p>\n<p>Fr\u00fchst\u00fcck mit Ex-Kollegin im <a href=\"http:\/\/www.cafe-glockenspiel.de\/\" target=\"_blank\">Caf\u00e9 Glockenspiel<\/a> (Empfehlung &#8211; unter anderem weil man hier Touristen beobachten kann, wie sie um 11 und um 12 Uhr an die Fenster st\u00fcrzen. Um 17 Uhr vermutlich auch.)<\/p>\n<p>\u00a7<\/p>\n<p>Eine Runde in der Muckibude. Auf das bevorstehende Ende meines Vertrags angesprochen, erkl\u00e4re ich dem freundlichen Trainer, dass ich den Vertrag unerneuert auslaufen lassen werde: Im vergangenen Jahr hatte ich die medizinische Muckibude ohnehin fast nur noch aus Aberglauben einmal w\u00f6chentlich genutzt. Ich mache so viel sonstigen Sport, inklusive Gymnastik zur Kr\u00e4ftigung, auch mit Gewichten, dass dieses Training keine Funktion mehr hat. Es hat mir vor sechs Jahren aus einer schweren Zeit geholfen, ich habe viel dabei gelernt, aber jetzt trennen sich unsere Wege.<\/p>\n<p>Beim Heimradeln im \u00fcberraschenden Regen ziemlich nass geworden, unter anderem wegen konsequent roter Ampeln.<\/p>\n<p>\u00a7<\/p>\n<p><a href=\"https:\/\/www.vorspeisenplatte.de\/speisen\/archiv\/121012_SZ_Overlay.jpg\"><img loading=\"lazy\" decoding=\"async\" src=\"https:\/\/www.vorspeisenplatte.de\/speisen\/archiv\/121012_SZ_Overlay.jpg\" alt=\"\" title=\"121012_SZ_Overlay\" width=\"338\" height=\"338\" class=\"alignnone size-full wp-image-13927\" srcset=\"https:\/\/www.vorspeisenplatte.de\/speisen\/archiv\/121012_SZ_Overlay.jpg 338w, https:\/\/www.vorspeisenplatte.de\/speisen\/archiv\/121012_SZ_Overlay-150x150.jpg 150w\" sizes=\"auto, (max-width: 338px) 100vw, 338px\" \/><\/a><\/p>\n<p>Beschlossen, dass ich die aufgeklebten Werbek\u00e4rtchen k\u00fcnftig nicht mehr vorsichtigst abpfriemeln werde, sondern als Hinweis verstehe, die darunterliegenden Artikel besser nicht zu lesen. Websites klicke ich ja auch sofort wieder zu, wenn sie mich mit leseverhindernden Overlays empfangen.<\/p>\n<p>\u00a7<\/p>\n<p>Abends dann doch nicht zum letzten Tanzboden des Kulturreferats in dieser Saison ins Hofbr\u00e4uhaus gegangen, sondern mich vom Mitbewohner auf Cocktails im <a href=\"http:\/\/bartabacco.com\/\" target=\"_blank\">Tabacco<\/a> einladen lassen. Unterwegs an der Sonnenstra\u00dfe einem ganz speziellen M\u00fcnchner Grauen begegnet.<\/p>\n<p><a href=\"https:\/\/www.vorspeisenplatte.de\/speisen\/archiv\/121012_Dirndlalbtraum.jpg\"><img loading=\"lazy\" decoding=\"async\" src=\"https:\/\/www.vorspeisenplatte.de\/speisen\/archiv\/121012_Dirndlalbtraum.jpg\" alt=\"\" title=\"121012_Dirndlalbtraum\" width=\"297\" height=\"489\" class=\"alignnone size-full wp-image-13928\" \/><\/a><\/p>\n<p>In diesem Fall sollte man Alptraum mit P schreiben.<\/p>\n<p>\u00a7<\/p>\n<p>Blog-Urgestein Andrea Diener war f\u00fcr die <i>FAZ<\/i> in Irland und beschreibt hinrei\u00dfend, wie es da im Moment so ist: <a href=\"http:\/\/www.faz.net\/aktuell\/reise\/irland-tiger-kater-und-ein-leopard-11920794.html\" target=\"_blank\">&#8220;Tiger, Kater und ein Leopard&#8221;<\/a>. <\/p>\n<blockquote><p>Es muss sich doch, sagte ich mir, in diesen f\u00fcnfzehn Jahren, in denen ich nicht auf der Insel war, etwas ver\u00e4ndert haben. Also nahm ich mir vor, hinter die Postkartenbilder zu schauen: keine Pubs, kein Gefiedel, keine Reels und um Himmels willen nichts \u00fcber die Farbe Gr\u00fcn auf B\u00e4umen, Gr\u00e4sern, Socken. Keine Steinkreise, keine Druiden, nicht mal Literaturnobelpreistr\u00e4ger oder sonstige Ausformungen der ach so skurrilen irischen Seele und allerh\u00f6chstens ein ganz kleines Schaf auf einen ganz kleinen H\u00fcgel hingetupft, als Andeutung von Lokalkolorit. Ja, ich hatte hehre Ziele.<\/p><\/blockquote>\n<p>Ich fasse es immer noch nicht, dass Andrea Diener f\u00fcr die <i>FAZ<\/i> so bloggig schreiben darf. Ihr Stil ist auf ganz besondere Weise sehr informativ &#8211; aber das begreifen die etablierten Medien doch sonst nicht!<\/p>\n<p>\u00dcbrigens hat sie k\u00fcrzlich ihr Blog <a href=\"http:\/\/gig.antville.org\/\" target=\"_blank\">Reisenotizen aus der Realit\u00e4t<\/a> wiederer\u00f6ffnet.<\/p>\n","protected":false},"excerpt":{"rendered":"<p>Erster Einsatz meines Janker. Fr\u00fchst\u00fcck mit Ex-Kollegin im Caf\u00e9 Glockenspiel (Empfehlung &#8211; unter anderem weil man hier Touristen beobachten kann, wie sie um 11 und um 12 Uhr an die Fenster st\u00fcrzen. Um 17 Uhr vermutlich auch.) \u00a7 Eine Runde in der Muckibude. Auf das bevorstehende Ende meines Vertrags angesprochen, erkl\u00e4re ich dem freundlichen Trainer, [&hellip;]<\/p>\n","protected":false},"author":2,"featured_media":0,"comment_status":"open","ping_status":"closed","sticky":false,"template":"","format":"standard","meta":{"footnotes":""},"categories":[6,2,1],"tags":[],"class_list":["post-13923","post","type-post","status-publish","format-standard","hentry","category-essen","category-fotos","category-general"],"_links":{"self":[{"href":"https:\/\/www.vorspeisenplatte.de\/speisen\/wp-json\/wp\/v2\/posts\/13923","targetHints":{"allow":["GET"]}}],"collection":[{"href":"https:\/\/www.vorspeisenplatte.de\/speisen\/wp-json\/wp\/v2\/posts"}],"about":[{"href":"https:\/\/www.vorspeisenplatte.de\/speisen\/wp-json\/wp\/v2\/types\/post"}],"author":[{"embeddable":true,"href":"https:\/\/www.vorspeisenplatte.de\/speisen\/wp-json\/wp\/v2\/users\/2"}],"replies":[{"embeddable":true,"href":"https:\/\/www.vorspeisenplatte.de\/speisen\/wp-json\/wp\/v2\/comments?post=13923"}],"version-history":[{"count":8,"href":"https:\/\/www.vorspeisenplatte.de\/speisen\/wp-json\/wp\/v2\/posts\/13923\/revisions"}],"predecessor-version":[{"id":13936,"href":"https:\/\/www.vorspeisenplatte.de\/speisen\/wp-json\/wp\/v2\/posts\/13923\/revisions\/13936"}],"wp:attachment":[{"href":"https:\/\/www.vorspeisenplatte.de\/speisen\/wp-json\/wp\/v2\/media?parent=13923"}],"wp:term":[{"taxonomy":"category","embeddable":true,"href":"https:\/\/www.vorspeisenplatte.de\/speisen\/wp-json\/wp\/v2\/categories?post=13923"},{"taxonomy":"post_tag","embeddable":true,"href":"https:\/\/www.vorspeisenplatte.de\/speisen\/wp-json\/wp\/v2\/tags?post=13923"}],"curies":[{"name":"wp","href":"https:\/\/api.w.org\/{rel}","templated":true}]}}