{"id":13971,"date":"2012-10-16T07:43:16","date_gmt":"2012-10-16T05:43:16","guid":{"rendered":"https:\/\/www.vorspeisenplatte.de\/speisen\/?p=13971"},"modified":"2022-10-27T14:56:08","modified_gmt":"2022-10-27T12:56:08","slug":"auszeitjournal-montag-15-oktober-2012-trubes-wetter-kinderfruhstuck","status":"publish","type":"post","link":"https:\/\/www.vorspeisenplatte.de\/speisen\/2012\/10\/auszeitjournal-montag-15-oktober-2012-trubes-wetter-kinderfruhstuck.htm","title":{"rendered":"Auszeitjournal Montag, 15. Oktober 2012 &#8211; tr\u00fcbes Wetter, Kinderfr\u00fchst\u00fcck"},"content":{"rendered":"<p>Ich war ganz kurz davor, mit dem konsequenten Radeln ernst zu machen und mich im Umhang durch den Regen zum H\u00fcpfstudio  am Ostbahnhof zu k\u00e4mpfen. Doch dann dachte ich an die nassen Schuhe, die mich bis zum Nachmittag begleiten w\u00fcrden, knickte ein und leistete mir ein U-Bahn-Ticket.<\/p>\n<p><a href=\"https:\/\/www.vorspeisenplatte.de\/speisen\/archiv\/121015_Kleidung.jpg\"><img loading=\"lazy\" decoding=\"async\" src=\"https:\/\/www.vorspeisenplatte.de\/speisen\/archiv\/121015_Kleidung.jpg\" alt=\"\" title=\"121015_Kleidung\" width=\"153\" height=\"268\" class=\"alignnone size-full wp-image-13981\" \/><\/a><\/p>\n<p>Zwei Stunden Turnen und Krafttraining, Vorturnerin Irmi (Namensvetterin meiner geliebten Taufpatin und schon deshalb sympathisch) nahm keine R\u00fccksicht auf die Rentnerinnenstruktur der H\u00fcpftruppe vor ihr und uns kr\u00e4ftig ran. Der Trupp fast durchwegs \u00e4lterer Frauen japste nur sehr dezent.<\/p>\n<p>\u00a7<\/p>\n<p>Der Himmel war weiterhin d\u00fcster, doch hielt er sich mit Regen zur\u00fcck. Deshalb Fu\u00dfweg zur Wittelsbacherbr\u00fccke.<\/p>\n<p><a href=\"https:\/\/www.vorspeisenplatte.de\/speisen\/archiv\/121015_Giesing_1-1.jpg\"><img loading=\"lazy\" decoding=\"async\" src=\"https:\/\/www.vorspeisenplatte.de\/speisen\/archiv\/121015_Giesing_1-1.jpg\" alt=\"\" width=\"300\" height=\"400\" class=\"alignnone size-full wp-image-81333\" \/><\/a><\/p>\n<p><a href=\"https:\/\/www.vorspeisenplatte.de\/speisen\/archiv\/121015_Giesing_2.jpg\"><img loading=\"lazy\" decoding=\"async\" src=\"https:\/\/www.vorspeisenplatte.de\/speisen\/archiv\/121015_Giesing_2.jpg\" alt=\"\" title=\"121015_Giesing_2\" width=\"400\" height=\"357\" class=\"alignnone size-full wp-image-13978\" \/><\/a><\/p>\n<p>\u00a7<\/p>\n<p>Fr\u00fchst\u00fcck erstmals im <a href=\"http:\/\/www.zooziez.de\/\" target=\"_blank\" rel=\"noopener\">Zoozie&#8217;z<\/a> (sie k\u00f6nnen sich denken, dass ich das im Geiste immer deutsch ausspreche).<\/p>\n<p><a href=\"https:\/\/www.vorspeisenplatte.de\/speisen\/archiv\/121015_Fruestueck_Zooziez.jpg\"><img loading=\"lazy\" decoding=\"async\" src=\"https:\/\/www.vorspeisenplatte.de\/speisen\/archiv\/121015_Fruestueck_Zooziez.jpg\" alt=\"\" title=\"121015_Fruestueck_Zooziez\" width=\"323\" height=\"323\" class=\"alignnone size-full wp-image-13982\" srcset=\"https:\/\/www.vorspeisenplatte.de\/speisen\/archiv\/121015_Fruestueck_Zooziez.jpg 323w, https:\/\/www.vorspeisenplatte.de\/speisen\/archiv\/121015_Fruestueck_Zooziez-150x150.jpg 150w\" sizes=\"auto, (max-width: 323px) 100vw, 323px\" \/><\/a><\/p>\n<p>Ich habe noch kein so kinderfreundliches Lokal in M\u00fcnchen erlebt: Die H\u00e4lfte eines der vier gro\u00dfz\u00fcgigen Gastr\u00e4ume ist eigens f\u00fcr Kinder eingerichtet, mit Spielecke und Bibliothek. Kein Wunder, dass ich w\u00e4hrend der zweieinhalb Stunden meines Aufenthalts umgeben war von immer neuen Kinderwagen, Kindertragen, M\u00fcttern, Babys in verschiedenen Gem\u00fctsverfassungen, Familien mit malenden Kindern. V\u00e4ter, M\u00fctter und Kinderfans sollten sich das Zoozie&#8217;z also unbedingt merken.<\/p>\n<p>Kinderhasser auch.<\/p>\n<p>\u00a7<\/p>\n<p>Evelyn Roll durchleuchtete auf der Seite 3 der <i>S\u00fcddeutschen Zeitung<\/i> die Plagiatsvorw\u00fcrfe gegen Ministerin Schavans Doktorarbeit, und im Detail las sich das ganz anders als die undifferenzierten Urteile, die ich bis dahin kannte. Dass man zum Beispiel im Anschluss an ein w\u00f6rtliches Zitat weiteres in indirekter Rede zusammenfasst und nicht nochmal eigens auf die Quelle hinweist, ist eigentlich \u00fcblich. Verwunderlich ist f\u00fcr mich nun vor allem das Gutachten der Universit\u00e4t D\u00fcsseldorf &#8211; ohne das zu kennen, sollte man sich vielleicht mit einer Verurteilung zur\u00fcckhalten. Und zwar, das sollte sich von selbst verstehen, unabh\u00e4ngig von der pers\u00f6nlichen und politischen Haltung gegen\u00fcber Schavan.<br \/>\n(Dennoch tut mir immer wieder leid, dass sich Frau Roll ausschlie\u00dflich mit den dunklen Seiten des Web zu befassen scheint.)<\/p>\n<p>Mir fiel ein Beispiel aus meiner eigenen, kurzen Forschungsgeschichte ein: Bei der Recherche zu einer Hauptseminar-Hausarbeit in Kolonialgeschichte stie\u00df ich auf ein eben ver\u00f6ffentlichtes Buch, das exakt mein Hausarbeitsthema ersch\u00f6pfend behandelte &#8211; auf neuestem Forschungsstand, mit x-mal mehr Quellen und Hintergrund, als ich je in den paar Wochen meiner Hausarbeitsrecherche gefunden h\u00e4tte. Was konnte ich also als Hausarbeit viel anderes tun, als im Grunde dieses Buch zusammenfassen, links und rechts ein wenig auf fr\u00fchere Ans\u00e4tze hinweisen (die allerdings nat\u00fcrlich ebenfalls in diesem Buch behandelt wurden)? Ich verwendete meine Hauptm\u00fche darauf, zus\u00e4tzliche Quellen f\u00fcr Zitate zu finden, damit in den Fu\u00dfnoten nicht nur dieses eine, zu allem \u00dcberfluss auch noch brillante Buch auftauchte. Garantiert habe ich aus Verlegenheit das eine oder andere Argument nicht markiert, den ich aus diesem Buch \u00fcbernommen hatte.<br \/>\nDer Professor freute sich \u00fcber meinen Fund und profitierte so auch davon.<\/p>\n<p>\u00a7<\/p>\n<p>Abends Pizza. Ich bereitete den Teig zu (ein Experiment mit 5 Gramm Frischhefe und 10 Gramm Weizensauerteig auf 400 Gramm Mehl &#8211; h\u00e4tte mehr als zwei Stunden zum Gehen gebraucht), der Mitbewohner hatte sich einen Belag mit vorgebratenen Auberginen und Mozzarella ausgedacht. Das kombinierte er zur H\u00e4lfte mit etwas von meinem Tomatenpesto als Unterlage, zur H\u00e4lfte mit klassischer Tomatenso\u00dfe.<\/p>\n<p><a href=\"https:\/\/www.vorspeisenplatte.de\/speisen\/archiv\/121015_Pizza_Auberginen.jpg\"><img loading=\"lazy\" decoding=\"async\" src=\"https:\/\/www.vorspeisenplatte.de\/speisen\/archiv\/121015_Pizza_Auberginen.jpg\" alt=\"\" title=\"121015_Pizza_Auberginen\" width=\"362\" height=\"347\" class=\"alignnone size-full wp-image-13983\" \/><\/a><\/p>\n<p>Die Auberginensache erwies sich als \u00fcberaus k\u00f6stlich, mir schmeckte sie am besten mit Pestounterlage.<\/p>\n","protected":false},"excerpt":{"rendered":"<p>Ich war ganz kurz davor, mit dem konsequenten Radeln ernst zu machen und mich im Umhang durch den Regen zum H\u00fcpfstudio am Ostbahnhof zu k\u00e4mpfen. Doch dann dachte ich an die nassen Schuhe, die mich bis zum Nachmittag begleiten w\u00fcrden, knickte ein und leistete mir ein U-Bahn-Ticket. Zwei Stunden Turnen und Krafttraining, Vorturnerin Irmi (Namensvetterin [&hellip;]<\/p>\n","protected":false},"author":2,"featured_media":0,"comment_status":"open","ping_status":"closed","sticky":false,"template":"","format":"standard","meta":{"footnotes":""},"categories":[6,2,1],"tags":[],"class_list":["post-13971","post","type-post","status-publish","format-standard","hentry","category-essen","category-fotos","category-general"],"_links":{"self":[{"href":"https:\/\/www.vorspeisenplatte.de\/speisen\/wp-json\/wp\/v2\/posts\/13971","targetHints":{"allow":["GET"]}}],"collection":[{"href":"https:\/\/www.vorspeisenplatte.de\/speisen\/wp-json\/wp\/v2\/posts"}],"about":[{"href":"https:\/\/www.vorspeisenplatte.de\/speisen\/wp-json\/wp\/v2\/types\/post"}],"author":[{"embeddable":true,"href":"https:\/\/www.vorspeisenplatte.de\/speisen\/wp-json\/wp\/v2\/users\/2"}],"replies":[{"embeddable":true,"href":"https:\/\/www.vorspeisenplatte.de\/speisen\/wp-json\/wp\/v2\/comments?post=13971"}],"version-history":[{"count":3,"href":"https:\/\/www.vorspeisenplatte.de\/speisen\/wp-json\/wp\/v2\/posts\/13971\/revisions"}],"predecessor-version":[{"id":81334,"href":"https:\/\/www.vorspeisenplatte.de\/speisen\/wp-json\/wp\/v2\/posts\/13971\/revisions\/81334"}],"wp:attachment":[{"href":"https:\/\/www.vorspeisenplatte.de\/speisen\/wp-json\/wp\/v2\/media?parent=13971"}],"wp:term":[{"taxonomy":"category","embeddable":true,"href":"https:\/\/www.vorspeisenplatte.de\/speisen\/wp-json\/wp\/v2\/categories?post=13971"},{"taxonomy":"post_tag","embeddable":true,"href":"https:\/\/www.vorspeisenplatte.de\/speisen\/wp-json\/wp\/v2\/tags?post=13971"}],"curies":[{"name":"wp","href":"https:\/\/api.w.org\/{rel}","templated":true}]}}