{"id":14041,"date":"2012-10-20T10:04:29","date_gmt":"2012-10-20T08:04:29","guid":{"rendered":"https:\/\/www.vorspeisenplatte.de\/speisen\/?p=14041"},"modified":"2013-09-24T14:17:11","modified_gmt":"2013-09-24T12:17:11","slug":"auszeitjournal-donnerstagfreitag-18-19-oktober-spatsommer-im-oktober","status":"publish","type":"post","link":"https:\/\/www.vorspeisenplatte.de\/speisen\/2012\/10\/auszeitjournal-donnerstagfreitag-18-19-oktober-spatsommer-im-oktober.htm","title":{"rendered":"Auszeitjournal Donnerstag\/Freitag, 18.\/19. Oktober &#8211; Sp\u00e4tsommer im Oktober"},"content":{"rendered":"<p>Sensationelles Wetter &#8211; und ich kann es intensiv genie\u00dfen. Die bereits deutlich kurzen Oktobertage machen nochmal auf Sp\u00e4tsommer, auch wenn sie dazu nur Zeit zwischen 7.30 und 18.30 Uhr haben.<\/p>\n<p>Beim derzeitigen F\u00f6hn ist das Morgenrot so brutal pink (meine Theorie: pinkes Morgen- und Abendrot gibt es nur bei F\u00f6hn), dass Homer von rosenf\u00e4ustiger Eos h\u00e4tte sprechen m\u00fcssen.<\/p>\n<p><a href=\"https:\/\/www.vorspeisenplatte.de\/speisen\/archiv\/121018_Kleidung.jpg\"><img loading=\"lazy\" decoding=\"async\" src=\"https:\/\/www.vorspeisenplatte.de\/speisen\/archiv\/121018_Kleidung.jpg\" alt=\"\" title=\"121018_Kleidung\" width=\"205\" height=\"445\" class=\"alignnone size-full wp-image-14043\" \/><\/a><\/p>\n<p>Ich radelte am Donnerstag mit offener Jacke zu Terminen und f\u00fcr Besorgungen durch die Stadt, suchte mir daf\u00fcr die sch\u00f6nsten Wege aus (was unter anderem bedeutet, die West- und Nordseiten des Hauptbahnhofs m\u00f6glichst weit zu umfahren, da dort immer noch und immer st\u00e4rker verkehrsbehindernd baugearbeitet wird).<\/p>\n<p>Abends servierte ich den <a href=\"https:\/\/www.vorspeisenplatte.de\/rezepte\/fabada-asturiana-bohneneintopf.htm\" target=\"_blank\">spanischen Bohneneintopf<\/a>, den ich schon am Vortag zubereitet hatte (aufgew\u00e4rmt schmeckt besser). Aus unbekannten Gr\u00fcnden hatte ich meine eigene Anweisung missachtet, die Zutaten am St\u00fcck zu kochen und erst nach beendeter Garzeit in St\u00fccke zu teilen. Das Ergebnis: Eine Einheitssuppe ohne unterscheidbaren Inhalt. W\u00fcrste, Schinken und Speck also wirklich nicht in St\u00fccken mitkochen.<\/p>\n<p>\u00a7<\/p>\n<p>Freitagmorgen versuchte mich die Migr\u00e4ne anzufallen, zum Gl\u00fcck konnte ich sie durch nochmaliges Zu-Bett-Gehen wegschlafen. Allerdings bezahlte ich daf\u00fcr mit meiner liebsten Stepaerobicstunde.<\/p>\n<p><a href=\"https:\/\/www.vorspeisenplatte.de\/speisen\/archiv\/121019_Kleidung.jpg\"><img loading=\"lazy\" decoding=\"async\" src=\"https:\/\/www.vorspeisenplatte.de\/speisen\/archiv\/121019_Kleidung.jpg\" alt=\"\" title=\"121019_Kleidung\" width=\"184\" height=\"420\" class=\"alignnone size-full wp-image-14047\" \/><\/a><\/p>\n<p>Suche nach einem passenden Wein zur Kirchweihgans. Bei Walter &#038; Benjamin empfahl man mir einen S\u00fcdtiroler <a href=\"http:\/\/www.elisabettaforadori.com\/gallery\/?set=72157627880376563\" target=\"_blank\">Foradori Teroldego 2009<\/a>, mal sehen, wie er sich am Sonntag macht.<\/p>\n<p>Nachmittag auf dem Balkon bei der Lekt\u00fcre von Zeitung und Internet. Wirklich interessante Geschichte im SZ-Magazin \u00fcber die Stenografen und Stenografinnen des Bundestags. Zum Beispiel: Ja, f\u00fcrs Archiv werden die Redebeitr\u00e4ge gegl\u00e4ttet und grammatisch korrigiert, doch die buchst\u00e4blichen Mitschriften kommen ebenfalls ins Archiv.<\/p>\n<p>Bemerkt, dass eine die seitliche Backenzahnf\u00fcllung, die im Juni eingesetzt, im September nach Verlust ersetzt worden war, schon wieder fort ist. Trinken ist derzeit also wieder eine abenteuerliche Sache.<\/p>\n<p><a href=\"https:\/\/www.vorspeisenplatte.de\/speisen\/archiv\/121019_Balkon.jpg\"><img loading=\"lazy\" decoding=\"async\" src=\"https:\/\/www.vorspeisenplatte.de\/speisen\/archiv\/121019_Balkon.jpg\" alt=\"\" title=\"121019_Balkon\" width=\"378\" height=\"414\" class=\"alignnone size-full wp-image-14049\" \/><\/a><\/p>\n<p>Abends zum zweiten Teil unseres Zwiefachen-Tanzkurses. Weitere Typen an Zwiefachen gelernt, unter anderem welche mit Einschub (&#8220;Sch\u00fcttl ma mein Birnbaum&#8221;) oder Auswuchs (&#8220;Gniglt, gnaglt, gheirat mua\u00df sei&#8221;) bei sonst regelm\u00e4\u00dfigen Taktwechseln. Wieder ein gro\u00dfer Spa\u00df, nat\u00fcrlich auch das Beobachten der anderen Tanzpaare. Am charmantesten (wir m\u00f6gen unerwartete Kombinationen) gestern das dunkle, fr\u00f6hliche Paar, das perfekt auf eine argentinischen Milonga gepasst h\u00e4tte. Als ich bei einer Zufallskombination an den Herrn geriet, sprach er mit mir Deutsch mit nur einem Hauch von Akzent, und auf dem Heimweg h\u00f6rte ich, dass sich das Paar in feinstem britischen Englisch unterhielt. (Ganz sicher Ethnologen auf Forschungsjahr in M\u00fcnchen, beschloss ich.)<\/p>\n<p>Ich bekomme immer mehr Lust auf den <a href=\"http:\/\/www.muenchen.de\/rathaus\/Stadtverwaltung\/Kulturreferat\/Volkskultur\/Kathreintanz.html\" target=\"_blank\">Kathreinstanz in drei S\u00e4len des Hofbr\u00e4uhauses am 24. November<\/a>. Wenn ich ein paar Leute mobilisiere, w\u00fcrde ich mir daf\u00fcr sogar ein Dirndl zulegen; hier passt es hin. (F\u00fcr das unwahrscheinliche Ziel, dass es dort zu einem kleinen M\u00fcnchner Bloggertreffen kommen k\u00f6nnte: Fingerheben in den Kommentaren.)<\/p>\n","protected":false},"excerpt":{"rendered":"<p>Sensationelles Wetter &#8211; und ich kann es intensiv genie\u00dfen. Die bereits deutlich kurzen Oktobertage machen nochmal auf Sp\u00e4tsommer, auch wenn sie dazu nur Zeit zwischen 7.30 und 18.30 Uhr haben. Beim derzeitigen F\u00f6hn ist das Morgenrot so brutal pink (meine Theorie: pinkes Morgen- und Abendrot gibt es nur bei F\u00f6hn), dass Homer von rosenf\u00e4ustiger Eos [&hellip;]<\/p>\n","protected":false},"author":2,"featured_media":0,"comment_status":"open","ping_status":"closed","sticky":false,"template":"","format":"standard","meta":{"footnotes":""},"categories":[6,2,1],"tags":[],"class_list":["post-14041","post","type-post","status-publish","format-standard","hentry","category-essen","category-fotos","category-general"],"_links":{"self":[{"href":"https:\/\/www.vorspeisenplatte.de\/speisen\/wp-json\/wp\/v2\/posts\/14041","targetHints":{"allow":["GET"]}}],"collection":[{"href":"https:\/\/www.vorspeisenplatte.de\/speisen\/wp-json\/wp\/v2\/posts"}],"about":[{"href":"https:\/\/www.vorspeisenplatte.de\/speisen\/wp-json\/wp\/v2\/types\/post"}],"author":[{"embeddable":true,"href":"https:\/\/www.vorspeisenplatte.de\/speisen\/wp-json\/wp\/v2\/users\/2"}],"replies":[{"embeddable":true,"href":"https:\/\/www.vorspeisenplatte.de\/speisen\/wp-json\/wp\/v2\/comments?post=14041"}],"version-history":[{"count":17,"href":"https:\/\/www.vorspeisenplatte.de\/speisen\/wp-json\/wp\/v2\/posts\/14041\/revisions"}],"predecessor-version":[{"id":18384,"href":"https:\/\/www.vorspeisenplatte.de\/speisen\/wp-json\/wp\/v2\/posts\/14041\/revisions\/18384"}],"wp:attachment":[{"href":"https:\/\/www.vorspeisenplatte.de\/speisen\/wp-json\/wp\/v2\/media?parent=14041"}],"wp:term":[{"taxonomy":"category","embeddable":true,"href":"https:\/\/www.vorspeisenplatte.de\/speisen\/wp-json\/wp\/v2\/categories?post=14041"},{"taxonomy":"post_tag","embeddable":true,"href":"https:\/\/www.vorspeisenplatte.de\/speisen\/wp-json\/wp\/v2\/tags?post=14041"}],"curies":[{"name":"wp","href":"https:\/\/api.w.org\/{rel}","templated":true}]}}