{"id":14060,"date":"2012-10-21T07:27:06","date_gmt":"2012-10-21T05:27:06","guid":{"rendered":"https:\/\/www.vorspeisenplatte.de\/speisen\/?p=14060"},"modified":"2012-10-21T07:27:06","modified_gmt":"2012-10-21T05:27:06","slug":"auszeitjournal-samstag-20-oktober-2012-das-drausen","status":"publish","type":"post","link":"https:\/\/www.vorspeisenplatte.de\/speisen\/2012\/10\/auszeitjournal-samstag-20-oktober-2012-das-drausen.htm","title":{"rendered":"Auszeitjournal Samstag, 20. Oktober 2012 &#8211; das Drau\u00dfen"},"content":{"rendered":"<p>Isarlauf, nat\u00fcrlich, bei diesem Wetter. Nicht auf den Fotos:<br \/>\nDie Kr\u00e4hen klingen derzeit wie Babygeschrei.<br \/>\nDie Isar leuchtet blau, weil sich auf ihrer schnellen, ruhigen Oberfl\u00e4che der F\u00f6hnhimmel spiegelt.<br \/>\nZwei Graureiher hoch oben auf einer riesigen Tanne &#8211; ungew\u00f6hnlicher Sitzplatz, oder?<br \/>\nSehr, sehr viele Menschen unterwegs, zu Fu\u00df und auf Fahrr\u00e4dern (Respekt f\u00fcr den Herrn, der sich auf einem Rennrad in die Mountainbikewege st\u00fcrzte), deswegen Pl\u00e4ne f\u00fcr nachmitt\u00e4glichen Spaziergang mit Mitbewohner im Drau\u00dfen abgeblasen.<\/p>\n<p><a href=\"https:\/\/www.vorspeisenplatte.de\/speisen\/archiv\/121020_Isarlauf_1.jpg\"><img loading=\"lazy\" decoding=\"async\" src=\"https:\/\/www.vorspeisenplatte.de\/speisen\/archiv\/121020_Isarlauf_1.jpg\" alt=\"\" title=\"121020_Isarlauf_1\" width=\"463\" height=\"388\" class=\"alignnone size-full wp-image-14073\" \/><\/a><\/p>\n<p><a href=\"https:\/\/www.vorspeisenplatte.de\/speisen\/archiv\/121020_Isarlauf_2.jpg\"><img loading=\"lazy\" decoding=\"async\" src=\"https:\/\/www.vorspeisenplatte.de\/speisen\/archiv\/121020_Isarlauf_2.jpg\" alt=\"\" title=\"121020_Isarlauf_2\" width=\"400\" height=\"327\" class=\"alignnone size-full wp-image-14074\" \/><\/a><\/p>\n<p><a href=\"https:\/\/www.vorspeisenplatte.de\/speisen\/archiv\/121020_Isarlauf_3.jpg\"><img loading=\"lazy\" decoding=\"async\" src=\"https:\/\/www.vorspeisenplatte.de\/speisen\/archiv\/121020_Isarlauf_3.jpg\" alt=\"\" title=\"121020_Isarlauf_3\" width=\"541\" height=\"407\" class=\"alignnone size-full wp-image-14075\" \/><\/a><\/p>\n<p><a href=\"https:\/\/www.vorspeisenplatte.de\/speisen\/archiv\/121020_Isarlauf_4.jpg\"><img loading=\"lazy\" decoding=\"async\" src=\"https:\/\/www.vorspeisenplatte.de\/speisen\/archiv\/121020_Isarlauf_4.jpg\" alt=\"\" title=\"121020_Isarlauf_4\" width=\"517\" height=\"389\" class=\"alignnone size-full wp-image-14076\" \/><\/a><\/p>\n<p><a href=\"https:\/\/www.vorspeisenplatte.de\/speisen\/archiv\/121020_Isarlauf_5.jpg\"><img loading=\"lazy\" decoding=\"async\" src=\"https:\/\/www.vorspeisenplatte.de\/speisen\/archiv\/121020_Isarlauf_5.jpg\" alt=\"\" title=\"121020_Isarlauf_5\" width=\"485\" height=\"418\" class=\"alignnone size-full wp-image-14077\" \/><\/a><\/p>\n<p><a href=\"https:\/\/www.vorspeisenplatte.de\/speisen\/archiv\/121020_Isarlauf_6.jpg\"><img loading=\"lazy\" decoding=\"async\" src=\"https:\/\/www.vorspeisenplatte.de\/speisen\/archiv\/121020_Isarlauf_6.jpg\" alt=\"\" title=\"121020_Isarlauf_6\" width=\"423\" height=\"379\" class=\"alignnone size-full wp-image-14078\" \/><\/a><\/p>\n<p><a href=\"https:\/\/www.vorspeisenplatte.de\/speisen\/archiv\/121020_Isarlauf_7.jpg\"><img loading=\"lazy\" decoding=\"async\" src=\"https:\/\/www.vorspeisenplatte.de\/speisen\/archiv\/121020_Isarlauf_7.jpg\" alt=\"\" title=\"121020_Isarlauf_7\" width=\"400\" height=\"315\" class=\"alignnone size-full wp-image-14079\" \/><\/a><\/p>\n<p>\u00a7<\/p>\n<p>Eink\u00e4ufe per Radl in der Innenstadt. W\u00e4hrend die M\u00fcnchner alle ins Gr\u00fcne str\u00f6mten, str\u00f6mten die Gr\u00fcnbewohner (Woidla) in die Stadt. Im Auto. Lieblingsman\u00f6ver: In den Gassen des Glockenbachviertels ohne zu blinken halb abbiegen, stehenbleiben, glotzen, komplette Blockade verursachen. Als Radlerin entziehe ich mich solchen gordischen Knoten, indem ich einfach absitze und ihn auf dem Gehweg umschiebe.<\/p>\n<p><a href=\"https:\/\/www.vorspeisenplatte.de\/speisen\/archiv\/121020_Kleidung.jpg\"><img loading=\"lazy\" decoding=\"async\" src=\"https:\/\/www.vorspeisenplatte.de\/speisen\/archiv\/121020_Kleidung.jpg\" alt=\"\" title=\"121020_Kleidung\" width=\"213\" height=\"440\" class=\"alignnone size-full wp-image-14068\" \/><\/a><\/p>\n<p>\u00a7<\/p>\n<p>Statt Spaziergang auf dem Balkon in der Sonne <i>Die Wand<\/i> gelesen, Ort und Lekt\u00fcre passten sehr gut zusammen. Bei diesem nochmaligen Lesen faszinierten mich vor allem die allt\u00e4glichen Details des Wetters, der Umgebung, der Landwirtschaft.<br \/>\nDie Lekt\u00fcre best\u00e4tigte meinen Eindruck beim Sehen der Verfilmung: Julian Roman P\u00f6lsler hat sich den Teil des Romans vorgenommen, den man als Allegorie f\u00fcr Depression sehen kann. Der Film l\u00e4sst Informationen \u00fcber das Vorleben der Frau ganz weg, damit auch ihr Nachdenken dar\u00fcber, zudem die positiven Aspekte ihrer Entwicklung in der neuen Situation.<br \/>\nDas Buch erschien mir optimistischer als der Film.<\/p>\n<p>In diesen Monaten der Auszeit nehme ich die Jahrezeiten und die Natur sehr intensiv wahr. Ich war ja viel drau\u00dfen, und selbst wenn ich drinnen war, hatte ich Mu\u00dfe rauzuschauen, was ich oft und gern tue. So erlebte ich die Farben von Bl\u00e4ttern und B\u00e4umen, den Wechsel der Blumen und Gr\u00e4ser, die Ver\u00e4nderung des Sonnenlaufs und der Vogelrufe, die Unterschiede von Drau\u00dfen-Ger\u00fcchen im Lauf des Tages, je nach Wetter, im Fortgang der Jahreszeiten. (Gefallenes Pappellaub riecht ganz anders als anderes Herbstlaub und bringt Kindheitserinnerungen zur\u00fcck, jetzt warte ich auf das Laub der Platanen, um meine Erinnerung zu verifizieren, dass es fast geruchlos ist.)<\/p>\n<p>Diese Wahrnehmungen bereichern und begl\u00fccken mich sehr.<br \/>\nSetze ich das also mal auf die Liste von Sachen, die mir wirklich gro\u00dfe Freude bereiten. (F\u00fcr wegen berufliche Neuausrichtung, haha.)<\/p>\n<p><a href=\"https:\/\/www.vorspeisenplatte.de\/speisen\/archiv\/121020_Balkon.jpg\"><img loading=\"lazy\" decoding=\"async\" src=\"https:\/\/www.vorspeisenplatte.de\/speisen\/archiv\/121020_Balkon.jpg\" alt=\"\" title=\"121020_Balkon\" width=\"457\" height=\"402\" class=\"alignnone size-full wp-image-14082\" \/><\/a><\/p>\n<p>\u00a7<\/p>\n<p>F\u00fcr die Beilage zur sonnt\u00e4glichen Kirchweihgans (Sieglinde vom Herrmannsdorfer, eine Kusine von <a href=\"https:\/\/www.vorspeisenplatte.de\/speisen\/2011\/12\/weihnachtsgans-in-rom.htm\" target=\"_blank\">Erna<\/a>) schon mal <a href=\"http:\/\/peho.typepad.com\/chili_und_ciabatta\/2008\/12\/rotkraut-mit-balsamico.html\" target=\"_blank\">mariniertes Blaukraut<\/a> gekocht. So k\u00f6stlich wie das roch, braucht&#8217;s die Gans schier nicht.<\/p>\n","protected":false},"excerpt":{"rendered":"<p>Isarlauf, nat\u00fcrlich, bei diesem Wetter. Nicht auf den Fotos: Die Kr\u00e4hen klingen derzeit wie Babygeschrei. Die Isar leuchtet blau, weil sich auf ihrer schnellen, ruhigen Oberfl\u00e4che der F\u00f6hnhimmel spiegelt. Zwei Graureiher hoch oben auf einer riesigen Tanne &#8211; ungew\u00f6hnlicher Sitzplatz, oder? Sehr, sehr viele Menschen unterwegs, zu Fu\u00df und auf Fahrr\u00e4dern (Respekt f\u00fcr den Herrn, [&hellip;]<\/p>\n","protected":false},"author":2,"featured_media":0,"comment_status":"open","ping_status":"closed","sticky":false,"template":"","format":"standard","meta":{"footnotes":""},"categories":[3,6,2,1],"tags":[],"class_list":["post-14060","post","type-post","status-publish","format-standard","hentry","category-bucher","category-essen","category-fotos","category-general"],"_links":{"self":[{"href":"https:\/\/www.vorspeisenplatte.de\/speisen\/wp-json\/wp\/v2\/posts\/14060","targetHints":{"allow":["GET"]}}],"collection":[{"href":"https:\/\/www.vorspeisenplatte.de\/speisen\/wp-json\/wp\/v2\/posts"}],"about":[{"href":"https:\/\/www.vorspeisenplatte.de\/speisen\/wp-json\/wp\/v2\/types\/post"}],"author":[{"embeddable":true,"href":"https:\/\/www.vorspeisenplatte.de\/speisen\/wp-json\/wp\/v2\/users\/2"}],"replies":[{"embeddable":true,"href":"https:\/\/www.vorspeisenplatte.de\/speisen\/wp-json\/wp\/v2\/comments?post=14060"}],"version-history":[{"count":27,"href":"https:\/\/www.vorspeisenplatte.de\/speisen\/wp-json\/wp\/v2\/posts\/14060\/revisions"}],"predecessor-version":[{"id":14096,"href":"https:\/\/www.vorspeisenplatte.de\/speisen\/wp-json\/wp\/v2\/posts\/14060\/revisions\/14096"}],"wp:attachment":[{"href":"https:\/\/www.vorspeisenplatte.de\/speisen\/wp-json\/wp\/v2\/media?parent=14060"}],"wp:term":[{"taxonomy":"category","embeddable":true,"href":"https:\/\/www.vorspeisenplatte.de\/speisen\/wp-json\/wp\/v2\/categories?post=14060"},{"taxonomy":"post_tag","embeddable":true,"href":"https:\/\/www.vorspeisenplatte.de\/speisen\/wp-json\/wp\/v2\/tags?post=14060"}],"curies":[{"name":"wp","href":"https:\/\/api.w.org\/{rel}","templated":true}]}}