{"id":14115,"date":"2012-10-23T07:37:02","date_gmt":"2012-10-23T05:37:02","guid":{"rendered":"https:\/\/www.vorspeisenplatte.de\/speisen\/?p=14115"},"modified":"2013-03-29T22:56:29","modified_gmt":"2013-03-29T21:56:29","slug":"right-now-wiederholung-6","status":"publish","type":"post","link":"https:\/\/www.vorspeisenplatte.de\/speisen\/2012\/10\/right-now-wiederholung-6.htm","title":{"rendered":"Right now \u2013 Wiederholung 6"},"content":{"rendered":"<p><i> Kleine Serie, <a href=\"https:\/\/www.vorspeisenplatte.de\/speisen\/2006\/10\/right-now.htm\">hier<\/a> begonnen, <a href=\"http:\/\/neue-bodenstaendigkeit.de\/?p=36\" target=_new>vom Erfinder<\/a> ganz anders gemeint, <a href=\"https:\/\/www.vorspeisenplatte.de\/speisen\/2007\/10\/right-now-wiederholung.htm\">2007<\/a>, <a href=\"https:\/\/www.vorspeisenplatte.de\/speisen\/2008\/10\/right-now-wiederholung-2.htm\">2008<\/a>, <a href=\"https:\/\/www.vorspeisenplatte.de\/speisen\/2009\/10\/right-now-wiederholung-3.htm \">2009<\/a>, <a href=\"https:\/\/www.vorspeisenplatte.de\/speisen\/2010\/10\/right-now-wiederholung-4.htm\" target=\"_blank\">2010<\/a> und <a href=\"https:\/\/www.vorspeisenplatte.de\/speisen\/2011\/10\/right-now-wiederholung-5.htm\" target=\"_blank\">2011<\/a> fortgesetzt.<\/i><\/p>\n<p><b>Ich lese \u2026<\/b> die Mail-Antwort einer Dame, die mir gestern einen &#8220;Linktausch&#8221; angeboten hatte und sich als Marketingleiterin einer Website f\u00fcr Treppenlifte vorgestellt hatte. Da sie behauptete, dass sie <a href=\"https:\/\/www.vorspeisenplatte.de\/speisen\/2004\/10\/ueber-die-herbstferien-nach-berlin.htm\" target=\"_blank\">dieser Blogpost<\/a> auf ihr Angebot gebracht hatte und sie vorschlug, einen &#8220;Unique-Artikel, mit echtem Inhalt&#8221; f\u00fcr mein Blog dar\u00fcber zu schreiben, nahm ich sofort an: &#8220;Beim besten Willen kann ich mir nicht vorstellen, wie Sie das Posting auf meinem Blog, das Ihnen so besonders passend erscheint, mit dem Thema Treppenlift zusammenbringen wollen. Deshalb mein Angebot: Schreiben Sie einen &#8216;Unique-Artikel, mit echtem Inhalt&#8217;, in dem sie das schaffen. Also einen Artikel, der meine Herbstreise nach Berlin im Jahr 2004 und die Bitte um Fresstipps in einen logischen und unauff\u00e4lligen Zusammenhang mit Treppenliften bringt. Ich verspreche: Den ver\u00f6ffentliche ich (zusammen mit dieser unserer Korrespondenz) in meinem Blog.&#8221; Leider ging sie in ihrer Antwort, die ich eben las, nicht darauf ein, sondern beschrieb nur: &#8220;favorisiert tausche ich die Links auf den 4 Weg&#8221;. Habe mein Angebot der Artikelver\u00f6ffentlichung wiederholt, ihr sogar alternativ angeboten: &#8220;Da ich bei Treppenliften immer an die Schl\u00fcsselszene im Film Gremlins denken muss (Sie wissen schon: Die betagte Dame, die in ihrem von Gremlins manipulierten Treppenlift aus dem Fenster im ersten Obergeschoss ihrer Villa schie\u00dft), w\u00fcrde ich auch einen Artikel \u00fcber die Geschichte der Treppenlifte im Film ver\u00f6ffentlichen. V\u00f6llig ohne Bezahlung oder sonstige Gegenleistung.&#8221;<br \/>\n(Ich kann nur meinen Tipp wiederholen: Antworten Sie auf Spam.)<\/p>\n<p><b>Ich trage \u2026<\/b> eine gebl\u00fcmte Flanellhose, einen dottergelben Nickipulli, Wollsocken, gr\u00fcne Strickjacke, Hausschuhe &#8211; meine derzeitige Zwischen-Schlaf-und-Duschen-Ausstattung.<\/p>\n<p><b>Ich habe \u2026<\/b> immer noch die Zukunftsangst im Bauch, mit der ich aufgewacht bin.<\/p>\n<p><b>Ich h\u00f6re \u2026<\/b> das Rauschen der eben aufgefrehten Heizung.<\/p>\n<p><b>Ich trinke \u2026<\/b> Milchkaffee aus Cafetera-Espresso (frisch gemahlener <a href=\"http:\/\/www.delmocca.de\/index.php?cid=838\" target=\"_blank\">El Presidente<\/a>) und gesch\u00e4umter Milch.<\/p>\n<p><b>Ich esse \u2026<\/b> bis nach meinem morgentlichen Isarlauf nichts. (Morgens kein Appetit, au\u00dferdem kommt mir beim Sport alles hoch, was ich bis etwa drei Stunden vor dem Sport gegessen habe.)<\/p>\n<p><b>Ich stehe \u2026<\/b> immer noch v\u00f6llig im Wald, wie es mit mir beruflich weitergehen soll.<\/p>\n<p><b>Ich gehe \u2026<\/b> sehr gerne zu Fu\u00df, wozu ich ja derzeit auch genug Zeit habe, wodurch ich fast gar nicht mehr elegante Schuhe trage.<\/p>\n<p><b>Ich lache \u2026<\/b> zu selten aus vollem Herzen.<\/p>\n<p><b>Ich sehe \u2026<\/b> das bunte Herbstlaub mit Freude, aber auch Wehmut \u00fcber das anstehende Winterhalbjahr.<\/p>\n<p><b>Ich mag \u2026<\/b> f\u00fcr mich sein.<\/p>\n<p><b>Ich schreibe \u2026<\/b> jeden Tag, aber nichts, was ich verkaufen k\u00f6nnte.<\/p>\n<p><b>Ich wei\u00df \u2026<\/b> doch auch nicht.<\/p>\n<p><b>Ich m\u00f6chte \u2026<\/b> einen Job, der mir den Lebensunterhalt sichert, aber mich nicht ungl\u00fccklich macht.<\/p>\n","protected":false},"excerpt":{"rendered":"<p>Kleine Serie, hier begonnen, vom Erfinder ganz anders gemeint, 2007, 2008, 2009, 2010 und 2011 fortgesetzt. Ich lese \u2026 die Mail-Antwort einer Dame, die mir gestern einen &#8220;Linktausch&#8221; angeboten hatte und sich als Marketingleiterin einer Website f\u00fcr Treppenlifte vorgestellt hatte. Da sie behauptete, dass sie dieser Blogpost auf ihr Angebot gebracht hatte und sie vorschlug, [&hellip;]<\/p>\n","protected":false},"author":2,"featured_media":0,"comment_status":"open","ping_status":"closed","sticky":false,"template":"","format":"standard","meta":{"footnotes":""},"categories":[1],"tags":[],"class_list":["post-14115","post","type-post","status-publish","format-standard","hentry","category-general"],"_links":{"self":[{"href":"https:\/\/www.vorspeisenplatte.de\/speisen\/wp-json\/wp\/v2\/posts\/14115","targetHints":{"allow":["GET"]}}],"collection":[{"href":"https:\/\/www.vorspeisenplatte.de\/speisen\/wp-json\/wp\/v2\/posts"}],"about":[{"href":"https:\/\/www.vorspeisenplatte.de\/speisen\/wp-json\/wp\/v2\/types\/post"}],"author":[{"embeddable":true,"href":"https:\/\/www.vorspeisenplatte.de\/speisen\/wp-json\/wp\/v2\/users\/2"}],"replies":[{"embeddable":true,"href":"https:\/\/www.vorspeisenplatte.de\/speisen\/wp-json\/wp\/v2\/comments?post=14115"}],"version-history":[{"count":9,"href":"https:\/\/www.vorspeisenplatte.de\/speisen\/wp-json\/wp\/v2\/posts\/14115\/revisions"}],"predecessor-version":[{"id":18649,"href":"https:\/\/www.vorspeisenplatte.de\/speisen\/wp-json\/wp\/v2\/posts\/14115\/revisions\/18649"}],"wp:attachment":[{"href":"https:\/\/www.vorspeisenplatte.de\/speisen\/wp-json\/wp\/v2\/media?parent=14115"}],"wp:term":[{"taxonomy":"category","embeddable":true,"href":"https:\/\/www.vorspeisenplatte.de\/speisen\/wp-json\/wp\/v2\/categories?post=14115"},{"taxonomy":"post_tag","embeddable":true,"href":"https:\/\/www.vorspeisenplatte.de\/speisen\/wp-json\/wp\/v2\/tags?post=14115"}],"curies":[{"name":"wp","href":"https:\/\/api.w.org\/{rel}","templated":true}]}}