{"id":14636,"date":"2012-12-02T10:42:36","date_gmt":"2012-12-02T09:42:36","guid":{"rendered":"https:\/\/www.vorspeisenplatte.de\/speisen\/?p=14636"},"modified":"2022-12-20T16:04:07","modified_gmt":"2022-12-20T15:04:07","slug":"auszeitjournal-samstag-1-dezember-2012-der-schwierige-monat-wanzt-sich-an","status":"publish","type":"post","link":"https:\/\/www.vorspeisenplatte.de\/speisen\/2012\/12\/auszeitjournal-samstag-1-dezember-2012-der-schwierige-monat-wanzt-sich-an.htm","title":{"rendered":"Auszeitjournal Samstag, 1. Dezember 2012 &#8211; der schwierige Monat wanzt sich an"},"content":{"rendered":"<p>Dezember ist <a href=\"https:\/\/www.vorspeisenplatte.de\/speisen\/2009\/12\/dezembergespenster.htm\" target=\"_blank\" rel=\"noopener\">immer schwierig<\/a>. Erinnerungsschatten umzingeln mich. Oder jede Erinnerung, die im Dezember auftaucht, f\u00e4rbt sich traurig.<\/p>\n<p>Dieser erste Dezember versuchte sich mit blauen Flecken am Himmel und Sonnenskizzen einzuschmeicheln, ich folgte ihnen an die Isar zum Dauerlauf:<\/p>\n<p><a href=\"https:\/\/www.vorspeisenplatte.de\/speisen\/archiv\/121201_Isarlauf_1.jpg\"><img loading=\"lazy\" decoding=\"async\" src=\"https:\/\/www.vorspeisenplatte.de\/speisen\/archiv\/121201_Isarlauf_1.jpg\" alt=\"\" title=\"121201_Isarlauf_1\" width=\"606\" height=\"450\" class=\"alignnone size-full \" \/><\/a><\/p>\n<p><a href=\"https:\/\/www.vorspeisenplatte.de\/speisen\/archiv\/121201_Isarlauf_2.jpg\"><img loading=\"lazy\" decoding=\"async\" src=\"https:\/\/www.vorspeisenplatte.de\/speisen\/archiv\/121201_Isarlauf_2.jpg\" alt=\"\" title=\"121201_Isarlauf_2\" width=\"663\" height=\"427\" class=\"alignnone size-full\" \/><\/a><\/p>\n<p><a href=\"https:\/\/www.vorspeisenplatte.de\/speisen\/archiv\/121201_Isarlauf_3.jpg\"><img loading=\"lazy\" decoding=\"async\" src=\"https:\/\/www.vorspeisenplatte.de\/speisen\/archiv\/121201_Isarlauf_3.jpg\" alt=\"\" title=\"121201_Isarlauf_3\" width=\"682\" height=\"457\" class=\"alignnone size-full \" \/><\/a><\/p>\n<p><a href=\"https:\/\/www.vorspeisenplatte.de\/speisen\/archiv\/121201_Isarlauf_4.jpg\"><img loading=\"lazy\" decoding=\"async\" src=\"https:\/\/www.vorspeisenplatte.de\/speisen\/archiv\/121201_Isarlauf_4.jpg\" alt=\"\" title=\"121201_Isarlauf_4\" width=\"483\" height=\"537\" class=\"alignnone size-full \" \/><\/a><\/p>\n<p><a href=\"https:\/\/www.vorspeisenplatte.de\/speisen\/archiv\/121201_Isarlauf_5.jpg\"><img loading=\"lazy\" decoding=\"async\" src=\"https:\/\/www.vorspeisenplatte.de\/speisen\/archiv\/121201_Isarlauf_5.jpg\" alt=\"\" title=\"121201_Isarlauf_5\" width=\"630\" height=\"471\" class=\"alignnone size-full\" \/><\/a><\/p>\n<p><a href=\"https:\/\/www.vorspeisenplatte.de\/speisen\/archiv\/121201_Isarlauf_6.jpg\"><img loading=\"lazy\" decoding=\"async\" src=\"https:\/\/www.vorspeisenplatte.de\/speisen\/archiv\/121201_Isarlauf_6.jpg\" alt=\"\" title=\"121201_Isarlauf_6\" width=\"573\" height=\"441\" class=\"alignnone size-full \" \/><\/a><\/p>\n<p>Leider meldete sich ein alter Bekannter zur\u00fcck, den ich fast vergessen hatte: Wadenschmerzen nach 40 Minuten Laufen, von da an immer schlimmer. Etwa ein Jahr hatte ich sie nicht mehr, bis heute wei\u00df ich nicht, was sie verursacht. Mechanische Gr\u00fcnde schlie\u00dfe ich aus, weil ich mit denselben Schuhen und Einlagen im selben Bewegungsablauf laufe wie in den vergangenen Monaten &#8211; in denen diese Schmerzen nicht mal ansatzweise auftraten. Ich ern\u00e4hre mich auch nicht anders. Ist es dann doch die K\u00e4lte?<\/p>\n<p>\u00a7<\/p>\n<p>Nach einer Einkaufsrunde (Weihnachtseink\u00e4ufe sind ganz offensichtlich bereits in vollem Gang) landete ich mit dem Mitbewohner auf dem Christkindlmarkt am Sendlinger Tor. Dort schlage ich mir allj\u00e4hrlich den Bauch mit Pommes frites voll, geh\u00f6rt f\u00fcr mich zum Advent wie Stollen.<\/p>\n<p>\u00a7<\/p>\n<p>Auf delicious:days war am Vortag ein <a href=\"http:\/\/www.deliciousdays.com\/archives\/2012\/11\/29\/ginger-tea-flavored-quince-the-perfect-ice-cream-add-on\/\" target=\"_blank\" rel=\"noopener\">Rezept f\u00fcr Quittenkompott mit Ingwer und Schwarztee<\/a> aufgetaucht, das ich umgehend probierte, gleich in doppelter Menge. Ich glaube, man kann die Unterschiede in den Temperamenten von Misses Delicious und mir allein schon an der Optik des Ergebnisses erraten (&#8220;Oh, but you got them all the same size!&#8221;). <a href=\"http:\/\/www.deliciousdays.com\/archives\/2012\/11\/29\/ginger-tea-flavored-quince-the-perfect-ice-cream-add-on\/\" target=\"_blank\" rel=\"noopener\">Original hier<\/a>, mit dekorativ verteilten Vanillek\u00f6rnchen und ebenso dekorativer Verteilung der Quittenspalten im Glas. Bei mir Dys-bastlin sieht das so aus.<\/p>\n<p><a href=\"https:\/\/www.vorspeisenplatte.de\/speisen\/archiv\/121201_Quittenkompott_2.jpg\"><img loading=\"lazy\" decoding=\"async\" src=\"https:\/\/www.vorspeisenplatte.de\/speisen\/archiv\/121201_Quittenkompott_2.jpg\" alt=\"\" title=\"121201_Quittenkompott_2\" width=\"494\" height=\"337\" class=\"alignnone size-full wp-image-14649\" \/><\/a><\/p>\n<p>\u00dcbrigens ver\u00f6ffentlicht die Dame im Februar ihr drittes Kochbuch: <a href=\"http:\/\/www.amazon.de\/Sweets-Himmlische-Verf%C3%BChrungen-ganzen-Themenkochbuch\/dp\/3833828927\/ref=sr_1_3?ie=UTF8&#038;qid=1354439033&#038;sr=8-3\" target=\"_blank\" rel=\"noopener\"><i>Sweets<\/i><\/a>, diesmal wieder von Rezepten \u00fcber Texten bis zu Layout und Fotos von ihr selbst. Ich hatte das Privileg, es vor Drucklegung schon mal zu lesen &#8211; und h\u00e4tte die Schwarz-wei\u00df-Ausdrucke am liebsten nicht mehr hergegeben, weil ich mindestens zwei Drittel der Rezepte umgehend nachbacken und kochen wollte. Herzliche Empfehlung schon jetzt.<\/p>\n<p>\u00a7<\/p>\n<p>Zum Nachtmahl bereitete uns der Mitbewohner auf meinen Wunsch eine Gr\u00fcnkohl-Quiche <a href=\"http:\/\/www.country-online.de\/artikel\/leichte-gruenkohlrezepte\" target=\"_blank\" rel=\"noopener\">nach diesem Rezept<\/a> zu. Unsere regionale \u00d6kokiste hatte wieder Gr\u00fcnkohl enthalten, und ich suche immer noch einen Weg, \u00fcber die drahtig-papiererne Konsistenz des gekochten Gr\u00fcnkohls hinweg zu kommen, die mir den Genuss bislang immer ein wenig eingetr\u00fcbt hatte. Das Ergebnis schmeckte mir sehr gut, das Konsistenzproblem ist allerdings dadurch noch nicht ganz \u00fcberwunden.<\/p>\n<p><a href=\"https:\/\/www.vorspeisenplatte.de\/speisen\/archiv\/121201_Gruenkohl_Quiche.jpg\"><img loading=\"lazy\" decoding=\"async\" src=\"https:\/\/www.vorspeisenplatte.de\/speisen\/archiv\/121201_Gruenkohl_Quiche.jpg\" alt=\"\" title=\"121201_Gruenkohl_Quiche\" width=\"442\" height=\"312\" class=\"alignnone size-full wp-image-14651\" \/><\/a><\/p>\n<p>\u00a7<\/p>\n<p>Neben Internetlesen im Fernsehen <i>Illuminati<\/i> laufen lassen, den Mitbewohner s\u00fc\u00df gefunden, weil er sich \u00fcber die haneb\u00fcchene Faktenverschwurbelung fast ernsthaft aufregte (Antimaterie, genau).<\/p>\n<p>Der Kalauer, der gestern durch meine Twitter-Timeline ging: EU-Komission plant, Gl\u00fchwein k\u00fcnftig verpflichtend durch Energiesparwein zu ersetzen.<\/p>\n<p>\u00a7<\/p>\n<p>Die #609060-Ausbeute der vergangenen Woche:<\/p>\n<p><a href=\"https:\/\/www.vorspeisenplatte.de\/speisen\/archiv\/121127_Kleidung.jpg\"><img loading=\"lazy\" decoding=\"async\" src=\"https:\/\/www.vorspeisenplatte.de\/speisen\/archiv\/121127_Kleidung.jpg\" alt=\"\" title=\"121127_Kleidung\" width=\"186\" height=\"382\" class=\"alignnone size-full wp-image-14653\" \/><\/a><\/p>\n<p><a href=\"https:\/\/www.vorspeisenplatte.de\/speisen\/archiv\/121129_Kleidung.jpg\"><img loading=\"lazy\" decoding=\"async\" src=\"https:\/\/www.vorspeisenplatte.de\/speisen\/archiv\/121129_Kleidung.jpg\" alt=\"\" title=\"121129_Kleidung\" width=\"197\" height=\"449\" class=\"alignnone size-full wp-image-14654\" \/><\/a><\/p>\n<p><a href=\"https:\/\/www.vorspeisenplatte.de\/speisen\/archiv\/121130_Kleidung_1.jpg\"><img loading=\"lazy\" decoding=\"async\" src=\"https:\/\/www.vorspeisenplatte.de\/speisen\/archiv\/121130_Kleidung_1.jpg\" alt=\"\" title=\"121130_Kleidung_1\" width=\"197\" height=\"403\" class=\"alignnone size-full wp-image-14655\" \/><\/a><\/p>\n<p><a href=\"https:\/\/www.vorspeisenplatte.de\/speisen\/archiv\/121130_Kleidung_2.jpg\"><img loading=\"lazy\" decoding=\"async\" src=\"https:\/\/www.vorspeisenplatte.de\/speisen\/archiv\/121130_Kleidung_2.jpg\" alt=\"\" title=\"121130_Kleidung_2\" width=\"277\" height=\"444\" class=\"alignnone size-full wp-image-14656\" \/><\/a><\/p>\n<p><a href=\"https:\/\/www.vorspeisenplatte.de\/speisen\/archiv\/121201_Kleidung_Laufen.jpg\"><img loading=\"lazy\" decoding=\"async\" src=\"https:\/\/www.vorspeisenplatte.de\/speisen\/archiv\/121201_Kleidung_Laufen.jpg\" alt=\"\" title=\"121201_Kleidung_Laufen\" width=\"193\" height=\"489\" class=\"alignnone size-full wp-image-14657\" \/><\/a><\/p>\n<p><a href=\"https:\/\/www.vorspeisenplatte.de\/speisen\/archiv\/121201_Kleidung.jpg\"><img loading=\"lazy\" decoding=\"async\" src=\"https:\/\/www.vorspeisenplatte.de\/speisen\/archiv\/121201_Kleidung.jpg\" alt=\"\" title=\"121201_Kleidung\" width=\"184\" height=\"405\" class=\"alignnone size-full wp-image-14658\" \/><\/a><\/p>\n","protected":false},"excerpt":{"rendered":"<p>Dezember ist immer schwierig. Erinnerungsschatten umzingeln mich. Oder jede Erinnerung, die im Dezember auftaucht, f\u00e4rbt sich traurig. Dieser erste Dezember versuchte sich mit blauen Flecken am Himmel und Sonnenskizzen einzuschmeicheln, ich folgte ihnen an die Isar zum Dauerlauf: Leider meldete sich ein alter Bekannter zur\u00fcck, den ich fast vergessen hatte: Wadenschmerzen nach 40 Minuten Laufen, [&hellip;]<\/p>\n","protected":false},"author":2,"featured_media":0,"comment_status":"open","ping_status":"closed","sticky":false,"template":"","format":"standard","meta":{"footnotes":""},"categories":[6,2,1],"tags":[],"class_list":["post-14636","post","type-post","status-publish","format-standard","hentry","category-essen","category-fotos","category-general"],"_links":{"self":[{"href":"https:\/\/www.vorspeisenplatte.de\/speisen\/wp-json\/wp\/v2\/posts\/14636","targetHints":{"allow":["GET"]}}],"collection":[{"href":"https:\/\/www.vorspeisenplatte.de\/speisen\/wp-json\/wp\/v2\/posts"}],"about":[{"href":"https:\/\/www.vorspeisenplatte.de\/speisen\/wp-json\/wp\/v2\/types\/post"}],"author":[{"embeddable":true,"href":"https:\/\/www.vorspeisenplatte.de\/speisen\/wp-json\/wp\/v2\/users\/2"}],"replies":[{"embeddable":true,"href":"https:\/\/www.vorspeisenplatte.de\/speisen\/wp-json\/wp\/v2\/comments?post=14636"}],"version-history":[{"count":3,"href":"https:\/\/www.vorspeisenplatte.de\/speisen\/wp-json\/wp\/v2\/posts\/14636\/revisions"}],"predecessor-version":[{"id":82843,"href":"https:\/\/www.vorspeisenplatte.de\/speisen\/wp-json\/wp\/v2\/posts\/14636\/revisions\/82843"}],"wp:attachment":[{"href":"https:\/\/www.vorspeisenplatte.de\/speisen\/wp-json\/wp\/v2\/media?parent=14636"}],"wp:term":[{"taxonomy":"category","embeddable":true,"href":"https:\/\/www.vorspeisenplatte.de\/speisen\/wp-json\/wp\/v2\/categories?post=14636"},{"taxonomy":"post_tag","embeddable":true,"href":"https:\/\/www.vorspeisenplatte.de\/speisen\/wp-json\/wp\/v2\/tags?post=14636"}],"curies":[{"name":"wp","href":"https:\/\/api.w.org\/{rel}","templated":true}]}}