{"id":14663,"date":"2012-12-03T07:09:58","date_gmt":"2012-12-03T06:09:58","guid":{"rendered":"https:\/\/www.vorspeisenplatte.de\/speisen\/?p=14663"},"modified":"2012-12-03T07:09:58","modified_gmt":"2012-12-03T06:09:58","slug":"auszeitjournal-sonntag-2-dezember-2012-adventfasten","status":"publish","type":"post","link":"https:\/\/www.vorspeisenplatte.de\/speisen\/2012\/12\/auszeitjournal-sonntag-2-dezember-2012-adventfasten.htm","title":{"rendered":"Auszeitjournal Sonntag, 2. Dezember 2012 &#8211; Adventfasten"},"content":{"rendered":"<p>Den Advent lasse ich dieses Jahr weitgehend aus, wegen Lustlosigkeit. N\u00e4chstes Jahr gibt&#8217;s ja schon wieder einen, da kann ich doch einmal die Wohnung ungeschm\u00fcckt lassen, den Adventskalender ungekauft, die Pl\u00e4tzchen ungebacken, die Adventskranzkerzen unangez\u00fcndet (andere Kerzen hingegen jederzeit).<\/p>\n<p>\u00a7<\/p>\n<p>An einer bislang unbekannten Stepaerobicstunde (Fortgeschrittene, vor allem aber exotische 60 Minuten lang) meiner Abnehmstudiokette teilgenommen, nur wenig hilflos herumgestolpert.<\/p>\n<p>Vorturner beim Einlegen der Musik f\u00fcr den Cooldown: &#8220;Ich glaube, letztes Jahr habe ich gar keine Weihnachtsmusik gespielt.&#8221;<br \/>\nMitturnerin von hinten: &#8220;Und deshalb bist du dieses Jahr noch da.&#8221;<\/p>\n<p>Nach vielen, vielen Jahren auch im Dezember geradelt, bis unter die Z\u00e4hne eingepackt und mit Warnweste: War sch\u00f6n im weiterhin seltsamen Licht dieses Wochenendes.<\/p>\n<p><a href=\"https:\/\/www.vorspeisenplatte.de\/speisen\/archiv\/121202_Studioblick.jpg\"><img loading=\"lazy\" decoding=\"async\" src=\"https:\/\/www.vorspeisenplatte.de\/speisen\/archiv\/121202_Studioblick.jpg\" alt=\"\" title=\"121202_Studioblick\" width=\"532\" height=\"421\" class=\"alignnone size-full wp-image-14668\" \/><\/a><\/p>\n<p>\u00a7<\/p>\n<p>Aus aktuellem Anlass: Was ist ein &#8220;Super Push-up-BH&#8221;? Einfach nur eine weitere Lage Schaumstoff eingearbeitet?<\/p>\n<p>\u00a7<\/p>\n<p>Mit dem Mitbewohner auf dem Christkindlmarkt am Sendlinger Tor ein wenig Advent gefeiert (ich schrieb ja &#8220;weitgehend&#8221;): Eine Semmel &#8220;Regensburger special&#8221;, also eine halbierte, gebratene Regensburger in einer Semmel mit s\u00fc\u00dfem Senf, Meerrettich und Essiggurke, danach Gl\u00fchwein. Beim Anstehen um Letzteres mitgeh\u00f6rt, was der Unterschied zwischen Kinderpunsch und Autofahrerpunsch ist: Keiner. Besinnliche Gespr\u00e4che unter handgemaltem <i>Skyfall<\/i>-Plakat \u00fcber Selbstentfaltung versus Selbstdisziplin.<\/p>\n<p>\u00a7<\/p>\n<p>Zum Nachtmahl Rote-Bete-Suppe mit Kokosmilch. Diesmal <a href=\"https:\/\/www.vorspeisenplatte.de\/rezepte\/rote-bete-suppe-mit-kokosmilch.htm\" target=\"_blank\">habe ich das Rezept auch aufgeschrieben<\/a>. <\/p>\n<p><a href=\"https:\/\/www.vorspeisenplatte.de\/rezepte\/archiv\/121202_Rote_Bete_Suppe.jpg\"><img loading=\"lazy\" decoding=\"async\" src=\"https:\/\/www.vorspeisenplatte.de\/rezepte\/archiv\/121202_Rote_Bete_Suppe.jpg\" alt=\"\" title=\"121202_Rote_Bete_Suppe\" width=\"459\" height=\"372\" class=\"alignnone size-full wp-image-694\" \/><\/a><\/p>\n","protected":false},"excerpt":{"rendered":"<p>Den Advent lasse ich dieses Jahr weitgehend aus, wegen Lustlosigkeit. N\u00e4chstes Jahr gibt&#8217;s ja schon wieder einen, da kann ich doch einmal die Wohnung ungeschm\u00fcckt lassen, den Adventskalender ungekauft, die Pl\u00e4tzchen ungebacken, die Adventskranzkerzen unangez\u00fcndet (andere Kerzen hingegen jederzeit). \u00a7 An einer bislang unbekannten Stepaerobicstunde (Fortgeschrittene, vor allem aber exotische 60 Minuten lang) meiner Abnehmstudiokette [&hellip;]<\/p>\n","protected":false},"author":2,"featured_media":0,"comment_status":"open","ping_status":"closed","sticky":false,"template":"","format":"standard","meta":{"footnotes":""},"categories":[6,2,1],"tags":[],"class_list":["post-14663","post","type-post","status-publish","format-standard","hentry","category-essen","category-fotos","category-general"],"_links":{"self":[{"href":"https:\/\/www.vorspeisenplatte.de\/speisen\/wp-json\/wp\/v2\/posts\/14663","targetHints":{"allow":["GET"]}}],"collection":[{"href":"https:\/\/www.vorspeisenplatte.de\/speisen\/wp-json\/wp\/v2\/posts"}],"about":[{"href":"https:\/\/www.vorspeisenplatte.de\/speisen\/wp-json\/wp\/v2\/types\/post"}],"author":[{"embeddable":true,"href":"https:\/\/www.vorspeisenplatte.de\/speisen\/wp-json\/wp\/v2\/users\/2"}],"replies":[{"embeddable":true,"href":"https:\/\/www.vorspeisenplatte.de\/speisen\/wp-json\/wp\/v2\/comments?post=14663"}],"version-history":[{"count":12,"href":"https:\/\/www.vorspeisenplatte.de\/speisen\/wp-json\/wp\/v2\/posts\/14663\/revisions"}],"predecessor-version":[{"id":14676,"href":"https:\/\/www.vorspeisenplatte.de\/speisen\/wp-json\/wp\/v2\/posts\/14663\/revisions\/14676"}],"wp:attachment":[{"href":"https:\/\/www.vorspeisenplatte.de\/speisen\/wp-json\/wp\/v2\/media?parent=14663"}],"wp:term":[{"taxonomy":"category","embeddable":true,"href":"https:\/\/www.vorspeisenplatte.de\/speisen\/wp-json\/wp\/v2\/categories?post=14663"},{"taxonomy":"post_tag","embeddable":true,"href":"https:\/\/www.vorspeisenplatte.de\/speisen\/wp-json\/wp\/v2\/tags?post=14663"}],"curies":[{"name":"wp","href":"https:\/\/api.w.org\/{rel}","templated":true}]}}