{"id":15013,"date":"2012-12-29T08:20:59","date_gmt":"2012-12-29T07:20:59","guid":{"rendered":"https:\/\/www.vorspeisenplatte.de\/speisen\/?p=15013"},"modified":"2022-12-21T14:37:09","modified_gmt":"2022-12-21T13:37:09","slug":"jahresruckblick-2012","status":"publish","type":"post","link":"https:\/\/www.vorspeisenplatte.de\/speisen\/2012\/12\/jahresruckblick-2012.htm","title":{"rendered":"Jahresr\u00fcckblick 2012"},"content":{"rendered":"<p>R\u00fcckblicke <a href=\"https:\/\/www.vorspeisenplatte.de\/speisen\/2011\/12\/jahresruckblick-2011.htm\" target=\"_blank\" rel=\"noopener\">2011<\/a>, <a href=\"https:\/\/www.vorspeisenplatte.de\/speisen\/2010\/12\/jahresruckblick-2010.htm\" target=\"_blank\" rel=\"noopener\">2010<\/a>, <a href=\"https:\/\/www.vorspeisenplatte.de\/speisen\/2009\/12\/jahresruckblick-2009.htm\">2009<\/a>, <a href=\"https:\/\/www.vorspeisenplatte.de\/speisen\/2008\/12\/jahresruckblick-2008.htm\">2008<\/a>, <a href=\" https:\/\/www.vorspeisenplatte.de\/speisen\/2007\/12\/jahresruckblick-2007.htm\">2007<\/a>, <a href=\"https:\/\/www.vorspeisenplatte.de\/speisen\/2006\/12\/jahresruckblick-2006.htm\">2006<\/a>, <a href=\"https:\/\/www.vorspeisenplatte.de\/speisen\/2005\/12\/jahresliste-2005.htm\">2005<\/a> und <a href=\"https:\/\/www.vorspeisenplatte.de\/speisen\/2005\/01\/jahresliste-2004.htm\">2004<\/a>.<\/p>\n<p><strong>Zugenommen oder abgenommen?<\/strong><br \/>\nZugenommen. Ich esse zu viel f\u00fcr meine Kleidung. (Gewogen habe ich mich seit Jahren nicht.)<\/p>\n<p><strong>Haare l\u00e4nger oder k\u00fcrzer?<\/strong><br \/>\nGleich lang kurz. (Ich musste erst mal in den Fotos checken.)<\/p>\n<p><strong>Kurzsichtiger oder weitsichtiger?<\/strong><br \/>\nWeiterhin und seit 26 Jahren gleichbleibend. Erwarte allerdings min\u00fctlich die Altersweitsicht, da ich dieses Jahr die Arme von einigen Freundinnen habe zu kurz werden sehen.<\/p>\n<p><b>Mehr Kohle oder weniger.<\/b><br \/>\nDeutlich weniger. Im Grunde genau die H\u00e4lfte von der 2011, da ich nur die erste H\u00e4lfte des Jahres Einkommen hatte und seither von Erspartem lebe.<\/p>\n<p><strong>Mehr ausgegeben oder weniger?<\/strong><br \/>\nWeniger. Besinne mich immer mehr auf Spark\u00fcnste, die ich zu Studienzeiten erwarb. Bin allerdings noch weit davon entfernt, meine Ausgaben auf das damalige Niveau zu senken &#8211; dazu habe ich mich zu sehr an <i>the good live<\/i> gew\u00f6hnt.<\/p>\n<p><strong>Der hirnrissigste Plan?<\/strong><br \/>\nIn drei Monaten Auszeit herauszufinden, wohin mein weiteres Berufsleben gehen soll. Oder in sechs Monaten.<\/p>\n<p><b>Die gef\u00e4hrlichste Unternehmung?<\/b><br \/>\nTrotz offensichtlich drohendem Kreislaufkollaps die gesamten 90 Minuten im <a href=\"https:\/\/www.vorspeisenplatte.de\/speisen\/2012\/08\/auszeitjournal-freitag-samstag-sonntag-17-bis-19-august-kreuzberg-rudel.htm\" target=\"_blank\" rel=\"noopener\">Bikram-Yoga<\/a>-Raum zu bleiben.<\/p>\n<p><strong>Mehr Sport oder weniger?<\/strong><br \/>\nMehr, denn mehr freie Zeit hei\u00dft bei mir automatisch mehr Sport.<\/p>\n<p><strong>Die teuerste Anschaffung?<\/strong><br \/>\nEin neues Motherboard f\u00fcr meinen Rechner.<\/p>\n<p><strong>Das leckerste Essen?<\/strong><br \/>\n<a href=\"https:\/\/www.vorspeisenplatte.de\/speisen\/2012\/06\/hamburg-erfressen.htm\" target=\"_blank\" rel=\"noopener\">Mit Anke in Hamburgs K\u00fcchenwerkstatt.<\/a><\/p>\n<p><strong>Das beeindruckenste Buch?<\/strong><br \/>\nPia Ziefle, <i>Suna<\/i><\/p>\n<p><strong>Das entt\u00e4uschendste Buch?<\/strong><br \/>\nMarcella Hazan; Anne G\u00f6rblich-Baier, Susanne Schmidt-Wussow, Elke Trautwein (\u00dcbers.), <i>Marcellas Geheimnisse<\/i>: Frau Hazan schreibt einen derartigen (faktischen) Bl\u00f6dsinn, dass ich mich sehr wundere, wie sie zu ihrem Ruhm gekommen ist (und zu ihrem Universit\u00e4tsabschluss in Naturwissenschaften).<\/p>\n<p><strong>Der ergreifendste Film?<\/strong><br \/>\n<i>Die Wand<\/i><\/p>\n<p><b>Der beste Theaterbesuch?<\/b><br \/>\n<i><a href=\"https:\/\/www.vorspeisenplatte.de\/speisen\/2012\/06\/weltkulturerbe-well.htm\" target=\"_blank\" rel=\"noopener\">Fein sein, beinander bleibn<\/a><\/i><\/p>\n<p><strong>Die beste Musik?<\/strong><br \/>\nRainald Grebe &#038; Das Orchester Der Vers\u00f6hnung <\/p>\n<p><strong>Die meiste Zeit verbracht mit&#8230;?<\/strong><br \/>\nLesen<\/p>\n<p><b>Die sch\u00f6nste Zeit verbracht mit&#8230; ?<\/b><br \/>\nDrau\u00dfenluft<\/p>\n<p><strong>Vorherrschendes Gef\u00fchl 2012?<\/strong><br \/>\nUnd jetzt?<\/p>\n<p><strong>2012 zum ersten Mal getan?<\/strong><br \/>\n<a href=\"https:\/\/www.vorspeisenplatte.de\/speisen\/2012\/10\/klettern.htm\" target=\"_blank\" rel=\"noopener\">Klettern<\/a><\/p>\n<p><strong>2012 nach langer Zeit wieder getan?<\/strong><br \/>\nMich auf eine B\u00fchne gestellt, mit mehreren Menschen im Zimmer geschlafen<\/p>\n<p><strong>3 Dinge, auf die ich gut h\u00e4tte verzichten m\u00f6gen?<\/strong><br \/>\nAnhaltende D\u00fcsternis, massive Fremdelattacke in Klagenfurt, misslungene Brote<\/p>\n<p><b>Die wichtigste Sache, von der ich jemanden \u00fcberzeugen wollte?<\/b><br \/>\nDass es unredlich ist, sein Geld mit dem Verkauf von Dingen zu verdienen, f\u00fcr die man den Bedarf erst mit viel Geld erzeugen muss.<\/p>\n<p><b>Das sch\u00f6nste Geschenk, das ich jemandem gemacht habe?<\/b><br \/>\nEin selbstgestrickter Schal (das war die Strickarbeit, die ich im Sommer und Herbst erw\u00e4hnte)<\/p>\n<p><a href=\"https:\/\/www.vorspeisenplatte.de\/speisen\/archiv\/121216_Schal-1.jpg\"><img loading=\"lazy\" decoding=\"async\" src=\"https:\/\/www.vorspeisenplatte.de\/speisen\/archiv\/121216_Schal-1.jpg\" alt=\"\" width=\"238\" height=\"504\" class=\"alignnone size-full wp-image-82888\" \/><\/a><\/p>\n<p><b>Das sch\u00f6nste Geschenk, das mir jemand gemacht hat?<\/b><br \/>\nEin Rudel-Wochenende im berliner Hochsommer<\/p>\n<p><b>Die sch\u00f6nste neue Bekanntschaft, die ich gemacht habe?<\/b><br \/>\nFrau Nachtschwester<\/p>\n<p><b>Der folgenreichste Satz, den jemand zu mir gesagt hat?<\/b><br \/>\nDir soll es gut gehen.<\/p>\n<p><b>Der folgenreichste Satz, den ich zu jemandem gesagt habe?<\/b><br \/>\nIch werde die Firma verlassen. <\/p>\n<p><b>2012 war mit 1 Wort&#8230;?<\/b><br \/>\nAbbruch<\/p>\n<p><b>Vors\u00e4tze f\u00fcr 201<del datetime=\"2012-12-29T10:33:45+00:00\">2<\/del>3?<\/b><br \/>\nNeuanfang<img loading=\"lazy\" decoding=\"async\" src=\"https:\/\/ssl-vg03.met.vgwort.de\/na\/96afd2e2f01d41b8a6629ec72b0a0d47\" width=\"1\" height=\"1\" alt=\"\"\/><\/p>\n","protected":false},"excerpt":{"rendered":"<p>R\u00fcckblicke 2011, 2010, 2009, 2008, 2007, 2006, 2005 und 2004. Zugenommen oder abgenommen? Zugenommen. Ich esse zu viel f\u00fcr meine Kleidung. (Gewogen habe ich mich seit Jahren nicht.) Haare l\u00e4nger oder k\u00fcrzer? Gleich lang kurz. (Ich musste erst mal in den Fotos checken.) Kurzsichtiger oder weitsichtiger? Weiterhin und seit 26 Jahren gleichbleibend. Erwarte allerdings min\u00fctlich [&hellip;]<\/p>\n","protected":false},"author":2,"featured_media":0,"comment_status":"open","ping_status":"closed","sticky":false,"template":"","format":"standard","meta":{"footnotes":""},"categories":[1],"tags":[],"class_list":["post-15013","post","type-post","status-publish","format-standard","hentry","category-general"],"_links":{"self":[{"href":"https:\/\/www.vorspeisenplatte.de\/speisen\/wp-json\/wp\/v2\/posts\/15013","targetHints":{"allow":["GET"]}}],"collection":[{"href":"https:\/\/www.vorspeisenplatte.de\/speisen\/wp-json\/wp\/v2\/posts"}],"about":[{"href":"https:\/\/www.vorspeisenplatte.de\/speisen\/wp-json\/wp\/v2\/types\/post"}],"author":[{"embeddable":true,"href":"https:\/\/www.vorspeisenplatte.de\/speisen\/wp-json\/wp\/v2\/users\/2"}],"replies":[{"embeddable":true,"href":"https:\/\/www.vorspeisenplatte.de\/speisen\/wp-json\/wp\/v2\/comments?post=15013"}],"version-history":[{"count":3,"href":"https:\/\/www.vorspeisenplatte.de\/speisen\/wp-json\/wp\/v2\/posts\/15013\/revisions"}],"predecessor-version":[{"id":82890,"href":"https:\/\/www.vorspeisenplatte.de\/speisen\/wp-json\/wp\/v2\/posts\/15013\/revisions\/82890"}],"wp:attachment":[{"href":"https:\/\/www.vorspeisenplatte.de\/speisen\/wp-json\/wp\/v2\/media?parent=15013"}],"wp:term":[{"taxonomy":"category","embeddable":true,"href":"https:\/\/www.vorspeisenplatte.de\/speisen\/wp-json\/wp\/v2\/categories?post=15013"},{"taxonomy":"post_tag","embeddable":true,"href":"https:\/\/www.vorspeisenplatte.de\/speisen\/wp-json\/wp\/v2\/tags?post=15013"}],"curies":[{"name":"wp","href":"https:\/\/api.w.org\/{rel}","templated":true}]}}