{"id":16572,"date":"2013-04-24T08:23:57","date_gmt":"2013-04-24T06:23:57","guid":{"rendered":"https:\/\/www.vorspeisenplatte.de\/speisen\/?p=16572"},"modified":"2013-04-25T16:08:13","modified_gmt":"2013-04-25T14:08:13","slug":"auszeitjournal-dienstag-23-april-2013-haare-schon","status":"publish","type":"post","link":"https:\/\/www.vorspeisenplatte.de\/speisen\/2013\/04\/auszeitjournal-dienstag-23-april-2013-haare-schon.htm","title":{"rendered":"Auszeitjournal Dienstag, 23. April 2013 &#8211;<br>Haare sch\u00f6n"},"content":{"rendered":"<p>Ach, das mit der Tagesform: Gestern radelte ich an die Isar, um dauerlaufend den Stand des Fr\u00fchlings zwischen Wittelsbacher Br\u00fccke und Gro\u00dfhesseloher Br\u00fccke zu \u00fcberpr\u00fcfen. Doch ich kam nicht recht ins Fliegen, nach einer Stunde meldete sich die H\u00fcfte mit Schmerzen, kurz darauf verdoppelten schmerzende untere Waden das Gewicht meiner Beine. Die Lauferei wird wohl dauerhaft ein Gl\u00fcckspiel bleiben.<\/p>\n<p>Was den Fr\u00fchling angeht: Aber ja! B\u00fcsche bl\u00fchen, sie und die B\u00e4ume setzen ordentlich Gr\u00fcn an, auf dem Boden tummeln sich Schl\u00fcsselblumen, die Isar tr\u00e4gt die letzten Skipisten fort.<\/p>\n<p>\u00a7<\/p>\n<p>Daheim mords rumorganisiert: Reisen, Arzttermine. Dann endlich zum Friseur, der mir erst mal <a href=\"http:\/\/youtu.be\/k8tTgIHk3JM\" target=\"_blank\">die Blockfl\u00f6te des Todes<\/a> vorspielte. Dann schnitt er eine gute Stunde an meiner Matte (sein Ausdruck), wir unterhielten uns \u00fcber die Situation seines kleinen Unternehmens, \u00fcber den Falsch-Sei-Terror gegen Frauen (er konnte nat\u00fcrlich Erlebnisse mit Kundinnen beisteuern) und landeten, ich wei\u00df nicht mehr genau wie, bei Gottesbeweisen. Meine Haare sind nun wieder ordentlich kurz, jetza ko ma mi wieda neilass&#8217;n in d&#8217; Zifilisation, gey! (Ich denke abschlie\u00dfend IMMER an Gerhard Polt.)<\/p>\n<p>\u00a7<\/p>\n<p>Einkaufsrunde am <a href=\"http:\/\/www.muenchen.de\/rathaus\/Stadtverwaltung\/Kommunalreferat\/markthallen\/elisabethmarkt.html\" target=\"_blank\">Elisabethmarkt<\/a>, den ich mir vorgenommen habe \u00f6fter anzufahren. <\/p>\n<p>\u00a7<\/p>\n<p>Kulinarit\u00e4ten:<\/p>\n<p><a href=\"https:\/\/www.vorspeisenplatte.de\/speisen\/archiv\/130424_Bananenkuchen.jpg\"><img loading=\"lazy\" decoding=\"async\" src=\"https:\/\/www.vorspeisenplatte.de\/speisen\/archiv\/130424_Bananenkuchen.jpg\" alt=\"130424_Bananenkuchen\" width=\"286\" height=\"483\" class=\"alignnone size-full wp-image-16577\" \/><\/a><\/p>\n<p>Dieser <a href=\"http:\/\/www.katharinakocht.com\/2011\/06\/walnuss-bananen-kuchen-mit.html\" target=\"_blank\">Bananenkuchen mit Waln\u00fcssen und Schokolade von Katharina<\/a> ist gro\u00dfartig: Die Bananen werden in Scheiben untergemischt, deshalb bei\u00dft man immer wieder auf St\u00fcckchen &#8211; das gef\u00e4llt mir sehr. Nicht dass ich schon viele Rezepte ausprobiert h\u00e4tte, aber von allen (drei bis vier), an die ich mich erinnere, ist das mit Abstand mein liebstes. Im Sinne von: werde ich definitiv wiederholen.<\/p>\n<p>Abends nochmal Artischocken mit Knoblauchmajo, diesmal kombiniert mit einer italienischen Rebsorte, die ich noch nicht kannte: <a href=\"http:\/\/www.wine-searcher.com\/grape-611-cococciola\" target=\"_blank\">Cococciola<\/a> aus den Abruzzen. Der Terre die Chieti, Cantine Spinelli passte nicht perfekt, biss sich aber auch nicht mit der Artischocke. Au\u00dferdem werde ich ihn mir als leichten Sommerwein merken.<\/p>\n<p>Bei dieser Gelegenheit mal wieder ein Hinweis auf das ultimative Majonesenrezept, in Fachkreisen &#8220;Idiotenmajo&#8221; genannt (parallel zum <a href=\"https:\/\/www.vorspeisenplatte.de\/rezepte\/brot-ohne-kneten.htm\" target=\"_blank\">Idiotenbrot<\/a>): Seit ich es <a href=\"http:\/\/www.deliciousdays.com\/archives\/2009\/08\/12\/homemade-mayo-minute-made\/\" target=\"_blank\">auf Nickys delicious:days entdeckte<\/a>, mache ich Majonese nicht nur nie mehr anders &#8211; ich mache \u00fcberhaupt meine Majonese meistens selbst. Es f\u00fchlt sich immer noch wie Zauberei an, wenn innerhalb weniger Sekunden mit dem Zauberstab (!) aus einem Ei, einem Teel\u00f6ffel Senf, einem Essl\u00f6ffel Zitronensaft, Salz, Pfeffer und einem Viertelliter Pflanzen\u00f6l eine standfeste Majonese wird.<\/p>\n","protected":false},"excerpt":{"rendered":"<p>Ach, das mit der Tagesform: Gestern radelte ich an die Isar, um dauerlaufend den Stand des Fr\u00fchlings zwischen Wittelsbacher Br\u00fccke und Gro\u00dfhesseloher Br\u00fccke zu \u00fcberpr\u00fcfen. Doch ich kam nicht recht ins Fliegen, nach einer Stunde meldete sich die H\u00fcfte mit Schmerzen, kurz darauf verdoppelten schmerzende untere Waden das Gewicht meiner Beine. Die Lauferei wird wohl [&hellip;]<\/p>\n","protected":false},"author":2,"featured_media":0,"comment_status":"open","ping_status":"closed","sticky":false,"template":"","format":"standard","meta":{"footnotes":""},"categories":[6,2],"tags":[],"class_list":["post-16572","post","type-post","status-publish","format-standard","hentry","category-essen","category-fotos"],"_links":{"self":[{"href":"https:\/\/www.vorspeisenplatte.de\/speisen\/wp-json\/wp\/v2\/posts\/16572","targetHints":{"allow":["GET"]}}],"collection":[{"href":"https:\/\/www.vorspeisenplatte.de\/speisen\/wp-json\/wp\/v2\/posts"}],"about":[{"href":"https:\/\/www.vorspeisenplatte.de\/speisen\/wp-json\/wp\/v2\/types\/post"}],"author":[{"embeddable":true,"href":"https:\/\/www.vorspeisenplatte.de\/speisen\/wp-json\/wp\/v2\/users\/2"}],"replies":[{"embeddable":true,"href":"https:\/\/www.vorspeisenplatte.de\/speisen\/wp-json\/wp\/v2\/comments?post=16572"}],"version-history":[{"count":13,"href":"https:\/\/www.vorspeisenplatte.de\/speisen\/wp-json\/wp\/v2\/posts\/16572\/revisions"}],"predecessor-version":[{"id":16621,"href":"https:\/\/www.vorspeisenplatte.de\/speisen\/wp-json\/wp\/v2\/posts\/16572\/revisions\/16621"}],"wp:attachment":[{"href":"https:\/\/www.vorspeisenplatte.de\/speisen\/wp-json\/wp\/v2\/media?parent=16572"}],"wp:term":[{"taxonomy":"category","embeddable":true,"href":"https:\/\/www.vorspeisenplatte.de\/speisen\/wp-json\/wp\/v2\/categories?post=16572"},{"taxonomy":"post_tag","embeddable":true,"href":"https:\/\/www.vorspeisenplatte.de\/speisen\/wp-json\/wp\/v2\/tags?post=16572"}],"curies":[{"name":"wp","href":"https:\/\/api.w.org\/{rel}","templated":true}]}}