{"id":16631,"date":"2013-04-27T12:05:06","date_gmt":"2013-04-27T10:05:06","guid":{"rendered":"https:\/\/www.vorspeisenplatte.de\/speisen\/?p=16631"},"modified":"2023-04-26T16:48:21","modified_gmt":"2023-04-26T14:48:21","slug":"auszeitjournal-freitag-26-april-2013-dasselbe-bei-schonem-wetter","status":"publish","type":"post","link":"https:\/\/www.vorspeisenplatte.de\/speisen\/2013\/04\/auszeitjournal-freitag-26-april-2013-dasselbe-bei-schonem-wetter.htm","title":{"rendered":"Auszeitjournal Freitag, 26. April 2013 &#8211; dasselbe bei sch\u00f6nem Wetter"},"content":{"rendered":"<p>Ich fr\u00fcchte (den Vertipper lasse ich, er ist ein Klassiker, au\u00dferdem finde ich es immer sch\u00f6n an Obst zu denken), interessanter wird es einfach nicht. Von der Sichtung eines Eichelh\u00e4hers vorm Balkon kann ich berichten, aber das findet au\u00dfer mir wahrscheinlich gerade noch der Mitbewohner aufregend.<\/p>\n<p><a href=\"https:\/\/www.vorspeisenplatte.de\/speisen\/archiv\/130426_Kleidung.jpg\"><img loading=\"lazy\" decoding=\"async\" src=\"https:\/\/www.vorspeisenplatte.de\/speisen\/archiv\/130426_Kleidung.jpg\" alt=\"130426_Kleidung\" width=\"223\" height=\"412\" class=\"alignnone size-full wp-image-16632\" \/><\/a><\/p>\n<p>Auch gestern gab es Sport, diesmal wieder im Wasser. Auf dem Weg ins Olympiabad bl\u00fchende B\u00e4ume etc., das Wetter ein absoluter Fr\u00fchlingstraum.<\/p>\n<p><a href=\"https:\/\/www.vorspeisenplatte.de\/speisen\/archiv\/130426_Agnesstrasse.jpg\"><img loading=\"lazy\" decoding=\"async\" src=\"https:\/\/www.vorspeisenplatte.de\/speisen\/archiv\/130426_Agnesstrasse.jpg\" alt=\"130426_Agnesstrasse\" width=\"482\" height=\"532\" class=\"alignnone size-full wp-image-16633\" \/><\/a><\/p>\n<p><a href=\"https:\/\/www.vorspeisenplatte.de\/speisen\/archiv\/130426_Olympiapark-1.jpg\"><img loading=\"lazy\" decoding=\"async\" src=\"https:\/\/www.vorspeisenplatte.de\/speisen\/archiv\/130426_Olympiapark-1.jpg\" alt=\"\" width=\"461\" height=\"515\" class=\"alignnone size-full wp-image-86714\" \/><\/a><\/p>\n<p>\u00a7<\/p>\n<p>Eingekauft, gegessen, W\u00e4sche aufgeh\u00e4ngt, nochmal zu Besorgungen los (meine \u00c4rztin hat Vitamin-D-Mangel diagnostiziert und ballert mich bis Juni damit zu), das erste Eis der Saison beim Eismeer geholt, Pistazie und Haselnuss-Karamell, das zu meinem gro\u00dfen Bedauern bei Weitem nicht so gut schmeckte, wie ich es von vergangenem Jahr in Erinnerung hatte.<\/p>\n<p><a href=\"http:\/\/www.kuechengoetter.de\/rezepte\/verschiedenes\/Rindergulasch-2318583.html\" target=\"_blank\" rel=\"noopener\">Gulasch<\/a> gekocht, auf dem Balkon Zeitungen gelesen, dabei einen Buntspecht beobachtet, der sich auf dem Balkonsims an den vom Meisenkn\u00f6del gefallenen K\u00f6rner g\u00fctlich tat. Sehen alle Buntspechte so breitbeinig unelegant aus, wenn sie sich auf Ebenen bewegen?<\/p>\n<p>Mit dem Mitbewohner Gulasch gegessen, im Fernsehen <i>Demolition Man<\/i> laufen lassen (wegen Hach-darin-habe-ich-Sandra-Bullock-kennengelernt), aber eigentlich Internet gelesen und Schnippsel aus der Ellen-Show geguckt.<\/p>\n","protected":false},"excerpt":{"rendered":"<p>Ich fr\u00fcchte (den Vertipper lasse ich, er ist ein Klassiker, au\u00dferdem finde ich es immer sch\u00f6n an Obst zu denken), interessanter wird es einfach nicht. Von der Sichtung eines Eichelh\u00e4hers vorm Balkon kann ich berichten, aber das findet au\u00dfer mir wahrscheinlich gerade noch der Mitbewohner aufregend. Auch gestern gab es Sport, diesmal wieder im Wasser. [&hellip;]<\/p>\n","protected":false},"author":2,"featured_media":0,"comment_status":"open","ping_status":"closed","sticky":false,"template":"","format":"standard","meta":{"footnotes":""},"categories":[2],"tags":[],"class_list":["post-16631","post","type-post","status-publish","format-standard","hentry","category-fotos"],"_links":{"self":[{"href":"https:\/\/www.vorspeisenplatte.de\/speisen\/wp-json\/wp\/v2\/posts\/16631","targetHints":{"allow":["GET"]}}],"collection":[{"href":"https:\/\/www.vorspeisenplatte.de\/speisen\/wp-json\/wp\/v2\/posts"}],"about":[{"href":"https:\/\/www.vorspeisenplatte.de\/speisen\/wp-json\/wp\/v2\/types\/post"}],"author":[{"embeddable":true,"href":"https:\/\/www.vorspeisenplatte.de\/speisen\/wp-json\/wp\/v2\/users\/2"}],"replies":[{"embeddable":true,"href":"https:\/\/www.vorspeisenplatte.de\/speisen\/wp-json\/wp\/v2\/comments?post=16631"}],"version-history":[{"count":3,"href":"https:\/\/www.vorspeisenplatte.de\/speisen\/wp-json\/wp\/v2\/posts\/16631\/revisions"}],"predecessor-version":[{"id":86715,"href":"https:\/\/www.vorspeisenplatte.de\/speisen\/wp-json\/wp\/v2\/posts\/16631\/revisions\/86715"}],"wp:attachment":[{"href":"https:\/\/www.vorspeisenplatte.de\/speisen\/wp-json\/wp\/v2\/media?parent=16631"}],"wp:term":[{"taxonomy":"category","embeddable":true,"href":"https:\/\/www.vorspeisenplatte.de\/speisen\/wp-json\/wp\/v2\/categories?post=16631"},{"taxonomy":"post_tag","embeddable":true,"href":"https:\/\/www.vorspeisenplatte.de\/speisen\/wp-json\/wp\/v2\/tags?post=16631"}],"curies":[{"name":"wp","href":"https:\/\/api.w.org\/{rel}","templated":true}]}}