{"id":175,"date":"2003-12-19T12:54:50","date_gmt":"2003-12-19T11:54:50","guid":{"rendered":"https:\/\/www.vorspeisenplatte.de\/speisen\/2003\/12\/sprachfaschismus.htm"},"modified":"-0001-11-30T00:00:00","modified_gmt":"-0001-11-29T22:00:00","slug":"sprachfaschismus","status":"publish","type":"post","link":"https:\/\/www.vorspeisenplatte.de\/speisen\/2003\/12\/sprachfaschismus.htm","title":{"rendered":"Sprachfaschismus"},"content":{"rendered":"<p>Mag von mir aus schon wieder eine Alterssache sein. Aber mittlerweile nerven mich Leute, die <a href=\"http:\/\/nureintest.antville.org\/stories\/624613\/\" target=_new>so diskutieren<\/a>, erheblich mehr als der Verursacher des ` in Uschi`s Frisiersalon. Ich halte sie n\u00e4mlich f\u00fcr korinthenkackende Sprachfaschisten. Korinthenkackend deshalb, weil sie denselben l\u00e4cherlichen Eifer an den Tag legen, mit dem ihre Kollegen darauf hinweisen, dass Schwarz keine Farbe sei. Sprachfaschisten, weil sie sich durch ihre Fertigkeiten im Umgang mit der Sprache f\u00fcr etwas Besseres halten.<\/p>\n<p>Sprache ist etwas Lebendiges, Sprache ver\u00e4ndert sich, Sprache ist nicht logisch. \u00dcber allen Rechtschreib- und Grammatikregeln steht das Postulat der Verst\u00e4ndigung zwischen Menschen.<\/p>\n<p>Es ist v\u00f6llig in Ordnung, wenn jemand auch bei Fremdw\u00f6rtern den Plural nach deutschen Regeln bildet, zum Teufel! Wer verlangt, dass der deutsche Durchschnittsb\u00fcrger (und den meinen wir Demokraten ja, GELL!) die lateinischen Deklinationsarten drauf hat, um die Mehrzahl von Status zu bilden, ist nicht ernst zu nehmen, halten zu Gnaden! Warum denn nicht Statusse? Oder Vitas? So, Visa ersetzt langsam Visum f\u00fcr den Singular? NA UND?!<\/p>\n<p>Gleichzeitig habe ich ein sehr gro\u00dfes Herz f\u00fcr verschwindende W\u00f6rter und Grammatikregeln. Ich kenne viele davon und verwende sie gerne, einfach um sie am Leben zu erhalten und um ein bisschen mit ihnen anzugeben. Mit gleich gesinnten Freunden habe ich mir schon wahre Schlachten in indirekter Rede geliefert, da hat\u2019s vor Potentialissen und Konjunktiven nur so gekracht! (Und wir fingen nicht mal mit \u201eHagenbuch hat jetzt zugegeben\u201c an.)<\/p>\n<p>Dass die korrekte Pluralbildung von Fremdw\u00f6rtern das armseligste (\u00e4rmstselige? da geht\u2019s schon los) Argument f\u00fcr das Lernen alter Sprachen ist, ereifere ich mich an sp\u00e4terer Stelle noch konkreter.<\/p>\n<p>Und sollte ich mal wieder Gift und Galle spucken, weil ich in einem Text \u201eCD\u2019s\u201c, \u201eProblematiken\u201c oder \u201egedownloaded\u201c redigieren muss, will ich das da oben alles nie behauptet haben.<\/p>\n<p>(Meine pers\u00f6nliche Korinthe: Es hei\u00dft \u201ewider besseres Wissen\u201c. Nicht anders. Ganz bestimmt.)<\/p>\n","protected":false},"excerpt":{"rendered":"<p>Mag von mir aus schon wieder eine Alterssache sein. Aber mittlerweile nerven mich Leute, die so diskutieren, erheblich mehr als der Verursacher des ` in Uschi`s Frisiersalon. Ich halte sie n\u00e4mlich f\u00fcr korinthenkackende Sprachfaschisten. Korinthenkackend deshalb, weil sie denselben l\u00e4cherlichen Eifer an den Tag legen, mit dem ihre Kollegen darauf hinweisen, dass Schwarz keine Farbe [&hellip;]<\/p>\n","protected":false},"author":2,"featured_media":0,"comment_status":"open","ping_status":"open","sticky":false,"template":"","format":"standard","meta":{"footnotes":""},"categories":[1],"tags":[],"class_list":["post-175","post","type-post","status-publish","format-standard","hentry","category-general"],"_links":{"self":[{"href":"https:\/\/www.vorspeisenplatte.de\/speisen\/wp-json\/wp\/v2\/posts\/175","targetHints":{"allow":["GET"]}}],"collection":[{"href":"https:\/\/www.vorspeisenplatte.de\/speisen\/wp-json\/wp\/v2\/posts"}],"about":[{"href":"https:\/\/www.vorspeisenplatte.de\/speisen\/wp-json\/wp\/v2\/types\/post"}],"author":[{"embeddable":true,"href":"https:\/\/www.vorspeisenplatte.de\/speisen\/wp-json\/wp\/v2\/users\/2"}],"replies":[{"embeddable":true,"href":"https:\/\/www.vorspeisenplatte.de\/speisen\/wp-json\/wp\/v2\/comments?post=175"}],"version-history":[{"count":0,"href":"https:\/\/www.vorspeisenplatte.de\/speisen\/wp-json\/wp\/v2\/posts\/175\/revisions"}],"wp:attachment":[{"href":"https:\/\/www.vorspeisenplatte.de\/speisen\/wp-json\/wp\/v2\/media?parent=175"}],"wp:term":[{"taxonomy":"category","embeddable":true,"href":"https:\/\/www.vorspeisenplatte.de\/speisen\/wp-json\/wp\/v2\/categories?post=175"},{"taxonomy":"post_tag","embeddable":true,"href":"https:\/\/www.vorspeisenplatte.de\/speisen\/wp-json\/wp\/v2\/tags?post=175"}],"curies":[{"name":"wp","href":"https:\/\/api.w.org\/{rel}","templated":true}]}}