{"id":17649,"date":"2013-08-17T10:00:11","date_gmt":"2013-08-17T08:00:11","guid":{"rendered":"https:\/\/www.vorspeisenplatte.de\/speisen\/?p=17649"},"modified":"2013-08-17T10:01:12","modified_gmt":"2013-08-17T08:01:12","slug":"journal-freitag-16-august-2013-schwer-alternd","status":"publish","type":"post","link":"https:\/\/www.vorspeisenplatte.de\/speisen\/2013\/08\/journal-freitag-16-august-2013-schwer-alternd.htm","title":{"rendered":"Journal Freitag, 16. August 2013 &#8211; schwer alternd"},"content":{"rendered":"<p>Vielleicht komme ich ja wieder in Schwung, wenn ich stupide Tagebuch blogge. Denn eigentlich bin ich innerlich in vegetativem Modus und bringe schlicht Leben hinter mich. Statistisch stehen mir noch 40 Jahre bevor; damit mich die Aussicht auf diese halbe Ewigkeit, die ich noch wegzuleben habe, nicht w\u00fcrgt, versuche ich mich auf m\u00f6glichst kurze Zukunftsabschnitte zu konzentrieren: Die n\u00e4chsten drei Tage, der n\u00e4chste Arbeitstag, das n\u00e4chste Wochenende. So m\u00fcsste das zu schaffen sein.<\/p>\n<p>(Vielleicht m\u00f6gen Sie nachlesen, wie ich den <a href=\"http:\/\/blog.zeit.de\/zeitmagazin\/2013\/08\/10\/proust-fragebogen-fur-blogger-71\/\" target=\"_blank\">&#8220;Proust-Fragebogen f\u00fcr Blogger&#8221; von Zeit online<\/a> beantwortet habe?)<\/p>\n<p>\u00a7<\/p>\n<p>Gestern stellte ich mir den Wecker wieder auf vor Sonnenaufgang, um nach einem Glas Wasser vor der Arbeit zum Laufen zu gehen. Meine jetzigen Arbeitszeiten von 9 bis 18 Uhr muss ich irgendwie in mein angeborenes Fr\u00fchaufsteherinnentum integrieren; jetzt, im Hochsommer, bietet sich ein N\u00fctzen der fr\u00fchen Morgenstunden f\u00fcr Sport an. In den vergangenen Wochen kam hinzu, dass die Hitze des Nachmittags und des Abends mir ohnehin die Lust auf Sport nach der Arbeit nahmen. Ich bin schon mal gespannt, wie das im Winter wird &#8211; vielleicht freue ich mich ja dann dar\u00fcber, dass ich nicht so fr\u00fch aus dem Haus muss.<\/p>\n<p>Mein gestriger Isarlauf &#8211; Wittelsbacher Br\u00fccke bis Hinterbr\u00fchler See und zur\u00fcck &#8211;  war ereignisarm und entspannend einsam. Die Tage werden bereits merklich k\u00fcrzer, und im D\u00e4mmerlicht vor sieben waren nicht mal Gassigeherinnen unterwegs. Auf dem Hinterbr\u00fchler See lagen ein paar hauchige Dunstschwaden, drumrum grasten Graug\u00e4nse.<\/p>\n<p>Duschen, anziehen, ins B\u00fcro radeln, unterwegs zum Fr\u00fchst\u00fcck ein Laugenz\u00f6pferl beim B\u00e4cker holen.<\/p>\n<p>\u00a7<\/p>\n<p>Den Agenturkeller habe ich mittlerweile aus- und aufger\u00e4umt, f\u00fcr den Endzustand fehlt nur noch die Sperrm\u00fcllabholung. Im B\u00fcro selbst sind Unterlagen aus zehn Jahren Agenturbestehen ausgemistet und sortiert, die Ordner mit einheitlichen Etiketten versehen. Am Wochenende kommen die Maler. Sonstiges Sekret\u00e4riges der letzten Wochen: Stellenanzeigen schreiben und platzieren, Urlaubsplan entwerfen, Unterkunft f\u00fcr Kollegin aus dem Ausland organisieren, die vor\u00fcbergehend hier arbeiten wird (ein paar Tage lang sollte ich auch <i>day care<\/i> f\u00fcr ihre 18-monatige Tochter auftun, nach dem initialen Lachanfall habe ich trotz Scheitern eine Menge gelernt), Ein- und Ausgangsrechnungen verwalten, IT-Hilfe anleiern, Reiseplanung f\u00fcr Veranstaltungen. PR-Dinge mache ich schon auch: Texten hier, Recherchieren dort, Verteiler aktualisieren, bei Brainstormings mitsenfen &#8211; Junior-Zuarbeit, die v\u00f6llig in Ordnung ist. Abends sp\u00fcle ich das Agenturgeschirr und singe die Seer\u00e4uber-Jenny in mich hinein. (Guter Anlass auf <a href=\"https:\/\/www.vorspeisenplatte.de\/speisen\/2007\/03\/die-seerauber-tanjaanja.htm#comment-44899\" target=\"_blank\">diese wundervolle PR-Tanjaanja-Version<\/a> in meinen Kommentaren zu verlinken.)<\/p>\n<p>Die B\u00fcror\u00e4ume sind schwer zu temperieren. Nachdem die Tage am Wochenanfang endlich k\u00fchl genug gewesen waren, um die Innentemperatur der Agentur deutlich unter die wochenlangen 30 Grad zu bringen (ich hatte beim Aufr\u00e4umen ein Thermometer gefunden), reichte die Sonne des gestrigen Nachmittags (keine Jalousien, keine Rolll\u00e4den) schon wieder f\u00fcr ordentliche Hitze.<\/p>\n<p>Abschlie\u00dfend machte ich die R\u00e4ume fertig f\u00fcr die Maler.<\/p>\n<p>\u00a7<\/p>\n<p>Beim Zur\u00fcckbl\u00e4ttern im eigenen Blog hatte ich mich an einen Wein erinnert, den ich <a href=\"http:\/\/www.ankegroener.de\/?p=16957\" target=\"_blank\">vor einem Jahr mit Anke Gr\u00f6ner<\/a> in der Terrine sehr genossen hatte: Sauvingon Blanc \u201eAnimale Celeste\u201c. Zu meiner freudigen \u00dcberraschung erfuhr ich, dass es den bei <a href=\"https:\/\/www.garibaldi.de\/\" target=\"_blank\">Garibaldi<\/a> gibt. In den vergangenen Wochen hatte ich im Bewusstsein meines deutlich geschrumpftes Einkommen Ausgaben gering gehalten, nun wollte ich mir etwas g\u00f6nnen. Also radelte ich nach Feierabend in die Maxvorstadt und holte in der frisch renovierten und jetzt sehr gro\u00dfz\u00fcgig gestalteten Filiale in der Schellingstra\u00dfe zwei Flaschen des aktuellen Jahrgangs. Beim Zahlen erz\u00e4hlte ich dem Angestellten, woher ich den Wein kannte. Er meinte, das werde er &#8220;dem Sebastian&#8221; erz\u00e4hlen, dem damaligen Koch im <a href=\"http:\/\/www.dinnerscout.de\/terrine-munchen-schliest-dinnerscout-sagt-auf-wiedersehen\/\" target=\"_blank\">mittlerweile vergangenen Restaurant Terrine<\/a>: Mit dem werde er n\u00e4mlich \u00fcbers Wochenende den Rheingau bereisen, und das werde ihn freuen.<\/p>\n<p>\u00a7<\/p>\n<p>Abends versuchte sich der Mitbewohner an \u00c7i\u011f K\u00f6fte. Vielleicht hatte er etwas zu viel Bulgur erwischt, neben sehr gutem Geschmack waren die Kl\u00f6\u00dfchen doch eher trocken. Aber h\u00fcbsch.<\/p>\n<p>\u00a7<\/p>\n<p>Beifang aus dem gestrigen Internet:<\/p>\n<p>Informationen durch Landkarten: <a href=\"http:\/\/twistedsifter.com\/2013\/08\/maps-that-will-help-you-make-sense-of-the-world\/\" target=\"_blank\">&#8220;Maps that will help you make sense of the world&#8221;.<\/a><\/p>\n<p>So sind wir Feministinnen halt: Kriegen immer noch nicht genug. Oder: &#8220;<a href=\"http:\/\/www.newstatesman.com\/culture\/2013\/08\/i-hate-strong-female-characters\" target=\"_blank\">I hate strong female characters<\/a>&#8220;. <img loading=\"lazy\" decoding=\"async\" src=\"https:\/\/ssl-vg03.met.vgwort.de\/na\/f902318c79b84faa9c1747fbce73b845\" width=\"1\" height=\"1\" alt=\"\"\/><\/p>\n","protected":false},"excerpt":{"rendered":"<p>Vielleicht komme ich ja wieder in Schwung, wenn ich stupide Tagebuch blogge. Denn eigentlich bin ich innerlich in vegetativem Modus und bringe schlicht Leben hinter mich. Statistisch stehen mir noch 40 Jahre bevor; damit mich die Aussicht auf diese halbe Ewigkeit, die ich noch wegzuleben habe, nicht w\u00fcrgt, versuche ich mich auf m\u00f6glichst kurze Zukunftsabschnitte [&hellip;]<\/p>\n","protected":false},"author":2,"featured_media":0,"comment_status":"open","ping_status":"closed","sticky":false,"template":"","format":"standard","meta":{"footnotes":""},"categories":[1],"tags":[],"class_list":["post-17649","post","type-post","status-publish","format-standard","hentry","category-general"],"_links":{"self":[{"href":"https:\/\/www.vorspeisenplatte.de\/speisen\/wp-json\/wp\/v2\/posts\/17649","targetHints":{"allow":["GET"]}}],"collection":[{"href":"https:\/\/www.vorspeisenplatte.de\/speisen\/wp-json\/wp\/v2\/posts"}],"about":[{"href":"https:\/\/www.vorspeisenplatte.de\/speisen\/wp-json\/wp\/v2\/types\/post"}],"author":[{"embeddable":true,"href":"https:\/\/www.vorspeisenplatte.de\/speisen\/wp-json\/wp\/v2\/users\/2"}],"replies":[{"embeddable":true,"href":"https:\/\/www.vorspeisenplatte.de\/speisen\/wp-json\/wp\/v2\/comments?post=17649"}],"version-history":[{"count":14,"href":"https:\/\/www.vorspeisenplatte.de\/speisen\/wp-json\/wp\/v2\/posts\/17649\/revisions"}],"predecessor-version":[{"id":17663,"href":"https:\/\/www.vorspeisenplatte.de\/speisen\/wp-json\/wp\/v2\/posts\/17649\/revisions\/17663"}],"wp:attachment":[{"href":"https:\/\/www.vorspeisenplatte.de\/speisen\/wp-json\/wp\/v2\/media?parent=17649"}],"wp:term":[{"taxonomy":"category","embeddable":true,"href":"https:\/\/www.vorspeisenplatte.de\/speisen\/wp-json\/wp\/v2\/categories?post=17649"},{"taxonomy":"post_tag","embeddable":true,"href":"https:\/\/www.vorspeisenplatte.de\/speisen\/wp-json\/wp\/v2\/tags?post=17649"}],"curies":[{"name":"wp","href":"https:\/\/api.w.org\/{rel}","templated":true}]}}