{"id":17721,"date":"2013-08-21T10:29:15","date_gmt":"2013-08-21T08:29:15","guid":{"rendered":"https:\/\/www.vorspeisenplatte.de\/speisen\/?p=17721"},"modified":"2013-08-22T06:15:36","modified_gmt":"2013-08-22T04:15:36","slug":"journal-dienstag-20-august-2013-lesezeichen-und-leserunde","status":"publish","type":"post","link":"https:\/\/www.vorspeisenplatte.de\/speisen\/2013\/08\/journal-dienstag-20-august-2013-lesezeichen-und-leserunde.htm","title":{"rendered":"Journal Dienstag, 20. August 2013 &#8211; Lesezeichen und Leserunde"},"content":{"rendered":"<p>Vor der Arbeit ein bisschen Crosstrainerstrampeln und eine Stunde Krafttraining mit Langhanteln in der Gruppe.<br \/>\nIch versuche ja weiterhin vom gelassenen Mitbewohner zu lernen, unter anderem von seinem Mantra, nichts Menschliches sei ihm fremd. Mir ist n\u00e4mlich eine ganze Menge Menschliches fremd, und es kostet mich viel Selbst\u00fcberzeugung, es dennoch zu akzeptieren. Zum Beispiel dass Menschen auf dem Weg zum Morgensport im 2. Obergescho\u00df den Aufzug nehmen statt Treppen zu steigen.<\/p>\n<p>\u00a7<\/p>\n<p>An meinem Arbeitsplatz erst mal erschrocken, weil auch dort mein Telefon nicht lag. Ich hatte mich am Vorabend bereits gewundert, dass ich es offensichtlich im B\u00fcro vergessen hatte: Zum Feierabend r\u00e4ume ich meinen Schreibtisch immer auf und h\u00e4tte es sehen m\u00fcssen. Die Praktikantin erinnerte mich an die M\u00f6glichkeit, mich selbst anzurufen, und tats\u00e4chlich h\u00f6rten wir leise meinen Klingelton (gl\u00fccklicher Zufall, dass ich das Klingeln ausnahmsweise nicht weggeschaltet hatte). Es brauchte allerdings drei Anrufe, bis wir das Telefon orteten: in einem versperrten Aktenschrank. Dort lag es in einem Ordner mit Kundenvertr\u00e4gen &#8211; wo ich es am Vortag als Einmerker verwendet hatte. Ahem.<\/p>\n<p>\u00a7<\/p>\n<p>Nach Feierabend noch ein wenig K\u00e4se und Salchich\u00f3n im neuen Biosupermarkt an der Sonnenstra\u00dfe eingekauft, das Wohnzimmer f\u00fcr den Abend vorbereitet: Meine kleine Leserunde traf sich bei uns. Wir hatten <a href=\"http:\/\/bethanrobertswriter.com\/books\/my-policeman\/\" target=\"_blank\"><i>My Policeman<\/i> von Bethan Roberts<\/a> gelesen (ins Deutsche \u00fcbersetzt von Astrid Gravert als <i>Der Liebhaber meines Mannes<\/i>). Alle hatten wir den Roman gerne gelesen, die meisten sogar sehr gespannt. Doch in der Mehrzahl fanden wir ihn ein wenig zu schlicht gestrickt. Individuelle Beobachtungen:<br \/>\n&#8211; Es ist gar nicht die Homosexualit\u00e4t Toms, die sich so verheerend auf das Leben der drei Menschen auswirkt. Die Verbindung basiert so oder so auf einem kleinb\u00fcrgerlichen Konstrukt von L\u00fcge und Verdr\u00e4ngung.<br \/>\n&#8211; Tom bleibt seltsam wenig fassbar als Person &#8211; was allerdings daran liegen mag, dass wir ihn nur aus der Perspektive von Marion und Patrick kennenlernen und er nie f\u00fcr sich selbst spricht.<br \/>\n&#8211; Die Liebesszenen zwischen Tom und Patrick sind sehr ber\u00fchrend erz\u00e4hlt.<br \/>\n&#8211; Patrick ist nicht wirklich sympathisch.<br \/>\n&#8211; Die Erz\u00e4hlung spannt einen Spannungsbogen (&#8220;Es wird sp\u00e4ter noch etwas ganz F\u00fcrchterliches passieren!&#8221;), dessen L\u00f6sung eher entt\u00e4uschend ist.<br \/>\n&#8211; Die heutige gesellschaftliche Haltung zu Homosexualit\u00e4t ist (zumindest in einer deutschen Gro\u00dfstadt) so anders, dass die damaligen Verh\u00e4ltnisse sich streckenweise wie schlecht erfunden lesen.<br \/>\n&#8211; Keine der drei Figuren hat im Grunde je aus den gesellschaftlichen Fesseln herausgefunden.<br \/>\n&#8211; Dass der Roman in Brighton spielt, ist leider nebens\u00e4chlich.<\/p>\n<p>Selbst kann ich die Lekt\u00fcre durchaus empfehlen, auch wenn sie mir etwas unpers\u00f6nlich aus Recherchematerial zusammengestellt erschien. (Eben entdecke ich, dass <a href=\"http:\/\/bethanrobertswriter.com\/books\/writing-my-policeman\/\" target=\"_blank\">Bethan Roberts \u00fcber die Entstehung selbst schreibt<\/a>: &#8220;There is something about doing research \u2013 particularly historical research involving real people \u2013 that frees you from the feeling of plucking your story out of the air.&#8221; Vielleicht hat sie das k\u00fcnstlerisch ein wenig bequem gemacht.)<\/p>\n<p>Nach der <a href=\"http:\/\/diekuechenschabe.blogspot.de\/2013\/07\/zwei-tomaten.html\" target=\"_blank\">Tomatentarte nach dem Rezept von K\u00fcchenschabe<\/a> hatte ich Wildblaubeeren (vom Viktualienmarkt) mit Sahne serviert. \u00c4hnlich wie Erbeeren liebe ich Blaubeeren so sehr, dass ich jede Verarbeitung durch Kochen oder Backen als Verschwendung empfinde. <img loading=\"lazy\" decoding=\"async\" src=\"https:\/\/ssl-vg03.met.vgwort.de\/na\/f6f658c16c994dc9acfc96dc03e98884\" width=\"1\" height=\"1\" alt=\"\"\/><\/p>\n","protected":false},"excerpt":{"rendered":"<p>Vor der Arbeit ein bisschen Crosstrainerstrampeln und eine Stunde Krafttraining mit Langhanteln in der Gruppe. Ich versuche ja weiterhin vom gelassenen Mitbewohner zu lernen, unter anderem von seinem Mantra, nichts Menschliches sei ihm fremd. Mir ist n\u00e4mlich eine ganze Menge Menschliches fremd, und es kostet mich viel Selbst\u00fcberzeugung, es dennoch zu akzeptieren. Zum Beispiel dass [&hellip;]<\/p>\n","protected":false},"author":2,"featured_media":0,"comment_status":"open","ping_status":"closed","sticky":false,"template":"","format":"standard","meta":{"footnotes":""},"categories":[3,1],"tags":[],"class_list":["post-17721","post","type-post","status-publish","format-standard","hentry","category-bucher","category-general"],"_links":{"self":[{"href":"https:\/\/www.vorspeisenplatte.de\/speisen\/wp-json\/wp\/v2\/posts\/17721","targetHints":{"allow":["GET"]}}],"collection":[{"href":"https:\/\/www.vorspeisenplatte.de\/speisen\/wp-json\/wp\/v2\/posts"}],"about":[{"href":"https:\/\/www.vorspeisenplatte.de\/speisen\/wp-json\/wp\/v2\/types\/post"}],"author":[{"embeddable":true,"href":"https:\/\/www.vorspeisenplatte.de\/speisen\/wp-json\/wp\/v2\/users\/2"}],"replies":[{"embeddable":true,"href":"https:\/\/www.vorspeisenplatte.de\/speisen\/wp-json\/wp\/v2\/comments?post=17721"}],"version-history":[{"count":10,"href":"https:\/\/www.vorspeisenplatte.de\/speisen\/wp-json\/wp\/v2\/posts\/17721\/revisions"}],"predecessor-version":[{"id":17748,"href":"https:\/\/www.vorspeisenplatte.de\/speisen\/wp-json\/wp\/v2\/posts\/17721\/revisions\/17748"}],"wp:attachment":[{"href":"https:\/\/www.vorspeisenplatte.de\/speisen\/wp-json\/wp\/v2\/media?parent=17721"}],"wp:term":[{"taxonomy":"category","embeddable":true,"href":"https:\/\/www.vorspeisenplatte.de\/speisen\/wp-json\/wp\/v2\/categories?post=17721"},{"taxonomy":"post_tag","embeddable":true,"href":"https:\/\/www.vorspeisenplatte.de\/speisen\/wp-json\/wp\/v2\/tags?post=17721"}],"curies":[{"name":"wp","href":"https:\/\/api.w.org\/{rel}","templated":true}]}}