{"id":18184,"date":"2013-09-13T07:59:40","date_gmt":"2013-09-13T05:59:40","guid":{"rendered":"https:\/\/www.vorspeisenplatte.de\/speisen\/?p=18184"},"modified":"2013-09-13T17:07:32","modified_gmt":"2013-09-13T15:07:32","slug":"journal-donnerstag-12-september-2013-ungebohrt","status":"publish","type":"post","link":"https:\/\/www.vorspeisenplatte.de\/speisen\/2013\/09\/journal-donnerstag-12-september-2013-ungebohrt.htm","title":{"rendered":"Journal Donnerstag, 12. September 2013 &#8211; ungebohrt"},"content":{"rendered":"<p>Eigentlich sollte hier der grausliche Bericht stehen, wie ich einmal einen Metallstift in den unteren Kieferknochen gebohrt bekam: Der 12. September h\u00e4ngt seit drei Monaten als Damoklesschwert \u00fcber meinem Befinden. In der Arbeit war alles darauf eingerichtet, dass ich anderthalb Tage weg sein w\u00fcrde (die \u00c4rztin hatte von einem OP-Termin am Freitag abgeraten; f\u00fcr den unwahrscheinlichen Fall von Komplikationen sollte ich am Tag nach der Operation die M\u00f6glichkeit haben, zu ihr zu kommen). Einkaufs- und Speisepl\u00e4ne waren f\u00fcr ein paar Tage auf Breif\u00f6rmiges oder zumindest Weiches ausgerichtet, schwellungsverhindernde K\u00fchlelemente k\u00fchlten im K\u00fchlschrank, eine halbe Staffel <i>The Good Wife<\/i> war ausgeliehen, um mich von m\u00f6glichen Schmerzen abzulenken.<\/p>\n<p>Doch die \u00c4rztin hatte den gestrigen Termin verbummelt.<\/p>\n<p>Nein, das habe ich noch nie geh\u00f6rt (aber vielleicht ging das bislang lediglich an mir vorbei wie die selbstzerst\u00f6renden Wanderschuhe). Doch beim Betreten der Praxis sah mich die nette Sprechstundenhilfe gleich besorgt an: &#8220;Oh, ist was passiert?&#8221; \u00d6hm, <i>noch<\/i> nicht? Schon da war mir klar, dass der Termin vergessen worden war, diese Angestellte kannte ich als immer sehr gut vorbereitet. Doch nun bl\u00e4tterte sie hektisch im gro\u00dfen Terminbuch &#8211; und fand nichts, keinen Eintrag, auch nicht an einem anderen Tag. Sie rannte der \u00c4rztin hinterher, die wohl gerade die Praxis verlassen wollte, weil sie ebenfalls von nichts wusste. Wir rekonstruierten, dass die Zahn\u00e4rztin den Termin vor drei Monaten nach unserem ausf\u00fchrlichen Gespr\u00e4ch an der leeren Praxistheke \u00fcber das F\u00fcr uns Wieder der Zeitplanung schlicht nicht ins Terminbuch geschrieben hatte, vor dem sie gestanden war. Sie war v\u00f6llig zerknirscht und entschuldigte sich immer wieder von Herzen. Bei mir \u00fcberwog das Am\u00fcsement \u00fcber die unerwartete Situation, gleichzeitig hatte das Ganze etwas von Scheinerschie\u00dfung: Ich hatte mich zwar vor den Schmerzen gef\u00fcrchtet, aber dann w\u00e4re es zumindest vorbei gewesen. (F\u00fcr diesen Vergleich muss man allerdings meine Haltung zum Lebenm\u00fcssen haben.)<\/p>\n<p>Der Versuch, den Termin gleich auf n\u00e4chste Woche zu verschieben, scheiterte bei meiner R\u00fcckkehr ins B\u00fcro: Da kann ich wegen Urlaubsausd\u00fcnnung und direkt anstehender Kundenveranstaltung ausgesprochen schlecht wegbleiben. Und durch weitere Umst\u00e4nde verschiebt sich die Operation so gleich um einen Monat. <\/p>\n<p>\u00a7<\/p>\n<p>Zu meinem Job muss ich mehr erkl\u00e4ren. Im Gegenzug daf\u00fcr, dass ich dort Sekret\u00e4rin und Nichtmanagen lernen kann, profitiert der Arbeitgeber von meinen bisherigen PR-Erfahrungen und -Kenntnissen: Ich texte, \u00fcbersetze, redigiere, lese Korrektur, helfe beim Finden von PR-Ideen, setze meine Interneterfahrung ein. Die Agentur ist zu klein, um eine Vollzeit-Sekret\u00e4rin auszulasten, au\u00dferdem ist mir durchaus wohler, wenn ich mein Gehalt durch weiterberechenbare Leistungen wenigstens zum Teil wieder einhole &#8211; bei mir l\u00e4uft als Ex-Kostenstellenverantwortlichen und Ex-Etatdirektorin st\u00e4ndig die Kostenstruktur der Agentur im Hinterkopf mit.<\/p>\n<p>\u00a7<\/p>\n<p>@ankegroener hat <a href=\"http:\/\/www.tangential.de\/personal\/munich#01.jpg\" target=\"_blank\">atemberaubende M\u00fcnchenbilder<\/a> gefunden (manchmal einen Tick zu quietschbunt &#8211; aber immer aus sensationellen Pespektiven) <img loading=\"lazy\" decoding=\"async\" src=\"https:\/\/ssl-vg03.met.vgwort.de\/na\/b3d36d1b1896443aa65906f0c6dc6613\" width=\"1\" height=\"1\" alt=\"\"\/><\/p>\n","protected":false},"excerpt":{"rendered":"<p>Eigentlich sollte hier der grausliche Bericht stehen, wie ich einmal einen Metallstift in den unteren Kieferknochen gebohrt bekam: Der 12. September h\u00e4ngt seit drei Monaten als Damoklesschwert \u00fcber meinem Befinden. In der Arbeit war alles darauf eingerichtet, dass ich anderthalb Tage weg sein w\u00fcrde (die \u00c4rztin hatte von einem OP-Termin am Freitag abgeraten; f\u00fcr den [&hellip;]<\/p>\n","protected":false},"author":2,"featured_media":0,"comment_status":"open","ping_status":"closed","sticky":false,"template":"","format":"standard","meta":{"footnotes":""},"categories":[1],"tags":[],"class_list":["post-18184","post","type-post","status-publish","format-standard","hentry","category-general"],"_links":{"self":[{"href":"https:\/\/www.vorspeisenplatte.de\/speisen\/wp-json\/wp\/v2\/posts\/18184","targetHints":{"allow":["GET"]}}],"collection":[{"href":"https:\/\/www.vorspeisenplatte.de\/speisen\/wp-json\/wp\/v2\/posts"}],"about":[{"href":"https:\/\/www.vorspeisenplatte.de\/speisen\/wp-json\/wp\/v2\/types\/post"}],"author":[{"embeddable":true,"href":"https:\/\/www.vorspeisenplatte.de\/speisen\/wp-json\/wp\/v2\/users\/2"}],"replies":[{"embeddable":true,"href":"https:\/\/www.vorspeisenplatte.de\/speisen\/wp-json\/wp\/v2\/comments?post=18184"}],"version-history":[{"count":6,"href":"https:\/\/www.vorspeisenplatte.de\/speisen\/wp-json\/wp\/v2\/posts\/18184\/revisions"}],"predecessor-version":[{"id":18195,"href":"https:\/\/www.vorspeisenplatte.de\/speisen\/wp-json\/wp\/v2\/posts\/18184\/revisions\/18195"}],"wp:attachment":[{"href":"https:\/\/www.vorspeisenplatte.de\/speisen\/wp-json\/wp\/v2\/media?parent=18184"}],"wp:term":[{"taxonomy":"category","embeddable":true,"href":"https:\/\/www.vorspeisenplatte.de\/speisen\/wp-json\/wp\/v2\/categories?post=18184"},{"taxonomy":"post_tag","embeddable":true,"href":"https:\/\/www.vorspeisenplatte.de\/speisen\/wp-json\/wp\/v2\/tags?post=18184"}],"curies":[{"name":"wp","href":"https:\/\/api.w.org\/{rel}","templated":true}]}}