{"id":1827,"date":"2007-02-18T17:18:41","date_gmt":"2007-02-18T16:18:41","guid":{"rendered":"https:\/\/www.vorspeisenplatte.de\/speisen\/2007\/02\/familienalbum-22-rettet-die-deutsche-hexe.htm"},"modified":"2007-02-18T17:18:41","modified_gmt":"2007-02-18T16:18:41","slug":"familienalbum-22-rettet-die-deutsche-hexe","status":"publish","type":"post","link":"https:\/\/www.vorspeisenplatte.de\/speisen\/2007\/02\/familienalbum-22-rettet-die-deutsche-hexe.htm","title":{"rendered":"Familienalbum \u2013 22: Rettet die deutsche Hexe"},"content":{"rendered":"<p><img decoding=\"async\" id=\"image1828\" src=\"https:\/\/www.vorspeisenplatte.de\/speisen\/archiv\/fasching_1977.jpg\" alt=\"fasching_1977.jpg\" \/><\/p>\n<p>Das hier sind mein kleiner Bruder und ich, startklar f\u00fcr den Kinderfasching 1977. Wir gingen beide in von Muttern geschneiderten Kost\u00fcmen als Hexen &#8211; so sahen die n\u00e4mlich bis vor einigen Jahren in unserem Kulturkreis aus. Unsere Hexen, das nur zur Erinnerung, waren gepr\u00e4gt von den M\u00e4rchen, wie sie die Grimms oder Herr Bechstein aufgeschreiben hatten: Alte, gebeugte b\u00f6se Frauen mit warzigen Hakennasen, zerrissenen und schmutzigen Kleidern, Kopftuch, die am Stock gingen, in einsamen H\u00fctten im Wald wohnten, einen Sack bei sich hatten, in den sie m\u00f6glicherweise kleine Kinder steckten. Nur so funktionierte ja Ottfried Preu\u00dflers wundervolle Geschichte <i>Die kleine Hexe<\/i>, in der eine ebensolche aus dem Hexen-Stereotyp ausbricht.<\/p>\n<p>Der weltweite Siegeszug der <i>Harry-Potter<\/i>-Romane (von denen ich auch literarisch sehr viel halte) hat nun diesen Hexenmythos mit einem ganz anderen \u00fcberlagert: Die Hexen, die sich im derzeitigen Fasching tummeln, sind englisch \/ amerikanisch. Sie tragen lange schwarze Gew\u00e4nder und hohe, spitze schwarze H\u00fcte mit breitem Rand, wohnen in Schl\u00f6ssern oder Burgen &#8211; ganz sicher niemand, vor dem sich Kinder f\u00fcrchten. Ob die n\u00e4chste Generation das M\u00e4rchen &#8220;H\u00e4nsel und Gretel&#8221; \u00fcberhaupt nachvollziehen kann?<\/p>\n<p>Mit Feen, sch\u00e4tze ich, passiert im Moment \u00c4hnliches: Aus unseren gro\u00dfen, sch\u00f6nen Feen mit schleierbesetzten Hauben, die sich mit segensreichen Zauberspr\u00fcchen (oder Fl\u00fcchen) \u00fcber Kinderwiegen beugen, werden gerade englische <i>fairies<\/i>, also libellengro\u00dfe, glitzernde Fl\u00fcgelwesen.<\/p>\n","protected":false},"excerpt":{"rendered":"<p>Das hier sind mein kleiner Bruder und ich, startklar f\u00fcr den Kinderfasching 1977. Wir gingen beide in von Muttern geschneiderten Kost\u00fcmen als Hexen &#8211; so sahen die n\u00e4mlich bis vor einigen Jahren in unserem Kulturkreis aus. Unsere Hexen, das nur zur Erinnerung, waren gepr\u00e4gt von den M\u00e4rchen, wie sie die Grimms oder Herr Bechstein aufgeschreiben [&hellip;]<\/p>\n","protected":false},"author":2,"featured_media":0,"comment_status":"open","ping_status":"closed","sticky":false,"template":"","format":"standard","meta":{"footnotes":""},"categories":[2,1],"tags":[],"class_list":["post-1827","post","type-post","status-publish","format-standard","hentry","category-fotos","category-general"],"_links":{"self":[{"href":"https:\/\/www.vorspeisenplatte.de\/speisen\/wp-json\/wp\/v2\/posts\/1827","targetHints":{"allow":["GET"]}}],"collection":[{"href":"https:\/\/www.vorspeisenplatte.de\/speisen\/wp-json\/wp\/v2\/posts"}],"about":[{"href":"https:\/\/www.vorspeisenplatte.de\/speisen\/wp-json\/wp\/v2\/types\/post"}],"author":[{"embeddable":true,"href":"https:\/\/www.vorspeisenplatte.de\/speisen\/wp-json\/wp\/v2\/users\/2"}],"replies":[{"embeddable":true,"href":"https:\/\/www.vorspeisenplatte.de\/speisen\/wp-json\/wp\/v2\/comments?post=1827"}],"version-history":[{"count":0,"href":"https:\/\/www.vorspeisenplatte.de\/speisen\/wp-json\/wp\/v2\/posts\/1827\/revisions"}],"wp:attachment":[{"href":"https:\/\/www.vorspeisenplatte.de\/speisen\/wp-json\/wp\/v2\/media?parent=1827"}],"wp:term":[{"taxonomy":"category","embeddable":true,"href":"https:\/\/www.vorspeisenplatte.de\/speisen\/wp-json\/wp\/v2\/categories?post=1827"},{"taxonomy":"post_tag","embeddable":true,"href":"https:\/\/www.vorspeisenplatte.de\/speisen\/wp-json\/wp\/v2\/tags?post=1827"}],"curies":[{"name":"wp","href":"https:\/\/api.w.org\/{rel}","templated":true}]}}