{"id":1878,"date":"2007-03-20T08:35:53","date_gmt":"2007-03-20T07:35:53","guid":{"rendered":"https:\/\/www.vorspeisenplatte.de\/speisen\/2007\/03\/kunst-in-munchen.htm"},"modified":"2007-03-20T13:33:02","modified_gmt":"2007-03-20T12:33:02","slug":"kunst-in-munchen","status":"publish","type":"post","link":"https:\/\/www.vorspeisenplatte.de\/speisen\/2007\/03\/kunst-in-munchen.htm","title":{"rendered":"Kunst in M\u00fcnchen"},"content":{"rendered":"<p><img src='https:\/\/www.vorspeisenplatte.de\/speisen\/archiv\/weisses_brauhaus.jpg' alt='weisses_brauhaus.jpg' \/><\/p>\n<p>Es gibt in der M\u00fcnchner Innenstadt durchaus Lokale, in denen man als Einheimische ein schlechtes Gewissen bekommt, weil man Touristen den Platz wegnimmt.<\/p>\n<p>Kunst hatte es davor gegeben: Ich hatte mir mit Kolleginnen die <a href=\"http:\/\/test6.contenttest.net\/hdk.de\/index.php?StoryID=2584&#038;PHPSESSID=9a55240e10e63aba06d3b6b9a7ab21b3\" target=_new>Ausstellung Andreas Gursky<\/a> angesehen und empfehle diese hiermit sehr. Die Bilder, die Sie hinter dem Link sehen, waren noch die am wenigsten interessanten, au\u00dferdem geh\u00f6ren die Originalma\u00dfe der Fotoabz\u00fcge untrennbar zu den Werken. Unter anderem, weil sich darin der Betrachter spiegelt und als zus\u00e4tzliche Ebene Teil des Fotos wird.<br \/>\n(Was als Geschichte von diesem Ausflug mit Kolleginnen \u00fcbrigbleiben wird, ist allerdings, dass ich eben die obigen Beobachtungen \u00e4u\u00dferte, als eine Ausstellungsbesucherin an mich herantrat und fragte: \u201eSind Sie die \u00f6ffentliche F\u00fchrung?\u201c)<\/p>\n","protected":false},"excerpt":{"rendered":"<p>Es gibt in der M\u00fcnchner Innenstadt durchaus Lokale, in denen man als Einheimische ein schlechtes Gewissen bekommt, weil man Touristen den Platz wegnimmt. Kunst hatte es davor gegeben: Ich hatte mir mit Kolleginnen die Ausstellung Andreas Gursky angesehen und empfehle diese hiermit sehr. Die Bilder, die Sie hinter dem Link sehen, waren noch die am [&hellip;]<\/p>\n","protected":false},"author":2,"featured_media":0,"comment_status":"open","ping_status":"closed","sticky":false,"template":"","format":"standard","meta":{"footnotes":""},"categories":[1],"tags":[],"class_list":["post-1878","post","type-post","status-publish","format-standard","hentry","category-general"],"_links":{"self":[{"href":"https:\/\/www.vorspeisenplatte.de\/speisen\/wp-json\/wp\/v2\/posts\/1878","targetHints":{"allow":["GET"]}}],"collection":[{"href":"https:\/\/www.vorspeisenplatte.de\/speisen\/wp-json\/wp\/v2\/posts"}],"about":[{"href":"https:\/\/www.vorspeisenplatte.de\/speisen\/wp-json\/wp\/v2\/types\/post"}],"author":[{"embeddable":true,"href":"https:\/\/www.vorspeisenplatte.de\/speisen\/wp-json\/wp\/v2\/users\/2"}],"replies":[{"embeddable":true,"href":"https:\/\/www.vorspeisenplatte.de\/speisen\/wp-json\/wp\/v2\/comments?post=1878"}],"version-history":[{"count":0,"href":"https:\/\/www.vorspeisenplatte.de\/speisen\/wp-json\/wp\/v2\/posts\/1878\/revisions"}],"wp:attachment":[{"href":"https:\/\/www.vorspeisenplatte.de\/speisen\/wp-json\/wp\/v2\/media?parent=1878"}],"wp:term":[{"taxonomy":"category","embeddable":true,"href":"https:\/\/www.vorspeisenplatte.de\/speisen\/wp-json\/wp\/v2\/categories?post=1878"},{"taxonomy":"post_tag","embeddable":true,"href":"https:\/\/www.vorspeisenplatte.de\/speisen\/wp-json\/wp\/v2\/tags?post=1878"}],"curies":[{"name":"wp","href":"https:\/\/api.w.org\/{rel}","templated":true}]}}