{"id":19117,"date":"2013-11-30T10:47:14","date_gmt":"2013-11-30T09:47:14","guid":{"rendered":"https:\/\/www.vorspeisenplatte.de\/speisen\/?p=19117"},"modified":"2013-11-30T16:01:38","modified_gmt":"2013-11-30T15:01:38","slug":"allie-brosh-hyperbole-and-a-half","status":"publish","type":"post","link":"https:\/\/www.vorspeisenplatte.de\/speisen\/2013\/11\/allie-brosh-hyperbole-and-a-half.htm","title":{"rendered":"Allie Brosh, <i>Hyperbole and a Half<\/i>"},"content":{"rendered":"<p><a href=\"https:\/\/www.vorspeisenplatte.de\/speisen\/archiv\/131130_Hyperbole.jpg\"><img loading=\"lazy\" decoding=\"async\" src=\"https:\/\/www.vorspeisenplatte.de\/speisen\/archiv\/131130_Hyperbole.jpg\" alt=\"131130_Hyperbole\" width=\"457\" height=\"365\" class=\"alignnone size-full wp-image-19136\" \/><\/a><\/p>\n<p>Als ich dieses Strichmenschlein zum ersten Mal sah &#8211; und es ist so anders, dass ich es nicht \u00fcbersehen konnte -, fand ich es doof und war abgesto\u00dfen: Dieses Gekrakel gruselte mich in seiner Unbeholfenheit und kompletten Unniedlichkeit (diese Glubschaugen, diese Insektenarme), und was sollte bitte das gelbe H\u00fctchen auf dem Kopf?<\/p>\n<p><a href=\"http:\/\/hyperboleandahalf.blogspot.de\/2010\/09\/party.html\"><img loading=\"lazy\" decoding=\"async\" src=\"https:\/\/www.vorspeisenplatte.de\/speisen\/archiv\/anesthesia30.png\" alt=\"anesthesia30\" width=\"320\" height=\"240\" class=\"alignnone size-full wp-image-19128\" \/><\/a><\/p>\n<p>Doch zum einen ist der Stil derart einpr\u00e4gsam, dass jedes Auftauchen auff\u00e4llt, zum anderen passte er erstaunlich gut zu hochemotionalen Situationen. Irgendwann begegnete mir die seltsame Figur fast w\u00f6chentlich irgendwo in Blogs oder auf Twitter &#8211; ohne dass ich wusste, wer sie erfunden hatte oder dass sie zu einem Blog geh\u00f6rte.<\/p>\n<p><a href=\"http:\/\/hyperboleandahalf.blogspot.de\/2010\/06\/this-is-why-ill-never-be-adult.html\"><img loading=\"lazy\" decoding=\"async\" src=\"https:\/\/www.vorspeisenplatte.de\/speisen\/archiv\/responsibility12alternate.png\" alt=\"responsibility12(alternate)\" width=\"400\" height=\"300\" class=\"alignnone size-full wp-image-19131\" \/><\/a><\/p>\n<p>Erst als ich auf die Geschichte <a href=\"http:\/\/hyperboleandahalf.blogspot.de\/2011\/10\/adventures-in-depression.html\" target=\"_blank\">&#8220;Adventures in Depression&#8221;<\/a> stie\u00df und damit auf das Blog von Allie Brosh, konnte ich langsam das seltsame gelbe H\u00fctchen einordnen: Die R\u00fcckansicht des Kopfes deutete darauf hin, dass das wohl ein stilisierter Pferdeschwanz ist. (Der Mitbewohner assoziiert mit der Figur etwas Fischiges, Kaulquappiges und sieht das gelbe Dreieck deshalb als Flosse.)<sup><a href=\"#footnote_1_19117\" id=\"identifier_1_19117\" class=\"footnote-link footnote-identifier-link\" title=\"Beim Nachlesen der FAQ auf Allies Blog stellte ich fest, dass wir beide Recht haben: &ldquo;What is that yellow thing on your head? &ndash; It&rsquo;s a ponytail. You may also think of it as a shark fin if you wish.&rdquo; In diesen FAQ findet Allie &uuml;brigens auch wirklich freundliche Worte f&uuml;r Menschen, die mit ihren Geschichten oder auch nur ihren Zeichnungen nichts anfangen k&ouml;nnen. Nur falls Sie dazu geh&ouml;ren.\">1<\/a><\/sup><\/p>\n<p>Allie Brosh hat einige ihrer Geschichten vor Kurzem als Buch ver\u00f6ffentlicht, und sie funktionieren in dieser Form ausgezeichnet. Die Krakelzeichnungen bleiben befremdlich, auch wenn schnell klar wird, dass nichts daran unbeholfen ist, sondern jedes Detail Wirkung hat. Die Bilder und ihre Zwischentexte m\u00fcssen genau so kombiniert sein, das eine ohne das andere ginge nicht. Vor allem aber liefern die gemalten und geschriebenen Geschichten von Allie Brosh ungew\u00f6hnlich luzide Perspektiven &#8211; ihrer eigenen Kindheit, des Verhaltens von Hunden, des Umgangs mit sich selbst. Die Kindheitsgeschichten verbinden die Sicht des seltsamen Kinds, das sie mal war, die Sicht der Erwachsenen, die sich \u00fcber das seltsame Kind am\u00fcsiert, und die der Erwachsenen, die das damalige Kind vor den Auswirkungen dieser Seltsamkeit sch\u00fctzen m\u00f6chte. \u00dcber ihre Hund erz\u00e4hlen die Geschichten \u00e4hnlich. Wenn das bizarr klingt, trifft es das Buch recht gut.<\/p>\n<p>Auf einer sehr pers\u00f6nlichen Ebene freute mich, dass ich mit meiner l\u00e4cherlichen dreifach verdrehten Selbstzerfleischung nicht allein bin. Und dass es eine K\u00fcnstlerin gibt, die daf\u00fcr eine Ausdrucksform gefunden hat, \u00fcber die ich auch noch gn\u00e4dig schmunzeln kann. Beispiel:<\/p>\n<p><a href=\"https:\/\/www.vorspeisenplatte.de\/speisen\/archiv\/allie_brosh2.jpg\"><img loading=\"lazy\" decoding=\"async\" src=\"https:\/\/www.vorspeisenplatte.de\/speisen\/archiv\/allie_brosh2.jpg\" alt=\"allie_brosh2\" width=\"451\" height=\"235\" class=\"alignnone size-full wp-image-19140\" \/><\/a><\/p>\n<p>Wenn Sie die Autorin selbst ein wenig kennenlernen m\u00f6chten: Die <i>New York Times<\/i> (OMG!) hat ein Portrait \u00fcber sie gemacht.<\/p>\n<p><object width=\"560\" height=\"315\"><param name=\"movie\" value=\"\/\/www.youtube.com\/v\/CtMh71KFmeo?hl=de_DE&amp;version=3&amp;rel=0\"\/><param name=\"allowFullScreen\" value=\"true\"\/><param name=\"allowscriptaccess\" value=\"always\"\/><embed src=\"\/\/www.youtube.com\/v\/CtMh71KFmeo?hl=de_DE&amp;version=3&amp;rel=0\" type=\"application\/x-shockwave-flash\" width=\"560\" height=\"315\" allowscriptaccess=\"always\" allowfullscreen=\"true\"\/><\/object> <img loading=\"lazy\" decoding=\"async\" src=\"https:\/\/ssl-vg03.met.vgwort.de\/na\/8f9b8e3519c94888875626068e7bb091\" width=\"1\" height=\"1\" alt=\"\"\/><\/p>\n<ol class=\"footnotes\"><li id=\"footnote_1_19117\" class=\"footnote\">Beim Nachlesen <a href=\"http:\/\/hyperboleandahalf.blogspot.de\/p\/faq_10.html\" target=\"_blank\">der FAQ auf Allies Blog<\/a> stellte ich fest, dass wir beide Recht haben: &#8220;What is that yellow thing on your head? &#8211; It&#8217;s a ponytail. You may also think of it as a shark fin if you wish.&#8221; In diesen FAQ findet Allie \u00fcbrigens auch wirklich freundliche Worte f\u00fcr Menschen, die mit ihren Geschichten oder auch nur ihren Zeichnungen nichts anfangen k\u00f6nnen. Nur falls Sie dazu geh\u00f6ren.<span class=\"footnote-back-link-wrapper\"> [<a href=\"#identifier_1_19117\" class=\"footnote-link footnote-back-link\">&#8617;<\/a>]<\/span><\/li><\/ol>","protected":false},"excerpt":{"rendered":"<p>Als ich dieses Strichmenschlein zum ersten Mal sah &#8211; und es ist so anders, dass ich es nicht \u00fcbersehen konnte -, fand ich es doof und war abgesto\u00dfen: Dieses Gekrakel gruselte mich in seiner Unbeholfenheit und kompletten Unniedlichkeit (diese Glubschaugen, diese Insektenarme), und was sollte bitte das gelbe H\u00fctchen auf dem Kopf? Doch zum einen [&hellip;]<\/p>\n","protected":false},"author":2,"featured_media":0,"comment_status":"open","ping_status":"closed","sticky":false,"template":"","format":"standard","meta":{"footnotes":""},"categories":[3,1],"tags":[],"class_list":["post-19117","post","type-post","status-publish","format-standard","hentry","category-bucher","category-general"],"_links":{"self":[{"href":"https:\/\/www.vorspeisenplatte.de\/speisen\/wp-json\/wp\/v2\/posts\/19117","targetHints":{"allow":["GET"]}}],"collection":[{"href":"https:\/\/www.vorspeisenplatte.de\/speisen\/wp-json\/wp\/v2\/posts"}],"about":[{"href":"https:\/\/www.vorspeisenplatte.de\/speisen\/wp-json\/wp\/v2\/types\/post"}],"author":[{"embeddable":true,"href":"https:\/\/www.vorspeisenplatte.de\/speisen\/wp-json\/wp\/v2\/users\/2"}],"replies":[{"embeddable":true,"href":"https:\/\/www.vorspeisenplatte.de\/speisen\/wp-json\/wp\/v2\/comments?post=19117"}],"version-history":[{"count":26,"href":"https:\/\/www.vorspeisenplatte.de\/speisen\/wp-json\/wp\/v2\/posts\/19117\/revisions"}],"predecessor-version":[{"id":19148,"href":"https:\/\/www.vorspeisenplatte.de\/speisen\/wp-json\/wp\/v2\/posts\/19117\/revisions\/19148"}],"wp:attachment":[{"href":"https:\/\/www.vorspeisenplatte.de\/speisen\/wp-json\/wp\/v2\/media?parent=19117"}],"wp:term":[{"taxonomy":"category","embeddable":true,"href":"https:\/\/www.vorspeisenplatte.de\/speisen\/wp-json\/wp\/v2\/categories?post=19117"},{"taxonomy":"post_tag","embeddable":true,"href":"https:\/\/www.vorspeisenplatte.de\/speisen\/wp-json\/wp\/v2\/tags?post=19117"}],"curies":[{"name":"wp","href":"https:\/\/api.w.org\/{rel}","templated":true}]}}