{"id":19237,"date":"2013-12-09T10:56:03","date_gmt":"2013-12-09T09:56:03","guid":{"rendered":"https:\/\/www.vorspeisenplatte.de\/speisen\/?p=19237"},"modified":"2013-12-09T10:56:03","modified_gmt":"2013-12-09T09:56:03","slug":"adventspaziergang-2013","status":"publish","type":"post","link":"https:\/\/www.vorspeisenplatte.de\/speisen\/2013\/12\/adventspaziergang-2013.htm","title":{"rendered":"Adventspaziergang 2013"},"content":{"rendered":"<p>Zu erz\u00e4hlen gibt es vom diesj\u00e4hrigen Adventspaziergang der Familie nicht viel, doch die Chronikfunktion des Blogs verpflichtet. Gestern gingen wir bei Plusgraden und in schneefreier Landschaft nicht weit aus meiner Geburtsstadt hinaus, den Donaudamm entlang. Grasende G\u00e4nse und einige Rehe gesehen.<\/p>\n<p>Vertraute Ansicht:<\/p>\n<p><a href=\"https:\/\/www.vorspeisenplatte.de\/speisen\/archiv\/131208_Adventspaziergang_1.jpg\"><img loading=\"lazy\" decoding=\"async\" src=\"https:\/\/www.vorspeisenplatte.de\/speisen\/archiv\/131208_Adventspaziergang_1.jpg\" alt=\"131208_Adventspaziergang_1\" width=\"457\" height=\"432\" class=\"alignnone size-full wp-image-19239\" \/><\/a><\/p>\n<p><a href=\"https:\/\/www.vorspeisenplatte.de\/speisen\/archiv\/131208_Adventspaziergang_2.jpg\"><img loading=\"lazy\" decoding=\"async\" src=\"https:\/\/www.vorspeisenplatte.de\/speisen\/archiv\/131208_Adventspaziergang_2.jpg\" alt=\"131208_Adventspaziergang_2\" width=\"514\" height=\"463\" class=\"alignnone size-full wp-image-19242\" \/><\/a><\/p>\n<p>Von den Nifften versuchte ich mich fernzuhalten, doch sie \u00fcberfielen mich mit Fragen, weil sie von ihren Eltern bei bestimmten Fachgebieten an mich verwiesen worden waren &#8211; anscheinend seit Wochen.<\/p>\n<p>Durchaus interessant fand ich den deutlichen Entwicklungssprung, den Neffe 1 mit seinen 12 Jahren in vergangenen sechs Monaten gemacht hatte, hinein in den Stimmbruch. Eher best\u00fcrzend die Nichte: Nachdem es vergangenes Jahr danach ausgesehen hatte, dass die Phase der Schleich Elfenwelt (NICHT googlen!) hinter ihr liegt, musste ich dieses Jahr bei der Weihnachtsgeschenkebesorgung nochmal in die glitzernden Abgr\u00fcnde dieses Universums hinabsteigen (sie glaubt zum Gl\u00fcck noch an das Christkind, und ich werde sp\u00e4ter vehement leugnen, je etwas mit diesen Geschenken zu tun gehabt zu haben). Andererseits stand alternativ auf ihrem Wunschzettel ein Puppenkopf mit umfangreicher Frisier- und Schminkausr\u00fcstung &#8211; dazu h\u00e4tte ich mich nicht mal anonym gezwungen.<\/p>\n<p>Zum Essen (Adventspaziergang hei\u00dft spazieren &#8211; mittagessen &#8211; spazieren) ging es nahe einem Wahrzeichen der Stadt, der Autobahn, ins <a href=\"http:\/\/wirtshaus-zum-pauli.de\/\" target=\"_blank\">Wirtshaus zum Pauli<\/a>, mit sehr aufmerksamem Service und einer \u00fcberraschend interessanten fleischlosen Abteilung auf der Speisenkarte.<\/p>\n<p>Den gleichen Weg zur\u00fcck, die Rehe sahen wir wieder (nicht im Bild).<\/p>\n<p><a href=\"https:\/\/www.vorspeisenplatte.de\/speisen\/archiv\/131208_Adventspaziergang_3.jpg\"><img loading=\"lazy\" decoding=\"async\" src=\"https:\/\/www.vorspeisenplatte.de\/speisen\/archiv\/131208_Adventspaziergang_3.jpg\" alt=\"131208_Adventspaziergang_3\" width=\"615\" height=\"429\" class=\"alignnone size-full wp-image-19245\" srcset=\"https:\/\/www.vorspeisenplatte.de\/speisen\/archiv\/131208_Adventspaziergang_3.jpg 615w, https:\/\/www.vorspeisenplatte.de\/speisen\/archiv\/131208_Adventspaziergang_3-600x418.jpg 600w\" sizes=\"auto, (max-width: 615px) 100vw, 615px\" \/><\/a><\/p>\n<p><a href=\"https:\/\/www.vorspeisenplatte.de\/speisen\/archiv\/131208_Adventspaziergang_4.jpg\"><img loading=\"lazy\" decoding=\"async\" src=\"https:\/\/www.vorspeisenplatte.de\/speisen\/archiv\/131208_Adventspaziergang_4.jpg\" alt=\"131208_Adventspaziergang_4\" width=\"512\" height=\"384\" class=\"alignnone size-full wp-image-19246\" \/><\/a><\/p>\n","protected":false},"excerpt":{"rendered":"<p>Zu erz\u00e4hlen gibt es vom diesj\u00e4hrigen Adventspaziergang der Familie nicht viel, doch die Chronikfunktion des Blogs verpflichtet. Gestern gingen wir bei Plusgraden und in schneefreier Landschaft nicht weit aus meiner Geburtsstadt hinaus, den Donaudamm entlang. Grasende G\u00e4nse und einige Rehe gesehen. Vertraute Ansicht: Von den Nifften versuchte ich mich fernzuhalten, doch sie \u00fcberfielen mich mit [&hellip;]<\/p>\n","protected":false},"author":2,"featured_media":0,"comment_status":"open","ping_status":"closed","sticky":false,"template":"","format":"standard","meta":{"footnotes":""},"categories":[2,1],"tags":[],"class_list":["post-19237","post","type-post","status-publish","format-standard","hentry","category-fotos","category-general"],"_links":{"self":[{"href":"https:\/\/www.vorspeisenplatte.de\/speisen\/wp-json\/wp\/v2\/posts\/19237","targetHints":{"allow":["GET"]}}],"collection":[{"href":"https:\/\/www.vorspeisenplatte.de\/speisen\/wp-json\/wp\/v2\/posts"}],"about":[{"href":"https:\/\/www.vorspeisenplatte.de\/speisen\/wp-json\/wp\/v2\/types\/post"}],"author":[{"embeddable":true,"href":"https:\/\/www.vorspeisenplatte.de\/speisen\/wp-json\/wp\/v2\/users\/2"}],"replies":[{"embeddable":true,"href":"https:\/\/www.vorspeisenplatte.de\/speisen\/wp-json\/wp\/v2\/comments?post=19237"}],"version-history":[{"count":13,"href":"https:\/\/www.vorspeisenplatte.de\/speisen\/wp-json\/wp\/v2\/posts\/19237\/revisions"}],"predecessor-version":[{"id":19254,"href":"https:\/\/www.vorspeisenplatte.de\/speisen\/wp-json\/wp\/v2\/posts\/19237\/revisions\/19254"}],"wp:attachment":[{"href":"https:\/\/www.vorspeisenplatte.de\/speisen\/wp-json\/wp\/v2\/media?parent=19237"}],"wp:term":[{"taxonomy":"category","embeddable":true,"href":"https:\/\/www.vorspeisenplatte.de\/speisen\/wp-json\/wp\/v2\/categories?post=19237"},{"taxonomy":"post_tag","embeddable":true,"href":"https:\/\/www.vorspeisenplatte.de\/speisen\/wp-json\/wp\/v2\/tags?post=19237"}],"curies":[{"name":"wp","href":"https:\/\/api.w.org\/{rel}","templated":true}]}}