{"id":19760,"date":"2014-01-29T06:45:41","date_gmt":"2014-01-29T05:45:41","guid":{"rendered":"https:\/\/www.vorspeisenplatte.de\/speisen\/?p=19760"},"modified":"2023-06-02T12:14:25","modified_gmt":"2023-06-02T10:14:25","slug":"journal-dienstag-28-januar-2014-papas-arbeitskittel","status":"publish","type":"post","link":"https:\/\/www.vorspeisenplatte.de\/speisen\/2014\/01\/journal-dienstag-28-januar-2014-papas-arbeitskittel.htm","title":{"rendered":"Journal Dienstag, 28. Januar 2014 &#8211; <br>Papas Arbeitskittel"},"content":{"rendered":"<p>Vor dem fr\u00fchen Wecker aufgewacht. Bevor ich mir dar\u00fcber klarwerden konnte, ob ich wirklich Lust dazu habe, zum organisierten Krafttraining mit Langhanteln gegangen. Auf dem Hinweg \u00fcberdurchschnittliche Dumpfheit im Hirn sowie Verpeilung wahrgenommen (ich bin ja eigentlich morgens so frisch, dass Morgenmuffel sich vor mir ekeln), mich vorsichtshalber bei den \u00dcbungen sehr konzentriert. Davor eine Viertelstunde an der Rudermaschine zum Aufw\u00e4rmen und weil ich ohne regelm\u00e4\u00dfiges Schwimmen dazu neige, das Oberk\u00f6rpertraining zu vernachl\u00e4ssigen.<\/p>\n<p>\u00a7<\/p>\n<p>Die Eingangsbest\u00e4tigung meiner <a href=\"http:\/\/www.muenchen.de\/rathaus\/Stadtverwaltung\/Kreisverwaltungsreferat\/Wahlen-und-Abstimmungen\/Wahlhelfer.html\" target=\"_blank\" rel=\"noopener\">Online-Meldung als Wahlhelferin<\/a> f\u00fcr die Europawahl erhalten. Wahlhelfen wollte ich schon lange mal, aus Neugier und Abenteuerlust. Dass ich mich jetzt endlich aufraffte, lag zum einen an den Erz\u00e4hlungen einer Kollegin, die das bei der j\u00fcngsten Landtagswahl getan hatte (klang interessant und lustig), zum anderen an der Plakatkampagne, mit der M\u00fcnchen in letzter Zeit nach Wahlhelferinnen sucht. Jetzt bin ich sehr gespannt.<\/p>\n<p>\u00a7<\/p>\n<p>Im B\u00fcro weiter Journalisteninfos zusammengestellt, nachtr\u00e4glich Berichterstattung (unter uns PR-Schicksen Clippings\/Coverage) \u00fcber ein Ereignis im Februar 2013 aus dem Medienbeobachtungsmaschinchen gefieselt, vieleviele Dateien archiviert, am Schrank weitergebaut &#8211; genauer: -gemalt (fragen Sie nicht). Bei Laune hielt mich der Umstand, dass ich dabei den alten Arbeitskittel meines Vaters trug.<\/p>\n<p><a href=\"https:\/\/www.vorspeisenplatte.de\/speisen\/archiv\/140128_Kittel_1-1.jpg\"><img loading=\"lazy\" decoding=\"async\" src=\"https:\/\/www.vorspeisenplatte.de\/speisen\/archiv\/140128_Kittel_1-1.jpg\" alt=\"\" width=\"253\" height=\"463\" class=\"alignnone size-full wp-image-87848\" \/><\/a><\/p>\n<p>Aufgen\u00e4ht ist &#8220;Gruppenmeister Gutierrez&#8221;, und man sieht, dass mein Vater vor 25 Jahren und ich heute etwa dieselbe Schulterbreite haben.<\/p>\n<p>\u00a7<\/p>\n<p>Wieder keine Mittagspause, statt dessen am fr\u00fchen Nachmittag mein Fr\u00fchst\u00fccksm\u00fcsli mit Joghurt \u00fcber der Tastatur gel\u00f6ffelt.<\/p>\n<p>\u00a7<\/p>\n<p>Zum Nachtmahl hatte der Mitbewohner f\u00fcr uns eine japanische Misosuppe angelehnt an ein Wagamamarezept zubereitet, mit viel Gem\u00fcse, Udonnudeln und gebratenem H\u00e4hnchenfleisch.<\/p>\n<p>\u00a7<\/p>\n<p>Beim Lesen im Bett festgestellt, dass in meiner (in einem Brightoner Antiquariat erworbenen) Burney-Biografie 16 Seiten fehlen. Dann wei\u00df ich halt nicht, wie die letzten der f\u00fcnf Jahre verliefen, die Fanny als <i>Second Keeper of the Robes<\/i> von Queen Charlotte erlitt.<\/p>\n","protected":false},"excerpt":{"rendered":"<p>Vor dem fr\u00fchen Wecker aufgewacht. Bevor ich mir dar\u00fcber klarwerden konnte, ob ich wirklich Lust dazu habe, zum organisierten Krafttraining mit Langhanteln gegangen. Auf dem Hinweg \u00fcberdurchschnittliche Dumpfheit im Hirn sowie Verpeilung wahrgenommen (ich bin ja eigentlich morgens so frisch, dass Morgenmuffel sich vor mir ekeln), mich vorsichtshalber bei den \u00dcbungen sehr konzentriert. Davor eine [&hellip;]<\/p>\n","protected":false},"author":2,"featured_media":0,"comment_status":"open","ping_status":"closed","sticky":false,"template":"","format":"standard","meta":{"footnotes":""},"categories":[1],"tags":[],"class_list":["post-19760","post","type-post","status-publish","format-standard","hentry","category-general"],"_links":{"self":[{"href":"https:\/\/www.vorspeisenplatte.de\/speisen\/wp-json\/wp\/v2\/posts\/19760","targetHints":{"allow":["GET"]}}],"collection":[{"href":"https:\/\/www.vorspeisenplatte.de\/speisen\/wp-json\/wp\/v2\/posts"}],"about":[{"href":"https:\/\/www.vorspeisenplatte.de\/speisen\/wp-json\/wp\/v2\/types\/post"}],"author":[{"embeddable":true,"href":"https:\/\/www.vorspeisenplatte.de\/speisen\/wp-json\/wp\/v2\/users\/2"}],"replies":[{"embeddable":true,"href":"https:\/\/www.vorspeisenplatte.de\/speisen\/wp-json\/wp\/v2\/comments?post=19760"}],"version-history":[{"count":4,"href":"https:\/\/www.vorspeisenplatte.de\/speisen\/wp-json\/wp\/v2\/posts\/19760\/revisions"}],"predecessor-version":[{"id":87849,"href":"https:\/\/www.vorspeisenplatte.de\/speisen\/wp-json\/wp\/v2\/posts\/19760\/revisions\/87849"}],"wp:attachment":[{"href":"https:\/\/www.vorspeisenplatte.de\/speisen\/wp-json\/wp\/v2\/media?parent=19760"}],"wp:term":[{"taxonomy":"category","embeddable":true,"href":"https:\/\/www.vorspeisenplatte.de\/speisen\/wp-json\/wp\/v2\/categories?post=19760"},{"taxonomy":"post_tag","embeddable":true,"href":"https:\/\/www.vorspeisenplatte.de\/speisen\/wp-json\/wp\/v2\/tags?post=19760"}],"curies":[{"name":"wp","href":"https:\/\/api.w.org\/{rel}","templated":true}]}}