{"id":20228,"date":"2014-02-25T08:08:30","date_gmt":"2014-02-25T07:08:30","guid":{"rendered":"https:\/\/www.vorspeisenplatte.de\/speisen\/?p=20228"},"modified":"2014-02-25T08:08:30","modified_gmt":"2014-02-25T07:08:30","slug":"journal-montag-24-februar-2014-abschied-vom-japanischen-suppenort","status":"publish","type":"post","link":"https:\/\/www.vorspeisenplatte.de\/speisen\/2014\/02\/journal-montag-24-februar-2014-abschied-vom-japanischen-suppenort.htm","title":{"rendered":"Journal Montag, 24. Februar 2014 &#8211; Abschied vom japanischen Suppenort"},"content":{"rendered":"<p>Das morgendliche Crosstrainerstrampeln war z\u00e4h &#8211; um f\u00fcnf aufzuwachen mag doch ein bissl fr\u00fch gewesen sein.<\/p>\n<p>\u00a7<\/p>\n<p>Sonnenschein weiterhin strahlend, wenn auch in k\u00fchler Luft.<\/p>\n<p>Mittags Treffen mit Exkollegin auf eine Suppe im <a href=\"http:\/\/www.shoya-group.de\/hofbrauhaus\/\" target=\"_blank\">Shoya<\/a> &#8211; und dabei gelernt, dass der Ort, <a href=\"https:\/\/www.vorspeisenplatte.de\/speisen\/2005\/09\/der-japanerjapaner.htm\" target=\"_blank\">der mich einst das japanische Suppenessen im M\u00fcnchen lehrte<\/a>, kein Suppenort mehr ist. Es gibt nur noch ein Ramen in drei schwer zu unterscheidenden Varianten. Und wo esse ich jetzt japanische Suppen in M\u00fcnchen?<\/p>\n<p>\u00a7<\/p>\n<p>Nun widerfuhr es ausgerechnet mir, dass ich f\u00fcr einen Kunden 30 Oktoberfestpl\u00e4tze reservieren sollte. So wie es vergangenes Jahr ausgerechnet mir widerfuhr, dass ich f\u00fcr eine US-amerikanische Kollegin nach einem Krippenplatz in M\u00fcnchen f\u00fcr zwei Monate recherchieren sollte. Aber auch das nahm ich sportlich und wei\u00df jetzt, wie das Reservierungsprozedere des vermaledeiten Oktifests abl\u00e4uft. Allgemeinbildung.<br \/>\nN\u00e4chste Aufgabe: In Hannover eine CeBIT-Unterkunft f\u00fcr eine Kollegin suchen. Zwei Wochen vor der CeBIT. (Einspieler hysterisches Gel\u00e4chter.)<\/p>\n<p>\u00a7<\/p>\n<p>Mein Smartphone ist wirklich kaputt &#8211; der Akku l\u00e4sst sich nach dem Auf- und Wiederzuschrauben nicht mehr aufladen. Also wollte ich nach der Arbeit im Telekomladen ein neues kaufen, hatte mich auch nach Onlinerecherche schon f\u00fcr ein Modell entschieden. Nur dass der Telekomladen bereits um 18 Uhr geschlossen hatte. Fast w\u00e4re ich nostalisch geworden: Ladenschluss um sechs &#8211; wie in meiner Jugend!<\/p>\n","protected":false},"excerpt":{"rendered":"<p>Das morgendliche Crosstrainerstrampeln war z\u00e4h &#8211; um f\u00fcnf aufzuwachen mag doch ein bissl fr\u00fch gewesen sein. \u00a7 Sonnenschein weiterhin strahlend, wenn auch in k\u00fchler Luft. Mittags Treffen mit Exkollegin auf eine Suppe im Shoya &#8211; und dabei gelernt, dass der Ort, der mich einst das japanische Suppenessen im M\u00fcnchen lehrte, kein Suppenort mehr ist. Es [&hellip;]<\/p>\n","protected":false},"author":2,"featured_media":0,"comment_status":"open","ping_status":"closed","sticky":false,"template":"","format":"standard","meta":{"footnotes":""},"categories":[6,1],"tags":[],"class_list":["post-20228","post","type-post","status-publish","format-standard","hentry","category-essen","category-general"],"_links":{"self":[{"href":"https:\/\/www.vorspeisenplatte.de\/speisen\/wp-json\/wp\/v2\/posts\/20228","targetHints":{"allow":["GET"]}}],"collection":[{"href":"https:\/\/www.vorspeisenplatte.de\/speisen\/wp-json\/wp\/v2\/posts"}],"about":[{"href":"https:\/\/www.vorspeisenplatte.de\/speisen\/wp-json\/wp\/v2\/types\/post"}],"author":[{"embeddable":true,"href":"https:\/\/www.vorspeisenplatte.de\/speisen\/wp-json\/wp\/v2\/users\/2"}],"replies":[{"embeddable":true,"href":"https:\/\/www.vorspeisenplatte.de\/speisen\/wp-json\/wp\/v2\/comments?post=20228"}],"version-history":[{"count":6,"href":"https:\/\/www.vorspeisenplatte.de\/speisen\/wp-json\/wp\/v2\/posts\/20228\/revisions"}],"predecessor-version":[{"id":20234,"href":"https:\/\/www.vorspeisenplatte.de\/speisen\/wp-json\/wp\/v2\/posts\/20228\/revisions\/20234"}],"wp:attachment":[{"href":"https:\/\/www.vorspeisenplatte.de\/speisen\/wp-json\/wp\/v2\/media?parent=20228"}],"wp:term":[{"taxonomy":"category","embeddable":true,"href":"https:\/\/www.vorspeisenplatte.de\/speisen\/wp-json\/wp\/v2\/categories?post=20228"},{"taxonomy":"post_tag","embeddable":true,"href":"https:\/\/www.vorspeisenplatte.de\/speisen\/wp-json\/wp\/v2\/tags?post=20228"}],"curies":[{"name":"wp","href":"https:\/\/api.w.org\/{rel}","templated":true}]}}